{"id":1077,"date":"2015-10-10T19:27:38","date_gmt":"2015-10-10T16:27:38","guid":{"rendered":"http:\/\/emep.org\/?p=1077"},"modified":"2015-10-10T19:27:38","modified_gmt":"2015-10-10T16:27:38","slug":"la-matanza-en-la-manifestacion-de-ankara","status":"publish","type":"post","link":"https:\/\/emep.org\/es\/la-matanza-en-la-manifestacion-de-ankara","title":{"rendered":"Atentado con bomba en el mitin por la paz"},"content":{"rendered":"<style type=\"text\/css\" data-type=\"vc_cmsms_shortcodes-custom-css\"><\/style><p>Una manifestaci\u00f3n organizada por la paz en Ankara por los cuatro sindicatos mayoritarios, ha sido hoy atacada en dos atentados con bomba. Las dos bombas han explotado entre la gente de la manifestaci\u00f3n que converg\u00eda hacia la plaza cerca de la estaci\u00f3n de ferrocarril de Ankara, a las 10 de esta ma\u00f1ana.<br \/>\nSeg\u00fan los datos difundidos por el gobierno, el balance es de 86 muertos y 186 heridos.<br \/>\nDoce camaradas de nuestro Partido entre ellos un miembro del Comit\u00e9 Central han muerto y unos treinta camaradas m\u00e1s han resultados heridos.<br \/>\nEn las elecciones del pasado 7 de junio, el partido del gobierno AKP perdi\u00f3 una parte de sus votos y no obtuvo los diputados para formar un gobierno mayoritario. AKP rechaz\u00f3 formar coalici\u00f3n con otros partidos e impidi\u00f3 los intentos de formar un gobierno convocando otras elecciones para el 1 de noviembre.<br \/>\nPor otra parte, al poner fin a las negociaciones quinquenales con la fuerza pol\u00edtica kurda, el AKP empez\u00f3 a aterrorizar la regi\u00f3n Kurda con fuerzas militares y polic\u00edacas.<br \/>\nA causa de la pol\u00edtica de terror del AKP m\u00e1s de mil soldados, polic\u00edas, guerrilleros y civiles (entre ellos mujeres, ancianos y ni\u00f1os) han resultado muertos en los \u00faltimos meses. Mediante su campa\u00f1a de terror en la regi\u00f3n Kurda. El AKP trata de llevar al bloque HDP (que obtuvo el 13% de votos y 80 diputados en las \u00faltimas elecciones) bajo el umbral del 10% para volver a ser el partido mayoritario del Gobierno de Turqu\u00eda.<br \/>\nRecientemente, las fuerzas que se oponen a la pol\u00edtica terrorista del AKP y reivindican una soluci\u00f3n pac\u00edfica al la cuesti\u00f3n kurda, tratan de hacerse o\u00edr mediante su actividad y manifestaciones.<br \/>\nLa manifestaci\u00f3n de hoy ha sido organizada por el DISK (Confederaci\u00f3n de los sindicatos de los trabajadores Revolucionarios), el KESK (Confederaci\u00f3n de sindicatos de trabajadores p\u00fablicos), el TMMOB (Camara de Arquitectos y Ingenieros) y TTB (Camara de Medicos)<br \/>\nCondenamos en\u00e9rgicamente este ataque y exigimos que este ataque no quede sin resolver.<\/p>\n<p><strong>Partido del Trabajo (EMEP) de Turqu\u00eda<\/strong><\/p>\n","protected":false},"excerpt":{"rendered":"<p>Una manifestaci\u00f3n organizada por la paz en Ankara por los cuatro sindicatos mayoritarios, ha sido hoy atacada en dos atentados con bomba. Las dos bombas han explotado entre la gente de la manifestaci\u00f3n que converg\u00eda hacia la plaza cerca de la estaci\u00f3n de ferrocarril de Ankara, a las 10 de esta ma\u00f1ana. Seg\u00fan los datos&#8230;<\/p>\n","protected":false},"author":1,"featured_media":1078,"comment_status":"closed","ping_status":"open","sticky":false,"template":"","format":"standard","meta":{"footnotes":""},"categories":[33],"tags":[],"class_list":["post-1077","post","type-post","status-publish","format-standard","has-post-thumbnail","hentry","category-espanol"],"yoast_head":"<!-- This site is optimized with the Yoast SEO plugin v27.2 - https:\/\/yoast.com\/product\/yoast-seo-wordpress\/ -->\n<title>Atentado con bomba en el mitin por la paz - Partido del Trabajo (EMEP)<\/title>\n<meta name=\"robots\" content=\"index, follow, max-snippet:-1, max-image-preview:large, max-video-preview:-1\" \/>\n<link rel=\"canonical\" href=\"https:\/\/emep.org\/es\/la-matanza-en-la-manifestacion-de-ankara\" \/>\n<meta property=\"og:locale\" content=\"tr_TR\" \/>\n<meta property=\"og:type\" content=\"article\" \/>\n<meta property=\"og:title\" content=\"Atentado con bomba en el mitin por la paz - Partido del Trabajo (EMEP)\" \/>\n<meta property=\"og:description\" content=\"Una manifestaci\u00f3n organizada por la paz en Ankara por los cuatro sindicatos mayoritarios, ha sido hoy atacada en dos atentados con bomba. Las dos bombas han explotado entre la gente de la manifestaci\u00f3n que converg\u00eda hacia la plaza cerca de la estaci\u00f3n de ferrocarril de Ankara, a las 10 de esta ma\u00f1ana. Seg\u00fan los datos...\" \/>\n<meta property=\"og:url\" content=\"https:\/\/emep.org\/es\/la-matanza-en-la-manifestacion-de-ankara\" \/>\n<meta property=\"og:site_name\" content=\"Partido del Trabajo (EMEP)\" \/>\n<meta property=\"article:published_time\" content=\"2015-10-10T16:27:38+00:00\" \/>\n<meta property=\"og:image\" content=\"https:\/\/emep.org\/es\/wp-content\/uploads\/2015\/10\/bomb1.jpg\" \/>\n\t<meta property=\"og:image:width\" content=\"745\" \/>\n\t<meta property=\"og:image:height\" content=\"497\" \/>\n\t<meta property=\"og:image:type\" content=\"image\/jpeg\" \/>\n<meta name=\"author\" content=\"cogbs\" \/>\n<meta name=\"twitter:card\" content=\"summary_large_image\" \/>\n<meta name=\"twitter:label1\" content=\"Yazan:\" \/>\n\t<meta name=\"twitter:data1\" content=\"cogbs\" \/>\n\t<meta name=\"twitter:label2\" content=\"Tahmini okuma s\u00fcresi\" \/>\n\t<meta name=\"twitter:data2\" content=\"2 dakika\" \/>\n<script type=\"application\/ld+json\" class=\"yoast-schema-graph\">{\"@context\":\"https:\/\/schema.org\",\"@graph\":[{\"@type\":\"Article\",\"@id\":\"https:\/\/emep.org\/es\/la-matanza-en-la-manifestacion-de-ankara#article\",\"isPartOf\":{\"@id\":\"https:\/\/emep.org\/es\/la-matanza-en-la-manifestacion-de-ankara\"},\"author\":{\"name\":\"cogbs\",\"@id\":\"https:\/\/emep.org\/es\/#\/schema\/person\/2de7e62bd3cb0bafdbe6b129009be3d0\"},\"headline\":\"Atentado con bomba en el mitin por la paz\",\"datePublished\":\"2015-10-10T16:27:38+00:00\",\"mainEntityOfPage\":{\"@id\":\"https:\/\/emep.org\/es\/la-matanza-en-la-manifestacion-de-ankara\"},\"wordCount\":363,\"image\":{\"@id\":\"https:\/\/emep.org\/es\/la-matanza-en-la-manifestacion-de-ankara#primaryimage\"},\"thumbnailUrl\":\"https:\/\/emep.org\/es\/wp-content\/uploads\/2015\/10\/bomb1.jpg\",\"articleSection\":[\"espanol\"],\"inLanguage\":\"tr\"},{\"@type\":\"WebPage\",\"@id\":\"https:\/\/emep.org\/es\/la-matanza-en-la-manifestacion-de-ankara\",\"url\":\"https:\/\/emep.org\/es\/la-matanza-en-la-manifestacion-de-ankara\",\"name\":\"Atentado con bomba en el mitin por la paz - Partido del Trabajo (EMEP)\",\"isPartOf\":{\"@id\":\"https:\/\/emep.org\/es\/#website\"},\"primaryImageOfPage\":{\"@id\":\"https:\/\/emep.org\/es\/la-matanza-en-la-manifestacion-de-ankara#primaryimage\"},\"image\":{\"@id\":\"https:\/\/emep.org\/es\/la-matanza-en-la-manifestacion-de-ankara#primaryimage\"},\"thumbnailUrl\":\"https:\/\/emep.org\/es\/wp-content\/uploads\/2015\/10\/bomb1.jpg\",\"datePublished\":\"2015-10-10T16:27:38+00:00\",\"author\":{\"@id\":\"https:\/\/emep.org\/es\/#\/schema\/person\/2de7e62bd3cb0bafdbe6b129009be3d0\"},\"breadcrumb\":{\"@id\":\"https:\/\/emep.org\/es\/la-matanza-en-la-manifestacion-de-ankara#breadcrumb\"},\"inLanguage\":\"tr\",\"potentialAction\":[{\"@type\":\"ReadAction\",\"target\":[\"https:\/\/emep.org\/es\/la-matanza-en-la-manifestacion-de-ankara\"]}]},{\"@type\":\"ImageObject\",\"inLanguage\":\"tr\",\"@id\":\"https:\/\/emep.org\/es\/la-matanza-en-la-manifestacion-de-ankara#primaryimage\",\"url\":\"https:\/\/emep.org\/es\/wp-content\/uploads\/2015\/10\/bomb1.jpg\",\"contentUrl\":\"https:\/\/emep.org\/es\/wp-content\/uploads\/2015\/10\/bomb1.jpg\",\"width\":745,\"height\":497},{\"@type\":\"BreadcrumbList\",\"@id\":\"https:\/\/emep.org\/es\/la-matanza-en-la-manifestacion-de-ankara#breadcrumb\",\"itemListElement\":[{\"@type\":\"ListItem\",\"position\":1,\"name\":\"Home\",\"item\":\"https:\/\/emep.org\/es\/\"},{\"@type\":\"ListItem\",\"position\":2,\"name\":\"Atentado con bomba en el mitin por la paz\"}]},{\"@type\":\"WebSite\",\"@id\":\"https:\/\/emep.org\/es\/#website\",\"url\":\"https:\/\/emep.org\/es\/\",\"name\":\"Partido del Trabajo (EMEP)\",\"description\":\"\u00a1Trabajadores del mundo, \u00fananse!\",\"potentialAction\":[{\"@type\":\"SearchAction\",\"target\":{\"@type\":\"EntryPoint\",\"urlTemplate\":\"https:\/\/emep.org\/es\/?s={search_term_string}\"},\"query-input\":{\"@type\":\"PropertyValueSpecification\",\"valueRequired\":true,\"valueName\":\"search_term_string\"}}],\"inLanguage\":\"tr\"},{\"@type\":\"Person\",\"@id\":\"https:\/\/emep.org\/es\/#\/schema\/person\/2de7e62bd3cb0bafdbe6b129009be3d0\",\"name\":\"cogbs\",\"sameAs\":[\"https:\/\/emep.org\/es\"],\"url\":\"https:\/\/emep.org\/es\/author\/cogbs\"}]}<\/script>\n<!-- \/ Yoast SEO plugin. -->","yoast_head_json":{"title":"Atentado con bomba en el mitin por la paz - Partido del Trabajo (EMEP)","robots":{"index":"index","follow":"follow","max-snippet":"max-snippet:-1","max-image-preview":"max-image-preview:large","max-video-preview":"max-video-preview:-1"},"canonical":"https:\/\/emep.org\/es\/la-matanza-en-la-manifestacion-de-ankara","og_locale":"tr_TR","og_type":"article","og_title":"Atentado con bomba en el mitin por la paz - Partido del Trabajo (EMEP)","og_description":"Una manifestaci\u00f3n organizada por la paz en Ankara por los cuatro sindicatos mayoritarios, ha sido hoy atacada en dos atentados con bomba. Las dos bombas han explotado entre la gente de la manifestaci\u00f3n que converg\u00eda hacia la plaza cerca de la estaci\u00f3n de ferrocarril de Ankara, a las 10 de esta ma\u00f1ana. Seg\u00fan los datos...","og_url":"https:\/\/emep.org\/es\/la-matanza-en-la-manifestacion-de-ankara","og_site_name":"Partido del Trabajo (EMEP)","article_published_time":"2015-10-10T16:27:38+00:00","og_image":[{"width":745,"height":497,"url":"https:\/\/emep.org\/es\/wp-content\/uploads\/2015\/10\/bomb1.jpg","type":"image\/jpeg"}],"author":"cogbs","twitter_card":"summary_large_image","twitter_misc":{"Yazan:":"cogbs","Tahmini okuma s\u00fcresi":"2 dakika"},"schema":{"@context":"https:\/\/schema.org","@graph":[{"@type":"Article","@id":"https:\/\/emep.org\/es\/la-matanza-en-la-manifestacion-de-ankara#article","isPartOf":{"@id":"https:\/\/emep.org\/es\/la-matanza-en-la-manifestacion-de-ankara"},"author":{"name":"cogbs","@id":"https:\/\/emep.org\/es\/#\/schema\/person\/2de7e62bd3cb0bafdbe6b129009be3d0"},"headline":"Atentado con bomba en el mitin por la paz","datePublished":"2015-10-10T16:27:38+00:00","mainEntityOfPage":{"@id":"https:\/\/emep.org\/es\/la-matanza-en-la-manifestacion-de-ankara"},"wordCount":363,"image":{"@id":"https:\/\/emep.org\/es\/la-matanza-en-la-manifestacion-de-ankara#primaryimage"},"thumbnailUrl":"https:\/\/emep.org\/es\/wp-content\/uploads\/2015\/10\/bomb1.jpg","articleSection":["espanol"],"inLanguage":"tr"},{"@type":"WebPage","@id":"https:\/\/emep.org\/es\/la-matanza-en-la-manifestacion-de-ankara","url":"https:\/\/emep.org\/es\/la-matanza-en-la-manifestacion-de-ankara","name":"Atentado con bomba en el mitin por la paz - Partido del Trabajo (EMEP)","isPartOf":{"@id":"https:\/\/emep.org\/es\/#website"},"primaryImageOfPage":{"@id":"https:\/\/emep.org\/es\/la-matanza-en-la-manifestacion-de-ankara#primaryimage"},"image":{"@id":"https:\/\/emep.org\/es\/la-matanza-en-la-manifestacion-de-ankara#primaryimage"},"thumbnailUrl":"https:\/\/emep.org\/es\/wp-content\/uploads\/2015\/10\/bomb1.jpg","datePublished":"2015-10-10T16:27:38+00:00","author":{"@id":"https:\/\/emep.org\/es\/#\/schema\/person\/2de7e62bd3cb0bafdbe6b129009be3d0"},"breadcrumb":{"@id":"https:\/\/emep.org\/es\/la-matanza-en-la-manifestacion-de-ankara#breadcrumb"},"inLanguage":"tr","potentialAction":[{"@type":"ReadAction","target":["https:\/\/emep.org\/es\/la-matanza-en-la-manifestacion-de-ankara"]}]},{"@type":"ImageObject","inLanguage":"tr","@id":"https:\/\/emep.org\/es\/la-matanza-en-la-manifestacion-de-ankara#primaryimage","url":"https:\/\/emep.org\/es\/wp-content\/uploads\/2015\/10\/bomb1.jpg","contentUrl":"https:\/\/emep.org\/es\/wp-content\/uploads\/2015\/10\/bomb1.jpg","width":745,"height":497},{"@type":"BreadcrumbList","@id":"https:\/\/emep.org\/es\/la-matanza-en-la-manifestacion-de-ankara#breadcrumb","itemListElement":[{"@type":"ListItem","position":1,"name":"Home","item":"https:\/\/emep.org\/es\/"},{"@type":"ListItem","position":2,"name":"Atentado con bomba en el mitin por la paz"}]},{"@type":"WebSite","@id":"https:\/\/emep.org\/es\/#website","url":"https:\/\/emep.org\/es\/","name":"Partido del Trabajo (EMEP)","description":"\u00a1Trabajadores del mundo, \u00fananse!","potentialAction":[{"@type":"SearchAction","target":{"@type":"EntryPoint","urlTemplate":"https:\/\/emep.org\/es\/?s={search_term_string}"},"query-input":{"@type":"PropertyValueSpecification","valueRequired":true,"valueName":"search_term_string"}}],"inLanguage":"tr"},{"@type":"Person","@id":"https:\/\/emep.org\/es\/#\/schema\/person\/2de7e62bd3cb0bafdbe6b129009be3d0","name":"cogbs","sameAs":["https:\/\/emep.org\/es"],"url":"https:\/\/emep.org\/es\/author\/cogbs"}]}},"_links":{"self":[{"href":"https:\/\/emep.org\/es\/wp-json\/wp\/v2\/posts\/1077","targetHints":{"allow":["GET"]}}],"collection":[{"href":"https:\/\/emep.org\/es\/wp-json\/wp\/v2\/posts"}],"about":[{"href":"https:\/\/emep.org\/es\/wp-json\/wp\/v2\/types\/post"}],"author":[{"embeddable":true,"href":"https:\/\/emep.org\/es\/wp-json\/wp\/v2\/users\/1"}],"replies":[{"embeddable":true,"href":"https:\/\/emep.org\/es\/wp-json\/wp\/v2\/comments?post=1077"}],"version-history":[{"count":0,"href":"https:\/\/emep.org\/es\/wp-json\/wp\/v2\/posts\/1077\/revisions"}],"wp:featuredmedia":[{"embeddable":true,"href":"https:\/\/emep.org\/es\/wp-json\/wp\/v2\/media\/1078"}],"wp:attachment":[{"href":"https:\/\/emep.org\/es\/wp-json\/wp\/v2\/media?parent=1077"}],"wp:term":[{"taxonomy":"category","embeddable":true,"href":"https:\/\/emep.org\/es\/wp-json\/wp\/v2\/categories?post=1077"},{"taxonomy":"post_tag","embeddable":true,"href":"https:\/\/emep.org\/es\/wp-json\/wp\/v2\/tags?post=1077"}],"curies":[{"name":"wp","href":"https:\/\/api.w.org\/{rel}","templated":true}]}}