{"id":1314,"date":"2015-12-23T16:26:52","date_gmt":"2015-12-23T13:26:52","guid":{"rendered":"http:\/\/emep.org\/?p=1314"},"modified":"2015-12-23T16:26:52","modified_gmt":"2015-12-23T13:26:52","slug":"los-imperialistas-deberian-retirarse-de-la-zona","status":"publish","type":"post","link":"https:\/\/emep.org\/es\/los-imperialistas-deberian-retirarse-de-la-zona","title":{"rendered":"\u00a1Los imperialistas deber\u00edan retirarse de la zona!"},"content":{"rendered":"<style type=\"text\/css\" data-type=\"vc_cmsms_shortcodes-custom-css\"><\/style><p>Turqu\u00eda ha derribado un caza ruso en el espacio a\u00e9reo sirio cerca de Antakya-Yayladagi. El<\/p>\n<p>Presidente y representantes del gobierno han manifestado que el avi\u00f3n ruso hab\u00eda<\/p>\n<p>sobrepasado la frontera turca durante 17 segundos y que los rusos estaban bombardeando el<\/p>\n<p>\u00e1rea de los turcomanos de Bayirbucak.<\/p>\n<p>Es evidente que la raz\u00f3n del derribo del avi\u00f3n ruso por parte de Turqu\u00eda no es una cuesti\u00f3n de<\/p>\n<p>sensibilidad hacia los turcomanos de Bayirbucak. El gobierno del AKP no movi\u00f3 un dedo<\/p>\n<p>cuando los turcomanos fueron masacrados y sus mujeres esclavizadas por ISIS, no hace tanto.<\/p>\n<p>A lo que realmente es sensible el gobierno del AKP es a la posibilidad de que fuerzas de Asad y<\/p>\n<p>del PYD ocupen las zonas desalojadas tras el bombardeo ruso. Turqu\u00eda no quiere que fuerzas<\/p>\n<p>de Asad y del PYD ocupen territorio en la zona siria fronteriza, cortando las conexiones con las<\/p>\n<p>fuerzas de ISIS, Al-Nusra y yihadistas salafistas.<\/p>\n<p>La verdadera raz\u00f3n del incremento de la tensi\u00f3n ruso-turca \u2013llegando a su punto m\u00e1s \u00e1lgido<\/p>\n<p>con el derribo del avi\u00f3n ruso- es la lucha para dominar Siria y la regi\u00f3n, la lucha por el beneficio<\/p>\n<p>imperialista.<\/p>\n<p>Todas las fuerzas imperialistas y pa\u00edses reaccionarios deber\u00edan retirarse de Siria, Irak y otros<\/p>\n<p>pa\u00edses de la regi\u00f3n. Las fuerzas militares extranjeras deber\u00edan retirarse y cesar todo apoyo a las<\/p>\n<p>fuerzas yihadistas de la regi\u00f3n.<\/p>\n<p>Los pueblos de la regi\u00f3n han sido arruinados por los conflictos de las fuerzas imperialistas y<\/p>\n<p>reaccionarias. La avaricia imperialista genera esta luchas por el beneficio que han causado<\/p>\n<p>doscientos cincuenta mil muertos, millones de emigrantes, violaciones, demolici\u00f3n de<\/p>\n<p>ciudades, aniquilaci\u00f3n de los valores culturales, hambre y pobreza.<\/p>\n<p>Los pueblos del mundo y Turqu\u00eda deber\u00edan levantar sus banderas de lucha contra los<\/p>\n<p>imperialistas y sus c\u00f3mplices para ayudar a los pueblos de Oriente Medio.<\/p>\n<p>\u00a1Abajo los imperialistas y sus c\u00f3mplices!<\/p>\n<p>\u00a1Fuera de Oriente Medio el imperialismo y la reacci\u00f3n!!<\/p>\n<p>Selma G\u00dcRKAN<\/p>\n<p>President<\/p>\n","protected":false},"excerpt":{"rendered":"<p>Turqu\u00eda ha derribado un caza ruso en el espacio a\u00e9reo sirio cerca de Antakya-Yayladagi. El Presidente y representantes del gobierno han manifestado que el avi\u00f3n ruso hab\u00eda sobrepasado la frontera turca durante 17 segundos y que los rusos estaban bombardeando el \u00e1rea de los turcomanos de Bayirbucak. Es evidente que la raz\u00f3n del derribo del&#8230;<\/p>\n","protected":false},"author":1,"featured_media":1315,"comment_status":"closed","ping_status":"open","sticky":false,"template":"","format":"standard","meta":{"footnotes":""},"categories":[33],"tags":[],"class_list":["post-1314","post","type-post","status-publish","format-standard","has-post-thumbnail","hentry","category-espanol"],"yoast_head":"<!-- This site is optimized with the Yoast SEO plugin v27.2 - https:\/\/yoast.com\/product\/yoast-seo-wordpress\/ -->\n<title>\u00a1Los imperialistas deber\u00edan retirarse de la zona! - Partido del Trabajo (EMEP)<\/title>\n<meta name=\"robots\" content=\"index, follow, max-snippet:-1, max-image-preview:large, max-video-preview:-1\" \/>\n<link rel=\"canonical\" href=\"https:\/\/emep.org\/es\/los-imperialistas-deberian-retirarse-de-la-zona\" \/>\n<meta property=\"og:locale\" content=\"tr_TR\" \/>\n<meta property=\"og:type\" content=\"article\" \/>\n<meta property=\"og:title\" content=\"\u00a1Los imperialistas deber\u00edan retirarse de la zona! - Partido del Trabajo (EMEP)\" \/>\n<meta property=\"og:description\" content=\"Turqu\u00eda ha derribado un caza ruso en el espacio a\u00e9reo sirio cerca de Antakya-Yayladagi. El Presidente y representantes del gobierno han manifestado que el avi\u00f3n ruso hab\u00eda sobrepasado la frontera turca durante 17 segundos y que los rusos estaban bombardeando el \u00e1rea de los turcomanos de Bayirbucak. Es evidente que la raz\u00f3n del derribo del...\" \/>\n<meta property=\"og:url\" content=\"https:\/\/emep.org\/es\/los-imperialistas-deberian-retirarse-de-la-zona\" \/>\n<meta property=\"og:site_name\" content=\"Partido del Trabajo (EMEP)\" \/>\n<meta property=\"article:published_time\" content=\"2015-12-23T13:26:52+00:00\" \/>\n<meta property=\"og:image\" content=\"https:\/\/emep.org\/es\/wp-content\/uploads\/2015\/12\/5164.jpg\" \/>\n\t<meta property=\"og:image:width\" content=\"745\" \/>\n\t<meta property=\"og:image:height\" content=\"447\" \/>\n\t<meta property=\"og:image:type\" content=\"image\/jpeg\" \/>\n<meta name=\"author\" content=\"cogbs\" \/>\n<meta name=\"twitter:card\" content=\"summary_large_image\" \/>\n<meta name=\"twitter:label1\" content=\"Yazan:\" \/>\n\t<meta name=\"twitter:data1\" content=\"cogbs\" \/>\n\t<meta name=\"twitter:label2\" content=\"Tahmini okuma s\u00fcresi\" \/>\n\t<meta name=\"twitter:data2\" content=\"2 dakika\" \/>\n<script type=\"application\/ld+json\" class=\"yoast-schema-graph\">{\"@context\":\"https:\/\/schema.org\",\"@graph\":[{\"@type\":\"Article\",\"@id\":\"https:\/\/emep.org\/es\/los-imperialistas-deberian-retirarse-de-la-zona#article\",\"isPartOf\":{\"@id\":\"https:\/\/emep.org\/es\/los-imperialistas-deberian-retirarse-de-la-zona\"},\"author\":{\"name\":\"cogbs\",\"@id\":\"https:\/\/emep.org\/es\/#\/schema\/person\/2de7e62bd3cb0bafdbe6b129009be3d0\"},\"headline\":\"\u00a1Los imperialistas deber\u00edan retirarse de la zona!\",\"datePublished\":\"2015-12-23T13:26:52+00:00\",\"mainEntityOfPage\":{\"@id\":\"https:\/\/emep.org\/es\/los-imperialistas-deberian-retirarse-de-la-zona\"},\"wordCount\":352,\"image\":{\"@id\":\"https:\/\/emep.org\/es\/los-imperialistas-deberian-retirarse-de-la-zona#primaryimage\"},\"thumbnailUrl\":\"https:\/\/emep.org\/es\/wp-content\/uploads\/2015\/12\/5164.jpg\",\"articleSection\":[\"espanol\"],\"inLanguage\":\"tr\"},{\"@type\":\"WebPage\",\"@id\":\"https:\/\/emep.org\/es\/los-imperialistas-deberian-retirarse-de-la-zona\",\"url\":\"https:\/\/emep.org\/es\/los-imperialistas-deberian-retirarse-de-la-zona\",\"name\":\"\u00a1Los imperialistas deber\u00edan retirarse de la zona! - Partido del Trabajo (EMEP)\",\"isPartOf\":{\"@id\":\"https:\/\/emep.org\/es\/#website\"},\"primaryImageOfPage\":{\"@id\":\"https:\/\/emep.org\/es\/los-imperialistas-deberian-retirarse-de-la-zona#primaryimage\"},\"image\":{\"@id\":\"https:\/\/emep.org\/es\/los-imperialistas-deberian-retirarse-de-la-zona#primaryimage\"},\"thumbnailUrl\":\"https:\/\/emep.org\/es\/wp-content\/uploads\/2015\/12\/5164.jpg\",\"datePublished\":\"2015-12-23T13:26:52+00:00\",\"author\":{\"@id\":\"https:\/\/emep.org\/es\/#\/schema\/person\/2de7e62bd3cb0bafdbe6b129009be3d0\"},\"breadcrumb\":{\"@id\":\"https:\/\/emep.org\/es\/los-imperialistas-deberian-retirarse-de-la-zona#breadcrumb\"},\"inLanguage\":\"tr\",\"potentialAction\":[{\"@type\":\"ReadAction\",\"target\":[\"https:\/\/emep.org\/es\/los-imperialistas-deberian-retirarse-de-la-zona\"]}]},{\"@type\":\"ImageObject\",\"inLanguage\":\"tr\",\"@id\":\"https:\/\/emep.org\/es\/los-imperialistas-deberian-retirarse-de-la-zona#primaryimage\",\"url\":\"https:\/\/emep.org\/es\/wp-content\/uploads\/2015\/12\/5164.jpg\",\"contentUrl\":\"https:\/\/emep.org\/es\/wp-content\/uploads\/2015\/12\/5164.jpg\",\"width\":745,\"height\":447},{\"@type\":\"BreadcrumbList\",\"@id\":\"https:\/\/emep.org\/es\/los-imperialistas-deberian-retirarse-de-la-zona#breadcrumb\",\"itemListElement\":[{\"@type\":\"ListItem\",\"position\":1,\"name\":\"Home\",\"item\":\"https:\/\/emep.org\/es\/\"},{\"@type\":\"ListItem\",\"position\":2,\"name\":\"\u00a1Los imperialistas deber\u00edan retirarse de la zona!\"}]},{\"@type\":\"WebSite\",\"@id\":\"https:\/\/emep.org\/es\/#website\",\"url\":\"https:\/\/emep.org\/es\/\",\"name\":\"Partido del Trabajo (EMEP)\",\"description\":\"\u00a1Trabajadores del mundo, \u00fananse!\",\"potentialAction\":[{\"@type\":\"SearchAction\",\"target\":{\"@type\":\"EntryPoint\",\"urlTemplate\":\"https:\/\/emep.org\/es\/?s={search_term_string}\"},\"query-input\":{\"@type\":\"PropertyValueSpecification\",\"valueRequired\":true,\"valueName\":\"search_term_string\"}}],\"inLanguage\":\"tr\"},{\"@type\":\"Person\",\"@id\":\"https:\/\/emep.org\/es\/#\/schema\/person\/2de7e62bd3cb0bafdbe6b129009be3d0\",\"name\":\"cogbs\",\"sameAs\":[\"https:\/\/emep.org\/es\"],\"url\":\"https:\/\/emep.org\/es\/author\/cogbs\"}]}<\/script>\n<!-- \/ Yoast SEO plugin. -->","yoast_head_json":{"title":"\u00a1Los imperialistas deber\u00edan retirarse de la zona! - Partido del Trabajo (EMEP)","robots":{"index":"index","follow":"follow","max-snippet":"max-snippet:-1","max-image-preview":"max-image-preview:large","max-video-preview":"max-video-preview:-1"},"canonical":"https:\/\/emep.org\/es\/los-imperialistas-deberian-retirarse-de-la-zona","og_locale":"tr_TR","og_type":"article","og_title":"\u00a1Los imperialistas deber\u00edan retirarse de la zona! - Partido del Trabajo (EMEP)","og_description":"Turqu\u00eda ha derribado un caza ruso en el espacio a\u00e9reo sirio cerca de Antakya-Yayladagi. El Presidente y representantes del gobierno han manifestado que el avi\u00f3n ruso hab\u00eda sobrepasado la frontera turca durante 17 segundos y que los rusos estaban bombardeando el \u00e1rea de los turcomanos de Bayirbucak. Es evidente que la raz\u00f3n del derribo del...","og_url":"https:\/\/emep.org\/es\/los-imperialistas-deberian-retirarse-de-la-zona","og_site_name":"Partido del Trabajo (EMEP)","article_published_time":"2015-12-23T13:26:52+00:00","og_image":[{"width":745,"height":447,"url":"https:\/\/emep.org\/es\/wp-content\/uploads\/2015\/12\/5164.jpg","type":"image\/jpeg"}],"author":"cogbs","twitter_card":"summary_large_image","twitter_misc":{"Yazan:":"cogbs","Tahmini okuma s\u00fcresi":"2 dakika"},"schema":{"@context":"https:\/\/schema.org","@graph":[{"@type":"Article","@id":"https:\/\/emep.org\/es\/los-imperialistas-deberian-retirarse-de-la-zona#article","isPartOf":{"@id":"https:\/\/emep.org\/es\/los-imperialistas-deberian-retirarse-de-la-zona"},"author":{"name":"cogbs","@id":"https:\/\/emep.org\/es\/#\/schema\/person\/2de7e62bd3cb0bafdbe6b129009be3d0"},"headline":"\u00a1Los imperialistas deber\u00edan retirarse de la zona!","datePublished":"2015-12-23T13:26:52+00:00","mainEntityOfPage":{"@id":"https:\/\/emep.org\/es\/los-imperialistas-deberian-retirarse-de-la-zona"},"wordCount":352,"image":{"@id":"https:\/\/emep.org\/es\/los-imperialistas-deberian-retirarse-de-la-zona#primaryimage"},"thumbnailUrl":"https:\/\/emep.org\/es\/wp-content\/uploads\/2015\/12\/5164.jpg","articleSection":["espanol"],"inLanguage":"tr"},{"@type":"WebPage","@id":"https:\/\/emep.org\/es\/los-imperialistas-deberian-retirarse-de-la-zona","url":"https:\/\/emep.org\/es\/los-imperialistas-deberian-retirarse-de-la-zona","name":"\u00a1Los imperialistas deber\u00edan retirarse de la zona! - Partido del Trabajo (EMEP)","isPartOf":{"@id":"https:\/\/emep.org\/es\/#website"},"primaryImageOfPage":{"@id":"https:\/\/emep.org\/es\/los-imperialistas-deberian-retirarse-de-la-zona#primaryimage"},"image":{"@id":"https:\/\/emep.org\/es\/los-imperialistas-deberian-retirarse-de-la-zona#primaryimage"},"thumbnailUrl":"https:\/\/emep.org\/es\/wp-content\/uploads\/2015\/12\/5164.jpg","datePublished":"2015-12-23T13:26:52+00:00","author":{"@id":"https:\/\/emep.org\/es\/#\/schema\/person\/2de7e62bd3cb0bafdbe6b129009be3d0"},"breadcrumb":{"@id":"https:\/\/emep.org\/es\/los-imperialistas-deberian-retirarse-de-la-zona#breadcrumb"},"inLanguage":"tr","potentialAction":[{"@type":"ReadAction","target":["https:\/\/emep.org\/es\/los-imperialistas-deberian-retirarse-de-la-zona"]}]},{"@type":"ImageObject","inLanguage":"tr","@id":"https:\/\/emep.org\/es\/los-imperialistas-deberian-retirarse-de-la-zona#primaryimage","url":"https:\/\/emep.org\/es\/wp-content\/uploads\/2015\/12\/5164.jpg","contentUrl":"https:\/\/emep.org\/es\/wp-content\/uploads\/2015\/12\/5164.jpg","width":745,"height":447},{"@type":"BreadcrumbList","@id":"https:\/\/emep.org\/es\/los-imperialistas-deberian-retirarse-de-la-zona#breadcrumb","itemListElement":[{"@type":"ListItem","position":1,"name":"Home","item":"https:\/\/emep.org\/es\/"},{"@type":"ListItem","position":2,"name":"\u00a1Los imperialistas deber\u00edan retirarse de la zona!"}]},{"@type":"WebSite","@id":"https:\/\/emep.org\/es\/#website","url":"https:\/\/emep.org\/es\/","name":"Partido del Trabajo (EMEP)","description":"\u00a1Trabajadores del mundo, \u00fananse!","potentialAction":[{"@type":"SearchAction","target":{"@type":"EntryPoint","urlTemplate":"https:\/\/emep.org\/es\/?s={search_term_string}"},"query-input":{"@type":"PropertyValueSpecification","valueRequired":true,"valueName":"search_term_string"}}],"inLanguage":"tr"},{"@type":"Person","@id":"https:\/\/emep.org\/es\/#\/schema\/person\/2de7e62bd3cb0bafdbe6b129009be3d0","name":"cogbs","sameAs":["https:\/\/emep.org\/es"],"url":"https:\/\/emep.org\/es\/author\/cogbs"}]}},"_links":{"self":[{"href":"https:\/\/emep.org\/es\/wp-json\/wp\/v2\/posts\/1314","targetHints":{"allow":["GET"]}}],"collection":[{"href":"https:\/\/emep.org\/es\/wp-json\/wp\/v2\/posts"}],"about":[{"href":"https:\/\/emep.org\/es\/wp-json\/wp\/v2\/types\/post"}],"author":[{"embeddable":true,"href":"https:\/\/emep.org\/es\/wp-json\/wp\/v2\/users\/1"}],"replies":[{"embeddable":true,"href":"https:\/\/emep.org\/es\/wp-json\/wp\/v2\/comments?post=1314"}],"version-history":[{"count":0,"href":"https:\/\/emep.org\/es\/wp-json\/wp\/v2\/posts\/1314\/revisions"}],"wp:featuredmedia":[{"embeddable":true,"href":"https:\/\/emep.org\/es\/wp-json\/wp\/v2\/media\/1315"}],"wp:attachment":[{"href":"https:\/\/emep.org\/es\/wp-json\/wp\/v2\/media?parent=1314"}],"wp:term":[{"taxonomy":"category","embeddable":true,"href":"https:\/\/emep.org\/es\/wp-json\/wp\/v2\/categories?post=1314"},{"taxonomy":"post_tag","embeddable":true,"href":"https:\/\/emep.org\/es\/wp-json\/wp\/v2\/tags?post=1314"}],"curies":[{"name":"wp","href":"https:\/\/api.w.org\/{rel}","templated":true}]}}