{"id":1361,"date":"2016-01-22T12:50:20","date_gmt":"2016-01-22T09:50:20","guid":{"rendered":"http:\/\/emep.org\/?p=1361"},"modified":"2016-01-22T12:50:20","modified_gmt":"2016-01-22T09:50:20","slug":"continuan-los-atentados-por-todo-el-pais-y-el-presidente-insiste-en-sus-amenazas-a-cualquiera-que-se-interponga-en-su-camino","status":"publish","type":"post","link":"https:\/\/emep.org\/es\/continuan-los-atentados-por-todo-el-pais-y-el-presidente-insiste-en-sus-amenazas-a-cualquiera-que-se-interponga-en-su-camino","title":{"rendered":"Contin\u00faan los atentados por todo el pa\u00eds y el presidente &#8216;insiste en sus amenazas&#8217; a  cualquiera que se interponga en su camino"},"content":{"rendered":"<style type=\"text\/css\" data-type=\"vc_cmsms_shortcodes-custom-css\"><\/style><p>10 personas murieron y 15 resultaron heridas en el atentado suicida de ayer perpetrado por el Estado Isl\u00e1mico (EI) en la Plaza de Sultanahmet. Esta masacre podr\u00eda haberse evitado si se hubieran aclarado las masacres de Reyhanli, Diyarbakir, Suru\u00e7 y Ankara y si se hubiera iniciado una lucha contra todos los apoyos pol\u00edticos, log\u00edsticos, etc. del EI. Frente a esta pasividad, el gobierno ha detenido a algunos sospechosos de cara a los medios de comunicaci\u00f3n, para liberarlos silenciosamente poco despu\u00e9s, enga\u00f1ando a la opini\u00f3n p\u00fablica\u00a0 y fingiendo luchar contra esta organizaci\u00f3n terrorista mediante falsos arrestos, prohibiendo informar sobre estos atentados y ocultando todas las pruebas que pudieran permitir que se sepa la verdad. El gobierno tambi\u00e9n contin\u00faa con su pol\u00edtica exterior de confrontaci\u00f3n, expansionista y sectaria.<\/p>\n<p>El gobierno, dirigido por un primer ministro que no considera oportuno intervenir contra potenciales suicidas de los que se tiene conocimiento,\u00a0 como corresponder\u00eda\u00a0 a \u201cun estado constitucional\u201d, se dedica a perseguir a una maestra, Ayse, que trat\u00f3 de hacerse o\u00edr en un programa de televisi\u00f3n nacional pidiendo \u201cel fin de los asesinatos, el reconocimiento de lo que est\u00e1 ocurriendo y que haya paz\u201d. 1128 acad\u00e9micos que ped\u00edan la paz y que se reconocieran las demandas del pueblo kurdo de una soluci\u00f3n del conflicto y de una paz duradera, se han convertido inmediatamente en objetivos de representantes del gobierno a todos los niveles encabezados por el presidente Erdogan. El Consejo de Educaci\u00f3n Superior ha tomado cartas en el asunto y ya han comenzado las investigaciones.<\/p>\n<p>El presidente y el gobierno pretenden que todos los sectores sociales se pongan de parte de las fuerzas reaccionarias y no las critiquen. Pero el gobierno deber\u00eda ser el \u00faltimo en quejarse de la presente situaci\u00f3n pues \u00e9l, y en particular el presidente, han desarrollado una pol\u00edtica de partido \u00fanico favoreciendo la polarizaci\u00f3n de la poblaci\u00f3n y la conversi\u00f3n de esta polarizaci\u00f3n en conflicto.<\/p>\n<p>No es la primera vez que la poblaci\u00f3n de Turqu\u00eda se enfrenta a esta clase de ataques, violaci\u00f3n de derechos, opresi\u00f3n, violencia y amenazas por parte de sus dirigentes. Las autoridades se enfrentan a una poblaci\u00f3n que ha vivido golpes de estado, masacres, que fue abandonada al desempleo y la pobreza mediante leyes como la 1402, y que ha sobrevivido a la c\u00e1rcel y la tortura.<\/p>\n<p>Una vez m\u00e1s, les recordamos a los dirigentes que han tomado el camino equivocado.<\/p>\n<p>Apoyamos las exigencias de enfrentarse a las muertes y en favor de la paz, personificadas en la maestra Ayse, en la llamada de atenci\u00f3n al gobierno por parte de los acad\u00e9micos y en las informaciones objetivas de los periodistas encarcelados. Es m\u00e1s, no daremos un paso atr\u00e1s en<br \/>\nla lucha por construir un pa\u00eds democr\u00e1tico frente a la pol\u00edtica reaccionaria, la opresi\u00f3n y la violencia de los dirigentes. Hacemos una llamamiento a los trabajadores y a las fuerzas democr\u00e1ticas para derribar este muro de terror que est\u00e1 siendo levando y a luchar por la democracia, los derechos, las libertades, tanto aqu\u00ed como en el resto del mundo.<\/p>\n<p><strong>Selma G\u00dcRKAN<\/strong><br \/>\n<strong>Presidenta<\/strong><\/p>\n","protected":false},"excerpt":{"rendered":"<p>10 personas murieron y 15 resultaron heridas en el atentado suicida de ayer perpetrado por el Estado Isl\u00e1mico (EI) en la Plaza de Sultanahmet. Esta masacre podr\u00eda haberse evitado si se hubieran aclarado las masacres de Reyhanli, Diyarbakir, Suru\u00e7 y Ankara y si se hubiera iniciado una lucha contra todos los apoyos pol\u00edticos, log\u00edsticos, etc&#8230;.<\/p>\n","protected":false},"author":1,"featured_media":1362,"comment_status":"closed","ping_status":"open","sticky":false,"template":"","format":"standard","meta":{"footnotes":""},"categories":[33],"tags":[],"class_list":["post-1361","post","type-post","status-publish","format-standard","has-post-thumbnail","hentry","category-espanol"],"yoast_head":"<!-- This site is optimized with the Yoast SEO plugin v27.2 - https:\/\/yoast.com\/product\/yoast-seo-wordpress\/ -->\n<title>Contin\u00faan los atentados por todo el pa\u00eds y el presidente &#039;insiste en sus amenazas&#039; a cualquiera que se interponga en su camino - Partido del Trabajo (EMEP)<\/title>\n<meta name=\"robots\" content=\"index, follow, max-snippet:-1, max-image-preview:large, max-video-preview:-1\" \/>\n<link rel=\"canonical\" href=\"https:\/\/emep.org\/es\/continuan-los-atentados-por-todo-el-pais-y-el-presidente-insiste-en-sus-amenazas-a-cualquiera-que-se-interponga-en-su-camino\" \/>\n<meta property=\"og:locale\" content=\"tr_TR\" \/>\n<meta property=\"og:type\" content=\"article\" \/>\n<meta property=\"og:title\" content=\"Contin\u00faan los atentados por todo el pa\u00eds y el presidente &#039;insiste en sus amenazas&#039; a cualquiera que se interponga en su camino - Partido del Trabajo (EMEP)\" \/>\n<meta property=\"og:description\" content=\"10 personas murieron y 15 resultaron heridas en el atentado suicida de ayer perpetrado por el Estado Isl\u00e1mico (EI) en la Plaza de Sultanahmet. Esta masacre podr\u00eda haberse evitado si se hubieran aclarado las masacres de Reyhanli, Diyarbakir, Suru\u00e7 y Ankara y si se hubiera iniciado una lucha contra todos los apoyos pol\u00edticos, log\u00edsticos, etc....\" \/>\n<meta property=\"og:url\" content=\"https:\/\/emep.org\/es\/continuan-los-atentados-por-todo-el-pais-y-el-presidente-insiste-en-sus-amenazas-a-cualquiera-que-se-interponga-en-su-camino\" \/>\n<meta property=\"og:site_name\" content=\"Partido del Trabajo (EMEP)\" \/>\n<meta property=\"article:published_time\" content=\"2016-01-22T09:50:20+00:00\" \/>\n<meta property=\"og:image\" content=\"https:\/\/emep.org\/es\/wp-content\/uploads\/2016\/01\/1983048_6-1.jpg\" \/>\n\t<meta property=\"og:image:width\" content=\"820\" \/>\n\t<meta property=\"og:image:height\" content=\"547\" \/>\n\t<meta property=\"og:image:type\" content=\"image\/jpeg\" \/>\n<meta name=\"author\" content=\"cogbs\" \/>\n<meta name=\"twitter:card\" content=\"summary_large_image\" \/>\n<meta name=\"twitter:label1\" content=\"Yazan:\" \/>\n\t<meta name=\"twitter:data1\" content=\"cogbs\" \/>\n\t<meta name=\"twitter:label2\" content=\"Tahmini okuma s\u00fcresi\" \/>\n\t<meta name=\"twitter:data2\" content=\"3 dakika\" \/>\n<script type=\"application\/ld+json\" class=\"yoast-schema-graph\">{\"@context\":\"https:\/\/schema.org\",\"@graph\":[{\"@type\":\"Article\",\"@id\":\"https:\/\/emep.org\/es\/continuan-los-atentados-por-todo-el-pais-y-el-presidente-insiste-en-sus-amenazas-a-cualquiera-que-se-interponga-en-su-camino#article\",\"isPartOf\":{\"@id\":\"https:\/\/emep.org\/es\/continuan-los-atentados-por-todo-el-pais-y-el-presidente-insiste-en-sus-amenazas-a-cualquiera-que-se-interponga-en-su-camino\"},\"author\":{\"name\":\"cogbs\",\"@id\":\"https:\/\/emep.org\/es\/#\/schema\/person\/2de7e62bd3cb0bafdbe6b129009be3d0\"},\"headline\":\"Contin\u00faan los atentados por todo el pa\u00eds y el presidente &#8216;insiste en sus amenazas&#8217; a cualquiera que se interponga en su camino\",\"datePublished\":\"2016-01-22T09:50:20+00:00\",\"mainEntityOfPage\":{\"@id\":\"https:\/\/emep.org\/es\/continuan-los-atentados-por-todo-el-pais-y-el-presidente-insiste-en-sus-amenazas-a-cualquiera-que-se-interponga-en-su-camino\"},\"wordCount\":569,\"image\":{\"@id\":\"https:\/\/emep.org\/es\/continuan-los-atentados-por-todo-el-pais-y-el-presidente-insiste-en-sus-amenazas-a-cualquiera-que-se-interponga-en-su-camino#primaryimage\"},\"thumbnailUrl\":\"https:\/\/emep.org\/es\/wp-content\/uploads\/2016\/01\/1983048_6-1.jpg\",\"articleSection\":[\"espanol\"],\"inLanguage\":\"tr\"},{\"@type\":\"WebPage\",\"@id\":\"https:\/\/emep.org\/es\/continuan-los-atentados-por-todo-el-pais-y-el-presidente-insiste-en-sus-amenazas-a-cualquiera-que-se-interponga-en-su-camino\",\"url\":\"https:\/\/emep.org\/es\/continuan-los-atentados-por-todo-el-pais-y-el-presidente-insiste-en-sus-amenazas-a-cualquiera-que-se-interponga-en-su-camino\",\"name\":\"Contin\u00faan los atentados por todo el pa\u00eds y el presidente 'insiste en sus amenazas' a cualquiera que se interponga en su camino - Partido del Trabajo (EMEP)\",\"isPartOf\":{\"@id\":\"https:\/\/emep.org\/es\/#website\"},\"primaryImageOfPage\":{\"@id\":\"https:\/\/emep.org\/es\/continuan-los-atentados-por-todo-el-pais-y-el-presidente-insiste-en-sus-amenazas-a-cualquiera-que-se-interponga-en-su-camino#primaryimage\"},\"image\":{\"@id\":\"https:\/\/emep.org\/es\/continuan-los-atentados-por-todo-el-pais-y-el-presidente-insiste-en-sus-amenazas-a-cualquiera-que-se-interponga-en-su-camino#primaryimage\"},\"thumbnailUrl\":\"https:\/\/emep.org\/es\/wp-content\/uploads\/2016\/01\/1983048_6-1.jpg\",\"datePublished\":\"2016-01-22T09:50:20+00:00\",\"author\":{\"@id\":\"https:\/\/emep.org\/es\/#\/schema\/person\/2de7e62bd3cb0bafdbe6b129009be3d0\"},\"breadcrumb\":{\"@id\":\"https:\/\/emep.org\/es\/continuan-los-atentados-por-todo-el-pais-y-el-presidente-insiste-en-sus-amenazas-a-cualquiera-que-se-interponga-en-su-camino#breadcrumb\"},\"inLanguage\":\"tr\",\"potentialAction\":[{\"@type\":\"ReadAction\",\"target\":[\"https:\/\/emep.org\/es\/continuan-los-atentados-por-todo-el-pais-y-el-presidente-insiste-en-sus-amenazas-a-cualquiera-que-se-interponga-en-su-camino\"]}]},{\"@type\":\"ImageObject\",\"inLanguage\":\"tr\",\"@id\":\"https:\/\/emep.org\/es\/continuan-los-atentados-por-todo-el-pais-y-el-presidente-insiste-en-sus-amenazas-a-cualquiera-que-se-interponga-en-su-camino#primaryimage\",\"url\":\"https:\/\/emep.org\/es\/wp-content\/uploads\/2016\/01\/1983048_6-1.jpg\",\"contentUrl\":\"https:\/\/emep.org\/es\/wp-content\/uploads\/2016\/01\/1983048_6-1.jpg\",\"width\":820,\"height\":547},{\"@type\":\"BreadcrumbList\",\"@id\":\"https:\/\/emep.org\/es\/continuan-los-atentados-por-todo-el-pais-y-el-presidente-insiste-en-sus-amenazas-a-cualquiera-que-se-interponga-en-su-camino#breadcrumb\",\"itemListElement\":[{\"@type\":\"ListItem\",\"position\":1,\"name\":\"Home\",\"item\":\"https:\/\/emep.org\/es\/\"},{\"@type\":\"ListItem\",\"position\":2,\"name\":\"Contin\u00faan los atentados por todo el pa\u00eds y el presidente &#8216;insiste en sus amenazas&#8217; a cualquiera que se interponga en su camino\"}]},{\"@type\":\"WebSite\",\"@id\":\"https:\/\/emep.org\/es\/#website\",\"url\":\"https:\/\/emep.org\/es\/\",\"name\":\"Partido del Trabajo (EMEP)\",\"description\":\"\u00a1Trabajadores del mundo, \u00fananse!\",\"potentialAction\":[{\"@type\":\"SearchAction\",\"target\":{\"@type\":\"EntryPoint\",\"urlTemplate\":\"https:\/\/emep.org\/es\/?s={search_term_string}\"},\"query-input\":{\"@type\":\"PropertyValueSpecification\",\"valueRequired\":true,\"valueName\":\"search_term_string\"}}],\"inLanguage\":\"tr\"},{\"@type\":\"Person\",\"@id\":\"https:\/\/emep.org\/es\/#\/schema\/person\/2de7e62bd3cb0bafdbe6b129009be3d0\",\"name\":\"cogbs\",\"sameAs\":[\"https:\/\/emep.org\/es\"],\"url\":\"https:\/\/emep.org\/es\/author\/cogbs\"}]}<\/script>\n<!-- \/ Yoast SEO plugin. -->","yoast_head_json":{"title":"Contin\u00faan los atentados por todo el pa\u00eds y el presidente 'insiste en sus amenazas' a cualquiera que se interponga en su camino - Partido del Trabajo (EMEP)","robots":{"index":"index","follow":"follow","max-snippet":"max-snippet:-1","max-image-preview":"max-image-preview:large","max-video-preview":"max-video-preview:-1"},"canonical":"https:\/\/emep.org\/es\/continuan-los-atentados-por-todo-el-pais-y-el-presidente-insiste-en-sus-amenazas-a-cualquiera-que-se-interponga-en-su-camino","og_locale":"tr_TR","og_type":"article","og_title":"Contin\u00faan los atentados por todo el pa\u00eds y el presidente 'insiste en sus amenazas' a cualquiera que se interponga en su camino - Partido del Trabajo (EMEP)","og_description":"10 personas murieron y 15 resultaron heridas en el atentado suicida de ayer perpetrado por el Estado Isl\u00e1mico (EI) en la Plaza de Sultanahmet. Esta masacre podr\u00eda haberse evitado si se hubieran aclarado las masacres de Reyhanli, Diyarbakir, Suru\u00e7 y Ankara y si se hubiera iniciado una lucha contra todos los apoyos pol\u00edticos, log\u00edsticos, etc....","og_url":"https:\/\/emep.org\/es\/continuan-los-atentados-por-todo-el-pais-y-el-presidente-insiste-en-sus-amenazas-a-cualquiera-que-se-interponga-en-su-camino","og_site_name":"Partido del Trabajo (EMEP)","article_published_time":"2016-01-22T09:50:20+00:00","og_image":[{"width":820,"height":547,"url":"https:\/\/emep.org\/es\/wp-content\/uploads\/2016\/01\/1983048_6-1.jpg","type":"image\/jpeg"}],"author":"cogbs","twitter_card":"summary_large_image","twitter_misc":{"Yazan:":"cogbs","Tahmini okuma s\u00fcresi":"3 dakika"},"schema":{"@context":"https:\/\/schema.org","@graph":[{"@type":"Article","@id":"https:\/\/emep.org\/es\/continuan-los-atentados-por-todo-el-pais-y-el-presidente-insiste-en-sus-amenazas-a-cualquiera-que-se-interponga-en-su-camino#article","isPartOf":{"@id":"https:\/\/emep.org\/es\/continuan-los-atentados-por-todo-el-pais-y-el-presidente-insiste-en-sus-amenazas-a-cualquiera-que-se-interponga-en-su-camino"},"author":{"name":"cogbs","@id":"https:\/\/emep.org\/es\/#\/schema\/person\/2de7e62bd3cb0bafdbe6b129009be3d0"},"headline":"Contin\u00faan los atentados por todo el pa\u00eds y el presidente &#8216;insiste en sus amenazas&#8217; a cualquiera que se interponga en su camino","datePublished":"2016-01-22T09:50:20+00:00","mainEntityOfPage":{"@id":"https:\/\/emep.org\/es\/continuan-los-atentados-por-todo-el-pais-y-el-presidente-insiste-en-sus-amenazas-a-cualquiera-que-se-interponga-en-su-camino"},"wordCount":569,"image":{"@id":"https:\/\/emep.org\/es\/continuan-los-atentados-por-todo-el-pais-y-el-presidente-insiste-en-sus-amenazas-a-cualquiera-que-se-interponga-en-su-camino#primaryimage"},"thumbnailUrl":"https:\/\/emep.org\/es\/wp-content\/uploads\/2016\/01\/1983048_6-1.jpg","articleSection":["espanol"],"inLanguage":"tr"},{"@type":"WebPage","@id":"https:\/\/emep.org\/es\/continuan-los-atentados-por-todo-el-pais-y-el-presidente-insiste-en-sus-amenazas-a-cualquiera-que-se-interponga-en-su-camino","url":"https:\/\/emep.org\/es\/continuan-los-atentados-por-todo-el-pais-y-el-presidente-insiste-en-sus-amenazas-a-cualquiera-que-se-interponga-en-su-camino","name":"Contin\u00faan los atentados por todo el pa\u00eds y el presidente 'insiste en sus amenazas' a cualquiera que se interponga en su camino - Partido del Trabajo (EMEP)","isPartOf":{"@id":"https:\/\/emep.org\/es\/#website"},"primaryImageOfPage":{"@id":"https:\/\/emep.org\/es\/continuan-los-atentados-por-todo-el-pais-y-el-presidente-insiste-en-sus-amenazas-a-cualquiera-que-se-interponga-en-su-camino#primaryimage"},"image":{"@id":"https:\/\/emep.org\/es\/continuan-los-atentados-por-todo-el-pais-y-el-presidente-insiste-en-sus-amenazas-a-cualquiera-que-se-interponga-en-su-camino#primaryimage"},"thumbnailUrl":"https:\/\/emep.org\/es\/wp-content\/uploads\/2016\/01\/1983048_6-1.jpg","datePublished":"2016-01-22T09:50:20+00:00","author":{"@id":"https:\/\/emep.org\/es\/#\/schema\/person\/2de7e62bd3cb0bafdbe6b129009be3d0"},"breadcrumb":{"@id":"https:\/\/emep.org\/es\/continuan-los-atentados-por-todo-el-pais-y-el-presidente-insiste-en-sus-amenazas-a-cualquiera-que-se-interponga-en-su-camino#breadcrumb"},"inLanguage":"tr","potentialAction":[{"@type":"ReadAction","target":["https:\/\/emep.org\/es\/continuan-los-atentados-por-todo-el-pais-y-el-presidente-insiste-en-sus-amenazas-a-cualquiera-que-se-interponga-en-su-camino"]}]},{"@type":"ImageObject","inLanguage":"tr","@id":"https:\/\/emep.org\/es\/continuan-los-atentados-por-todo-el-pais-y-el-presidente-insiste-en-sus-amenazas-a-cualquiera-que-se-interponga-en-su-camino#primaryimage","url":"https:\/\/emep.org\/es\/wp-content\/uploads\/2016\/01\/1983048_6-1.jpg","contentUrl":"https:\/\/emep.org\/es\/wp-content\/uploads\/2016\/01\/1983048_6-1.jpg","width":820,"height":547},{"@type":"BreadcrumbList","@id":"https:\/\/emep.org\/es\/continuan-los-atentados-por-todo-el-pais-y-el-presidente-insiste-en-sus-amenazas-a-cualquiera-que-se-interponga-en-su-camino#breadcrumb","itemListElement":[{"@type":"ListItem","position":1,"name":"Home","item":"https:\/\/emep.org\/es\/"},{"@type":"ListItem","position":2,"name":"Contin\u00faan los atentados por todo el pa\u00eds y el presidente &#8216;insiste en sus amenazas&#8217; a cualquiera que se interponga en su camino"}]},{"@type":"WebSite","@id":"https:\/\/emep.org\/es\/#website","url":"https:\/\/emep.org\/es\/","name":"Partido del Trabajo (EMEP)","description":"\u00a1Trabajadores del mundo, \u00fananse!","potentialAction":[{"@type":"SearchAction","target":{"@type":"EntryPoint","urlTemplate":"https:\/\/emep.org\/es\/?s={search_term_string}"},"query-input":{"@type":"PropertyValueSpecification","valueRequired":true,"valueName":"search_term_string"}}],"inLanguage":"tr"},{"@type":"Person","@id":"https:\/\/emep.org\/es\/#\/schema\/person\/2de7e62bd3cb0bafdbe6b129009be3d0","name":"cogbs","sameAs":["https:\/\/emep.org\/es"],"url":"https:\/\/emep.org\/es\/author\/cogbs"}]}},"_links":{"self":[{"href":"https:\/\/emep.org\/es\/wp-json\/wp\/v2\/posts\/1361","targetHints":{"allow":["GET"]}}],"collection":[{"href":"https:\/\/emep.org\/es\/wp-json\/wp\/v2\/posts"}],"about":[{"href":"https:\/\/emep.org\/es\/wp-json\/wp\/v2\/types\/post"}],"author":[{"embeddable":true,"href":"https:\/\/emep.org\/es\/wp-json\/wp\/v2\/users\/1"}],"replies":[{"embeddable":true,"href":"https:\/\/emep.org\/es\/wp-json\/wp\/v2\/comments?post=1361"}],"version-history":[{"count":0,"href":"https:\/\/emep.org\/es\/wp-json\/wp\/v2\/posts\/1361\/revisions"}],"wp:featuredmedia":[{"embeddable":true,"href":"https:\/\/emep.org\/es\/wp-json\/wp\/v2\/media\/1362"}],"wp:attachment":[{"href":"https:\/\/emep.org\/es\/wp-json\/wp\/v2\/media?parent=1361"}],"wp:term":[{"taxonomy":"category","embeddable":true,"href":"https:\/\/emep.org\/es\/wp-json\/wp\/v2\/categories?post=1361"},{"taxonomy":"post_tag","embeddable":true,"href":"https:\/\/emep.org\/es\/wp-json\/wp\/v2\/tags?post=1361"}],"curies":[{"name":"wp","href":"https:\/\/api.w.org\/{rel}","templated":true}]}}