{"id":1680,"date":"2016-07-26T13:37:04","date_gmt":"2016-07-26T10:37:04","guid":{"rendered":"http:\/\/emep.org\/?p=1680"},"modified":"2016-07-26T13:37:04","modified_gmt":"2016-07-26T10:37:04","slug":"ni-el-golpe-ni-la-dictadura-unipersonal","status":"publish","type":"post","link":"https:\/\/emep.org\/es\/ni-el-golpe-ni-la-dictadura-unipersonal","title":{"rendered":"Ni el golpe ni la dictadura unipersonal!"},"content":{"rendered":"<style type=\"text\/css\" data-type=\"vc_cmsms_shortcodes-custom-css\"><\/style><p><strong>Una contra revoluci\u00f3n dentro de la contrarrevoluci\u00f3n!<\/strong><\/p>\n<p>En la noche del 15 de julio, Turqu\u00eda fue testigo de la toma de posesi\u00f3n de algunos puntos cr\u00edticos en dos importantes ciudades por parte de fuerzas militares. Los mentalizadores se hicieron cargo de la sede del Estado Mayor, del Comando General de Gendarmer\u00eda, una base a\u00e9rea y el aeropuerto de Atat\u00fcrk de Estambul.<\/p>\n<p>Los comandantes del Estado Mayor fueron detenidos. Los aviones cazas volaban a baja altura sobre ciudades y m\u00e1s tarde junto con helic\u00f3pteros bombardearon ciertos objetivos, incluyendo TBMM (Edificio del Parlamento de Turqu\u00eda), las inmediaciones de la Jefatura del Estado Mayor y de la Comandancia de las Fuerzas Especiales.<\/p>\n<p>Sin suficiente preparaci\u00f3n y fuerza, los golpistas, tal vez forzados a actuar por las circunstancias y posiblemente abandonados por sectores de las Fuerzas Armadas que se comprometieron a apoyar, llegaron a un callej\u00f3n sin salida en cuesti\u00f3n de horas.<\/p>\n<p>En primer lugar, no pudieron ganarse a la poblaci\u00f3n y su secci\u00f3n organizada. El golpe no fue apoyado por nadie, no tuvieron un\u00a0 cuerpo organizado como un partido pol\u00edtico o un sindicato. Los cuatro partidos pol\u00edticos en el Parlamento emitieron una declaraci\u00f3n conjunta contra el intento de golpe.<\/p>\n<p>Por otro lado, los conspiradores no pudieronatraer a su lado a las principales tropas dentro de las Fuerzas Armadas. Se enfrentaron a la polic\u00eda y las Fuerzas Especiales donde existen cientos de miles del personal esta controlados directamente por el gobierno.<\/p>\n<p>Militantes islamistas politizados, con yihadistas entre ellos, mostraron su nivel de organizaci\u00f3n al confrontar a los golpistas de la mano con la polic\u00eda. Estos grupos respondieron a las llamadas de\u00a0 \u201ctomar las calles\u201d por parte del\u00a0 Presidente Erdogan, a quien los conspiradores fallaron\u00a0 en su captura.<\/p>\n<p>Un creciente n\u00famero de partidarios del AKP y sectores de la poblaci\u00f3n que insiste en la democracia tambi\u00e9n llenaron las calles en desaf\u00edo al golpe.<\/p>\n<p>En un pa\u00eds donde han ocurrido diez golpes de estado, los \u00fanicos que pueden tener \u00e9xito son aquellos que est\u00e1n respaldados por los EE.UU.; a pesar de que la postura inicial fue ambigua, los conspiradores del 15 de julio no pudieron obtener el apoyo de los EE.UU. Y no tuvieron \u00e9xito.<\/p>\n<p>Sin embargo, no cabe duda que la l\u00ednea de la pol\u00edtica interior y exterior seguida por el gobierno del AKP y el Presidente Erdogan -que est\u00e1 creando de facto \u201cel poder de un solo hombre\u201d &#8211; arrastr\u00f3 a Turqu\u00eda a esta circunstancia del golpe.<\/p>\n<p>De hecho, durante el refer\u00e9ndum constitucional de 2010, la pretensi\u00f3n principal de la AKP y Erdogan era que estaban \u201cAjustando cuentas con la Constituci\u00f3n golpista\u201d de 1980 y que \u201cno habr\u00e1 m\u00e1s golpes de Estado en Turqu\u00eda\u201d!<\/p>\n<p>Esto no ha sucedido, el \u201cajustar cuentas con la constituci\u00f3n golpista\u201d nunca tuvo lugar, por el contrario se han adoptado medidas con el fin de destruir las ya debilitadas\u00a0 instituciones y\u00a0 libertades del pa\u00eds.<\/p>\n<p>Poco despu\u00e9s de ser elegido como presidente, Erdogan reclam\u00f3 \u201cde facto un cambio de r\u00e9gimen\u201d y afirm\u00f3 que el sistema parlamentario era \u201cun freno\u201d y tom\u00f3 medidas en esta direcci\u00f3n. El legislativo ha sido subordinado al poder ejecutivo. Se agrand\u00f3la \u201cvoluntad nacional\u201d; centrado \u00fanicamente en la \u201cpapeleta\u201d en lugar de los derechos y las libertades democr\u00e1ticas y se elimin\u00f3 la inmunidad de los diputados, avanzando a tal punto\u00a0 dedeshacerse de los parlamentarios no deseados.<\/p>\n<p>Para demostrar que \u201cvoluntad nacional\u201d significa la \u201cdecisi\u00f3n de un solo hombre\u201d, la voluntad del pueblola rechaz\u00f3 en las elecciones celebradas el 7 de junio el a\u00f1o 2015, en las que le dijo \u201cNo\u201d a la \u201cdictadura unipersonal\u201d<\/p>\n<p>A trav\u00e9s de la instigaci\u00f3n de la guerra contra los kurdos -alimentando el nacionalismo chovinista- el pa\u00eds fue arrastrado a la guerra y el caos y obligado a las elecciones el 1 de noviembre.<\/p>\n<p>La libertad de prensa se ha eliminado casi por completo. La libertad de expresi\u00f3n, particularmente la libertad de pensamiento, el derecho de reuni\u00f3n y a organizar manifestaciones se han hecho imposible. Manifestaciones como las del\u00a0 primero de mayo y hasta el derecho de los militantes del principal partido de la oposici\u00f3n a celebrar reuniones, se han negado.<\/p>\n<p>Los acad\u00e9micos que firmaron una petici\u00f3n de paz, llamando al gobierno a poner fin a sus operaciones militares en la regi\u00f3n kurda, han sido despedidos y encarcelados.<\/p>\n<p>Adem\u00e1s, se anunci\u00f3 recientemente que las administrativos municipales y locales del Partido Dem\u00f3cratico de los Pueblos elegidos por la gente ser\u00edan dados de alta y se sustituir\u00edan por administrativos arbitrariamente asignados por el gobierno.<\/p>\n<p>El poder ejecutivo se vio reforzada por la \u201cLey de Seguridad Interna\u201d, que dio poderes excepcionales a la polic\u00eda y a los gobernadores provinciales.<\/p>\n<p>En la guerra llevada a cabo en las ciudades kurdas, las fuerzas armadas est\u00e1n protegidas por la concesi\u00f3n de la inmunidad; los soldados no pueden ser juzgados sin el consentimiento del Primer Ministro.<\/p>\n<p>Estas acciones se va llevando a cabo a nivel nacional, en nombre de\u00a0 la \u201clucha contra el terror\u201d en lugar del \u201cproceso de paz\u201d y por la renovada alianza con los soldados de \u201cErgenekon\u201d, que hab\u00edan sido detenidos por planear el golpe contra el gobierno.<\/p>\n<p>La pol\u00edtica de guerra, los asedios en las ciudades con tanques y ca\u00f1ones, asesinatos de miles de personas, la eliminaci\u00f3n de los derechos democr\u00e1ticos y las libertades, han conducido al pa\u00eds a una situaci\u00f3n en la que no se puede gobernar en circunstancias ordinarias.<\/p>\n<p>Adem\u00e1s, el uso creciente de las armas permiti\u00f3 que soldados aumentaran su influencia en el gobierno. Esto hizo que el pa\u00eds fuera m\u00e1s d\u00e9bil ante intentos de golpe.<\/p>\n<p>El poder judicial se ha subordinado al poder ejecutivo, elConsejo Superior de Jueces y Fiscales, compuesto en su mayor\u00eda por miembros designados, han sido identificados como supuestos golpistas y reemplazados por \u2018tribunales especiales\u2019.<\/p>\n<p>Una tercera parte de los jueces y fiscales han sido reubicados. Antes del intento de golpe se declar\u00f3 que a excepci\u00f3n de los Presidentes de la Corte de Casaci\u00f3n y el Consejo de Estado, todos los miembros de ambas instituciones ser\u00edan designados por el poder ejecutivo.<\/p>\n<p>El fallido golpe fue seguido por despidos y detenciones de 2745 jueces y fiscales, entre ellos dos miembros del Tribunal Supremo, 140 miembros de la Corte Constitucional y 48 miembros del Consejo de Estado.<\/p>\n<p>En el\u00a0 mismo sentido han avanzado en la pol\u00edtica exterior, persiguiendo una pol\u00edtica de guerra dentro de los prop\u00f3sitos del expansionismo Nueva-otomana.<\/p>\n<p>La impracticabilidad y la falta de armon\u00eda de la pol\u00edtica exterior despu\u00e9s de la intervenci\u00f3n rusa en Siria causaron descontento y la b\u00fasqueda de alternativas entre las fuerzas dominantes. Las l\u00edneas rojas de gobierno del AKP sobre Siria en relaci\u00f3n con cuesti\u00f3n kurda y con el futuro del r\u00e9gimen de Bashar Assad, perdieron todo significado y lo obligaron al gobierno a un cambio de pol\u00edtica.<\/p>\n<p>Se adopt\u00f3 una l\u00ednea pol\u00edtica de normalizaci\u00f3n de las relaciones con Israel y Rusia. Sin embargo, el colapso de los objetivos de pol\u00edtica exterior -enfocado en la pol\u00edtica de guerra- condujo a un conflicto entre las camarillas gobernantes y provoc\u00f3 actividades militares.<\/p>\n<p>Por otra parte, las medidas adoptadas para unir a las clases dominantes en el nombre de transici\u00f3n a una dictadura de un solo hombre y un solo partido llevaron al descontento y desaz\u00f3n entre las fuerzas reaccionarias.<\/p>\n<p>Las sanciones tributarias, la exclusi\u00f3n de licitaciones gubernamentales y la puesta en com\u00fan de los recursos del gobierno, todos introducidos en un intento \u201cconvencer\u201d incluso a los grupos tradicionales de capital monopolista, son algunos de estos pasos.<\/p>\n<p>Las sanciones m\u00e1s graves fueron dirigidas contra el movimiento deG\u00fclen, un ex-aliado del AKP desde su fundaci\u00f3n, pero rompieron despu\u00e9s de las investigaciones de corrupci\u00f3n 17 al 25 de diciembre dirigidas al gobierno.<\/p>\n<p>Este movimiento de G\u00fclen no s\u00f3lo es islamista, sino tambi\u00e9n un fondo monetario grande.<\/p>\n<p>Con sus empresas bancarias y de inversiones, la compa\u00f1\u00eda minera m\u00e1s grande del pa\u00eds, su inversi\u00f3n generalizada en los sectores de medios de comunicaci\u00f3n y educaci\u00f3n y a trav\u00e9s de su alianza con AKP, este grupo penetr\u00f3 la mayor parte del aparato estatal; principalmente dentro de la polic\u00eda, el poder judicial y las Fuerzas Armadas.<\/p>\n<p>Despu\u00e9s del 25 de diciembre, este grupo fue declarado una \u201corganizaci\u00f3n terrorista\u201d, su entidad bancaria y la miner\u00eda fueron capturadas, los medios de comunicaci\u00f3n e instituciones educativas se cerraron; las empresas y los militantes fueron perseguidos y encarcelados.<\/p>\n<p>Despu\u00e9s de la limpieza en el poder judicial y la polic\u00eda, a medida que los nombramientos y ascensos en las Fuerzas Armadas, al final del mes de agosto\u00a0 las investigaciones, detenciones y procesos judiciales contra miembros de este grupo ya hab\u00edan comenzado.<\/p>\n<p>Esta fue la &#8220;\u00faltima gota&#8221;; las fuerzas organizadas de este grupo y otros grupos descontentos en el ej\u00e9rcito intentaron un golpe; consciente de las listas de limpieza, en lugar de ser dados de alta y encarcelados, que eran, en cierto modo, la presi\u00f3n en esta tentativa.<\/p>\n<p>Este golpe ha surgido como un enfrentamiento dentro de la clase dominante. Es innegable que el golpe -con sus primeras medidas indicadas en la ley marcial e inhibici\u00f3n- iba a avanzar en el aumento de la reacci\u00f3n, tanto en pol\u00edtica interior y exterior y por lo tanto repelerlo era importante.<\/p>\n<p>Sin embargo, est\u00e1 claro que con\u00a0 el intento de golpe se ha fortalecido la mano del reaccionismo de un solo hombre, reaccionismo de un solo partido del AKP. El Presidente Erdogan llam\u00f3 a este intento \u201cun regalo de Dios\u201d y afirm\u00f3 que le da una \u201coportunidad para limpiar el ej\u00e9rcito\u201d. Este intento expreso la composici\u00f3n ideol\u00f3gica islamista la polic\u00eda y la existencia de una organizaci\u00f3n militante leal a Erdo\u011fan que ha jugado un papel importante en la supresi\u00f3n del golpe despu\u00e9s que Erdo\u011fan los llam\u00f3 a salir a las calles. Adem\u00e1s, reforz\u00f3 esta base organizada del AKP dentro de la poblaci\u00f3n.<\/p>\n<p>Ahora, bajo el pretexto de \u201climpieza apresurada de los conspiradores\u201d, ha iniciado una extrema limpieza entre los jueces y fiscales, junto con la polic\u00eda y el ej\u00e9rcito.<\/p>\n<p>Est\u00e1 claro que esto va a servir para los fines de crear un mecanismo estatal que sigua s\u00f3lo las \u00f3rdenes de \u2018un solo hombre\u2019.<\/p>\n<p>El gobierno del AKP ya ha comenzado a legitimar esta purga con el pretexto de la lucha contra el \u2018terrorismo G\u00fclenista\u2019 y a tomar medidas en\u00e9rgicas contra los conspiradores del golpe. Aprovecharon del golpe fallido como catalizador para unir a la poblaci\u00f3n -a partir de la oposici\u00f3n burguesa- en torno a sus propios objetivos.<\/p>\n<p>Nuestro partido, EMEP, se opuso claramente el golpe. Pero tambi\u00e9n nuestro partido advierte a todos que la derrota del golpe por s\u00ed solo, no significa necesariamente que la \u201cdemocracia\u201d es el ganadora, porque para ganar la democracia con sus derechos y libertades requiere una lucha dura, y convocamos a todo el pueblo a la lucha para impedir la dictadura unipersonal, la dictadura de un solo partido.<\/p>\n","protected":false},"excerpt":{"rendered":"<p>Una contra revoluci\u00f3n dentro de la contrarrevoluci\u00f3n! En la noche del 15 de julio, Turqu\u00eda fue testigo de la toma de posesi\u00f3n de algunos puntos cr\u00edticos en dos importantes ciudades por parte de fuerzas militares. Los mentalizadores se hicieron cargo de la sede del Estado Mayor, del Comando General de Gendarmer\u00eda, una base a\u00e9rea y&#8230;<\/p>\n","protected":false},"author":1,"featured_media":1681,"comment_status":"closed","ping_status":"open","sticky":false,"template":"","format":"standard","meta":{"footnotes":""},"categories":[33],"tags":[],"class_list":["post-1680","post","type-post","status-publish","format-standard","has-post-thumbnail","hentry","category-espanol"],"yoast_head":"<!-- This site is optimized with the Yoast SEO plugin v27.2 - https:\/\/yoast.com\/product\/yoast-seo-wordpress\/ -->\n<title>Ni el golpe ni la dictadura unipersonal! - Partido del Trabajo (EMEP)<\/title>\n<meta name=\"robots\" content=\"index, follow, max-snippet:-1, max-image-preview:large, max-video-preview:-1\" \/>\n<link rel=\"canonical\" href=\"https:\/\/emep.org\/es\/ni-el-golpe-ni-la-dictadura-unipersonal\" \/>\n<meta property=\"og:locale\" content=\"tr_TR\" \/>\n<meta property=\"og:type\" content=\"article\" \/>\n<meta property=\"og:title\" content=\"Ni el golpe ni la dictadura unipersonal! - Partido del Trabajo (EMEP)\" \/>\n<meta property=\"og:description\" content=\"Una contra revoluci\u00f3n dentro de la contrarrevoluci\u00f3n! En la noche del 15 de julio, Turqu\u00eda fue testigo de la toma de posesi\u00f3n de algunos puntos cr\u00edticos en dos importantes ciudades por parte de fuerzas militares. Los mentalizadores se hicieron cargo de la sede del Estado Mayor, del Comando General de Gendarmer\u00eda, una base a\u00e9rea y...\" \/>\n<meta property=\"og:url\" content=\"https:\/\/emep.org\/es\/ni-el-golpe-ni-la-dictadura-unipersonal\" \/>\n<meta property=\"og:site_name\" content=\"Partido del Trabajo (EMEP)\" \/>\n<meta property=\"article:published_time\" content=\"2016-07-26T10:37:04+00:00\" \/>\n<meta property=\"og:image\" content=\"https:\/\/emep.org\/es\/wp-content\/uploads\/2016\/07\/haberr.jpg\" \/>\n\t<meta property=\"og:image:width\" content=\"900\" \/>\n\t<meta property=\"og:image:height\" content=\"600\" \/>\n\t<meta property=\"og:image:type\" content=\"image\/jpeg\" \/>\n<meta name=\"author\" content=\"cogbs\" \/>\n<meta name=\"twitter:card\" content=\"summary_large_image\" \/>\n<meta name=\"twitter:label1\" content=\"Yazan:\" \/>\n\t<meta name=\"twitter:data1\" content=\"cogbs\" \/>\n\t<meta name=\"twitter:label2\" content=\"Tahmini okuma s\u00fcresi\" \/>\n\t<meta name=\"twitter:data2\" content=\"10 dakika\" \/>\n<script type=\"application\/ld+json\" class=\"yoast-schema-graph\">{\"@context\":\"https:\/\/schema.org\",\"@graph\":[{\"@type\":\"Article\",\"@id\":\"https:\/\/emep.org\/es\/ni-el-golpe-ni-la-dictadura-unipersonal#article\",\"isPartOf\":{\"@id\":\"https:\/\/emep.org\/es\/ni-el-golpe-ni-la-dictadura-unipersonal\"},\"author\":{\"name\":\"cogbs\",\"@id\":\"https:\/\/emep.org\/es\/#\/schema\/person\/2de7e62bd3cb0bafdbe6b129009be3d0\"},\"headline\":\"Ni el golpe ni la dictadura unipersonal!\",\"datePublished\":\"2016-07-26T10:37:04+00:00\",\"mainEntityOfPage\":{\"@id\":\"https:\/\/emep.org\/es\/ni-el-golpe-ni-la-dictadura-unipersonal\"},\"wordCount\":1919,\"image\":{\"@id\":\"https:\/\/emep.org\/es\/ni-el-golpe-ni-la-dictadura-unipersonal#primaryimage\"},\"thumbnailUrl\":\"https:\/\/emep.org\/es\/wp-content\/uploads\/2016\/07\/haberr.jpg\",\"articleSection\":[\"espanol\"],\"inLanguage\":\"tr\"},{\"@type\":\"WebPage\",\"@id\":\"https:\/\/emep.org\/es\/ni-el-golpe-ni-la-dictadura-unipersonal\",\"url\":\"https:\/\/emep.org\/es\/ni-el-golpe-ni-la-dictadura-unipersonal\",\"name\":\"Ni el golpe ni la dictadura unipersonal! - Partido del Trabajo (EMEP)\",\"isPartOf\":{\"@id\":\"https:\/\/emep.org\/es\/#website\"},\"primaryImageOfPage\":{\"@id\":\"https:\/\/emep.org\/es\/ni-el-golpe-ni-la-dictadura-unipersonal#primaryimage\"},\"image\":{\"@id\":\"https:\/\/emep.org\/es\/ni-el-golpe-ni-la-dictadura-unipersonal#primaryimage\"},\"thumbnailUrl\":\"https:\/\/emep.org\/es\/wp-content\/uploads\/2016\/07\/haberr.jpg\",\"datePublished\":\"2016-07-26T10:37:04+00:00\",\"author\":{\"@id\":\"https:\/\/emep.org\/es\/#\/schema\/person\/2de7e62bd3cb0bafdbe6b129009be3d0\"},\"breadcrumb\":{\"@id\":\"https:\/\/emep.org\/es\/ni-el-golpe-ni-la-dictadura-unipersonal#breadcrumb\"},\"inLanguage\":\"tr\",\"potentialAction\":[{\"@type\":\"ReadAction\",\"target\":[\"https:\/\/emep.org\/es\/ni-el-golpe-ni-la-dictadura-unipersonal\"]}]},{\"@type\":\"ImageObject\",\"inLanguage\":\"tr\",\"@id\":\"https:\/\/emep.org\/es\/ni-el-golpe-ni-la-dictadura-unipersonal#primaryimage\",\"url\":\"https:\/\/emep.org\/es\/wp-content\/uploads\/2016\/07\/haberr.jpg\",\"contentUrl\":\"https:\/\/emep.org\/es\/wp-content\/uploads\/2016\/07\/haberr.jpg\",\"width\":900,\"height\":600},{\"@type\":\"BreadcrumbList\",\"@id\":\"https:\/\/emep.org\/es\/ni-el-golpe-ni-la-dictadura-unipersonal#breadcrumb\",\"itemListElement\":[{\"@type\":\"ListItem\",\"position\":1,\"name\":\"Home\",\"item\":\"https:\/\/emep.org\/es\/\"},{\"@type\":\"ListItem\",\"position\":2,\"name\":\"Ni el golpe ni la dictadura unipersonal!\"}]},{\"@type\":\"WebSite\",\"@id\":\"https:\/\/emep.org\/es\/#website\",\"url\":\"https:\/\/emep.org\/es\/\",\"name\":\"Partido del Trabajo (EMEP)\",\"description\":\"\u00a1Trabajadores del mundo, \u00fananse!\",\"potentialAction\":[{\"@type\":\"SearchAction\",\"target\":{\"@type\":\"EntryPoint\",\"urlTemplate\":\"https:\/\/emep.org\/es\/?s={search_term_string}\"},\"query-input\":{\"@type\":\"PropertyValueSpecification\",\"valueRequired\":true,\"valueName\":\"search_term_string\"}}],\"inLanguage\":\"tr\"},{\"@type\":\"Person\",\"@id\":\"https:\/\/emep.org\/es\/#\/schema\/person\/2de7e62bd3cb0bafdbe6b129009be3d0\",\"name\":\"cogbs\",\"sameAs\":[\"https:\/\/emep.org\/es\"],\"url\":\"https:\/\/emep.org\/es\/author\/cogbs\"}]}<\/script>\n<!-- \/ Yoast SEO plugin. -->","yoast_head_json":{"title":"Ni el golpe ni la dictadura unipersonal! - Partido del Trabajo (EMEP)","robots":{"index":"index","follow":"follow","max-snippet":"max-snippet:-1","max-image-preview":"max-image-preview:large","max-video-preview":"max-video-preview:-1"},"canonical":"https:\/\/emep.org\/es\/ni-el-golpe-ni-la-dictadura-unipersonal","og_locale":"tr_TR","og_type":"article","og_title":"Ni el golpe ni la dictadura unipersonal! - Partido del Trabajo (EMEP)","og_description":"Una contra revoluci\u00f3n dentro de la contrarrevoluci\u00f3n! En la noche del 15 de julio, Turqu\u00eda fue testigo de la toma de posesi\u00f3n de algunos puntos cr\u00edticos en dos importantes ciudades por parte de fuerzas militares. Los mentalizadores se hicieron cargo de la sede del Estado Mayor, del Comando General de Gendarmer\u00eda, una base a\u00e9rea y...","og_url":"https:\/\/emep.org\/es\/ni-el-golpe-ni-la-dictadura-unipersonal","og_site_name":"Partido del Trabajo (EMEP)","article_published_time":"2016-07-26T10:37:04+00:00","og_image":[{"width":900,"height":600,"url":"https:\/\/emep.org\/es\/wp-content\/uploads\/2016\/07\/haberr.jpg","type":"image\/jpeg"}],"author":"cogbs","twitter_card":"summary_large_image","twitter_misc":{"Yazan:":"cogbs","Tahmini okuma s\u00fcresi":"10 dakika"},"schema":{"@context":"https:\/\/schema.org","@graph":[{"@type":"Article","@id":"https:\/\/emep.org\/es\/ni-el-golpe-ni-la-dictadura-unipersonal#article","isPartOf":{"@id":"https:\/\/emep.org\/es\/ni-el-golpe-ni-la-dictadura-unipersonal"},"author":{"name":"cogbs","@id":"https:\/\/emep.org\/es\/#\/schema\/person\/2de7e62bd3cb0bafdbe6b129009be3d0"},"headline":"Ni el golpe ni la dictadura unipersonal!","datePublished":"2016-07-26T10:37:04+00:00","mainEntityOfPage":{"@id":"https:\/\/emep.org\/es\/ni-el-golpe-ni-la-dictadura-unipersonal"},"wordCount":1919,"image":{"@id":"https:\/\/emep.org\/es\/ni-el-golpe-ni-la-dictadura-unipersonal#primaryimage"},"thumbnailUrl":"https:\/\/emep.org\/es\/wp-content\/uploads\/2016\/07\/haberr.jpg","articleSection":["espanol"],"inLanguage":"tr"},{"@type":"WebPage","@id":"https:\/\/emep.org\/es\/ni-el-golpe-ni-la-dictadura-unipersonal","url":"https:\/\/emep.org\/es\/ni-el-golpe-ni-la-dictadura-unipersonal","name":"Ni el golpe ni la dictadura unipersonal! - Partido del Trabajo (EMEP)","isPartOf":{"@id":"https:\/\/emep.org\/es\/#website"},"primaryImageOfPage":{"@id":"https:\/\/emep.org\/es\/ni-el-golpe-ni-la-dictadura-unipersonal#primaryimage"},"image":{"@id":"https:\/\/emep.org\/es\/ni-el-golpe-ni-la-dictadura-unipersonal#primaryimage"},"thumbnailUrl":"https:\/\/emep.org\/es\/wp-content\/uploads\/2016\/07\/haberr.jpg","datePublished":"2016-07-26T10:37:04+00:00","author":{"@id":"https:\/\/emep.org\/es\/#\/schema\/person\/2de7e62bd3cb0bafdbe6b129009be3d0"},"breadcrumb":{"@id":"https:\/\/emep.org\/es\/ni-el-golpe-ni-la-dictadura-unipersonal#breadcrumb"},"inLanguage":"tr","potentialAction":[{"@type":"ReadAction","target":["https:\/\/emep.org\/es\/ni-el-golpe-ni-la-dictadura-unipersonal"]}]},{"@type":"ImageObject","inLanguage":"tr","@id":"https:\/\/emep.org\/es\/ni-el-golpe-ni-la-dictadura-unipersonal#primaryimage","url":"https:\/\/emep.org\/es\/wp-content\/uploads\/2016\/07\/haberr.jpg","contentUrl":"https:\/\/emep.org\/es\/wp-content\/uploads\/2016\/07\/haberr.jpg","width":900,"height":600},{"@type":"BreadcrumbList","@id":"https:\/\/emep.org\/es\/ni-el-golpe-ni-la-dictadura-unipersonal#breadcrumb","itemListElement":[{"@type":"ListItem","position":1,"name":"Home","item":"https:\/\/emep.org\/es\/"},{"@type":"ListItem","position":2,"name":"Ni el golpe ni la dictadura unipersonal!"}]},{"@type":"WebSite","@id":"https:\/\/emep.org\/es\/#website","url":"https:\/\/emep.org\/es\/","name":"Partido del Trabajo (EMEP)","description":"\u00a1Trabajadores del mundo, \u00fananse!","potentialAction":[{"@type":"SearchAction","target":{"@type":"EntryPoint","urlTemplate":"https:\/\/emep.org\/es\/?s={search_term_string}"},"query-input":{"@type":"PropertyValueSpecification","valueRequired":true,"valueName":"search_term_string"}}],"inLanguage":"tr"},{"@type":"Person","@id":"https:\/\/emep.org\/es\/#\/schema\/person\/2de7e62bd3cb0bafdbe6b129009be3d0","name":"cogbs","sameAs":["https:\/\/emep.org\/es"],"url":"https:\/\/emep.org\/es\/author\/cogbs"}]}},"_links":{"self":[{"href":"https:\/\/emep.org\/es\/wp-json\/wp\/v2\/posts\/1680","targetHints":{"allow":["GET"]}}],"collection":[{"href":"https:\/\/emep.org\/es\/wp-json\/wp\/v2\/posts"}],"about":[{"href":"https:\/\/emep.org\/es\/wp-json\/wp\/v2\/types\/post"}],"author":[{"embeddable":true,"href":"https:\/\/emep.org\/es\/wp-json\/wp\/v2\/users\/1"}],"replies":[{"embeddable":true,"href":"https:\/\/emep.org\/es\/wp-json\/wp\/v2\/comments?post=1680"}],"version-history":[{"count":0,"href":"https:\/\/emep.org\/es\/wp-json\/wp\/v2\/posts\/1680\/revisions"}],"wp:featuredmedia":[{"embeddable":true,"href":"https:\/\/emep.org\/es\/wp-json\/wp\/v2\/media\/1681"}],"wp:attachment":[{"href":"https:\/\/emep.org\/es\/wp-json\/wp\/v2\/media?parent=1680"}],"wp:term":[{"taxonomy":"category","embeddable":true,"href":"https:\/\/emep.org\/es\/wp-json\/wp\/v2\/categories?post=1680"},{"taxonomy":"post_tag","embeddable":true,"href":"https:\/\/emep.org\/es\/wp-json\/wp\/v2\/tags?post=1680"}],"curies":[{"name":"wp","href":"https:\/\/api.w.org\/{rel}","templated":true}]}}