{"id":1725,"date":"2016-08-27T18:18:07","date_gmt":"2016-08-27T15:18:07","guid":{"rendered":"http:\/\/emep.org\/?p=1725"},"modified":"2016-08-27T18:18:07","modified_gmt":"2016-08-27T15:18:07","slug":"retirarse-de-siria-para-que-acabe-la-guerra","status":"publish","type":"post","link":"https:\/\/emep.org\/es\/retirarse-de-siria-para-que-acabe-la-guerra","title":{"rendered":"\u00a1Retirarse de Siria para que acabe la guerra!"},"content":{"rendered":"<style type=\"text\/css\" data-type=\"vc_cmsms_shortcodes-custom-css\"><\/style><p>El bombardeo de Jarablus para atacar a ISIS, despu\u00e9s del ataque a una boda kurda en Gaziantep que se llev\u00f3 54 vidas, muestra que el gobierno no ha aprendido nada de los resultados de su pol\u00edtica en Siria. El viceprimer ministro, Numan Kurtulmus, ha declarado que \u201clo que Turqu\u00eda est\u00e1 sufriendo hoy es consecuencia de la pol\u00edtica en Siria\u201d. Sin embargo, esto no ha llevado a que el gobierno abandone su papel de avivar la lucha en Siria.<\/p>\n<p>Desde el comienzo, el gobierno\u00a0ha dicho que \u201cel oeste del \u00c9ufrates es nuestra l\u00ednea roja\u201d, que \u201cno se puede permitir una formaci\u00f3n kurda en el norte de Siria\u201d, que \u201cse deber\u00eda crear una zona de seguridad en la frontera\u201d, y ha hecho todo lo posible por redise\u00f1ar el mapa de Siria de acuerdo a sus propios intereses. Esta pol\u00edtica ha fracasado, pero el gobierno turco no ha retrocedido un paso en su posici\u00f3n en lo relativo a Siria.<\/p>\n<p>No obstante, los planes dise\u00f1ados por Ankara no se han cumplido: las Fuerzas Democr\u00e1ticas Sirias han cruzado las l\u00edneas rojas, han tomado Manjib y la ruta a Jarablus ha sido sitiada. La visita de la delegaci\u00f3n de Estados Unidos los dos \u00faltimos d\u00edas, la visita de Barzani, la anunciada visita de Putin, el intento de golpe de estado, el retorno de G\u00fclen, la masacre de la boda, el caso de Zarrab muestran las cartas que est\u00e1n sobre la mesa de negociaci\u00f3n y la sucia diplomacia multilateral llevada a cabo para alcanzar sus objetivos en Siria.<\/p>\n<p>Pese a todo, la estrategia dise\u00f1ada fuera de las fronteras sirias no culminar\u00e1 con \u00e9xito. Los representantes gubernamentales continuar\u00e1n cometiendo los mismos errores pese a haber dicho que \u201chemos cometido un error\u201d. Lo que hoy se aprecia no es m\u00e1s que una versi\u00f3n diferente de la misma pol\u00edtica.<\/p>\n<p>La pol\u00edtica del gobierno del AKP no ha tra\u00eddo m\u00e1s que desgracia y muerte a los pueblos de la zona. El apoyo facilitado a las fuerzas armadas yihadistas ha creado las condiciones para una guerra dentro de nuestras fronteras. El resultado de la fobia del gobierno hacia los kurdos ha supuesto el caos en la frontera con Siria y la devastaci\u00f3n dentro del pa\u00eds.<\/p>\n<p>Turqu\u00eda deber\u00eda mantener sus manos fuera de Siria, dejar de apoyar a las bandas armadas y evitar acuerdos con los poderes imperialistas, que continuar\u00e1n causando un ba\u00f1o de sangre en la regi\u00f3n. La insistencia de Turqu\u00eda en controlar partes de Siria, en interferir en el dise\u00f1o del mapa regional y en la demograf\u00eda de la zona significa que continuar\u00e1 la devastaci\u00f3n de las poblaciones de Siria y Turqu\u00eda.<\/p>\n<p>La \u00fanica forma de combatir estas pol\u00edticas de guerra es que la gente, los trabajadores, se unan en favor de la paz y la democracia. Esta necesidad est\u00e1 cada vez m\u00e1s clara conforme se aproxima el D\u00eda Internacional por la Paz del 1 de septiembre.<\/p>\n<p>Se deben abandonar las pol\u00edticas de guerra y cesar los ataques en territorio sirio. Se deben cerrar las fronteras a las fuerzas armadas reaccionarias, y los imperialistas tienen que dejar de interferir en la regi\u00f3n.<\/p>\n<p>Esta es la manera de evitar cometer errores en Siria y de proteger a nuestro pa\u00eds de los resultados de tales errores.<\/p>\n<p><strong>Selma G\u00fcrkan<\/strong><br \/>\n<strong>Presidenta<\/strong><\/p>\n","protected":false},"excerpt":{"rendered":"<p>El bombardeo de Jarablus para atacar a ISIS, despu\u00e9s del ataque a una boda kurda en Gaziantep que se llev\u00f3 54 vidas, muestra que el gobierno no ha aprendido nada de los resultados de su pol\u00edtica en Siria. El viceprimer ministro, Numan Kurtulmus, ha declarado que \u201clo que Turqu\u00eda est\u00e1 sufriendo hoy es consecuencia de&#8230;<\/p>\n","protected":false},"author":1,"featured_media":1726,"comment_status":"closed","ping_status":"open","sticky":false,"template":"","format":"standard","meta":{"footnotes":""},"categories":[33],"tags":[],"class_list":["post-1725","post","type-post","status-publish","format-standard","has-post-thumbnail","hentry","category-espanol"],"yoast_head":"<!-- This site is optimized with the Yoast SEO plugin v27.2 - https:\/\/yoast.com\/product\/yoast-seo-wordpress\/ -->\n<title>\u00a1Retirarse de Siria para que acabe la guerra! - Partido del Trabajo (EMEP)<\/title>\n<meta name=\"robots\" content=\"index, follow, max-snippet:-1, max-image-preview:large, max-video-preview:-1\" \/>\n<link rel=\"canonical\" href=\"https:\/\/emep.org\/es\/retirarse-de-siria-para-que-acabe-la-guerra\" \/>\n<meta property=\"og:locale\" content=\"tr_TR\" \/>\n<meta property=\"og:type\" content=\"article\" \/>\n<meta property=\"og:title\" content=\"\u00a1Retirarse de Siria para que acabe la guerra! - Partido del Trabajo (EMEP)\" \/>\n<meta property=\"og:description\" content=\"El bombardeo de Jarablus para atacar a ISIS, despu\u00e9s del ataque a una boda kurda en Gaziantep que se llev\u00f3 54 vidas, muestra que el gobierno no ha aprendido nada de los resultados de su pol\u00edtica en Siria. El viceprimer ministro, Numan Kurtulmus, ha declarado que \u201clo que Turqu\u00eda est\u00e1 sufriendo hoy es consecuencia de...\" \/>\n<meta property=\"og:url\" content=\"https:\/\/emep.org\/es\/retirarse-de-siria-para-que-acabe-la-guerra\" \/>\n<meta property=\"og:site_name\" content=\"Partido del Trabajo (EMEP)\" \/>\n<meta property=\"article:published_time\" content=\"2016-08-27T15:18:07+00:00\" \/>\n<meta property=\"og:image\" content=\"https:\/\/emep.org\/es\/wp-content\/uploads\/2016\/08\/osonun-ilk-icraati-sinirdaki-isid-bayragini-indirmek-oldu_dhapt12-1.jpg\" \/>\n\t<meta property=\"og:image:width\" content=\"900\" \/>\n\t<meta property=\"og:image:height\" content=\"600\" \/>\n\t<meta property=\"og:image:type\" content=\"image\/jpeg\" \/>\n<meta name=\"author\" content=\"cogbs\" \/>\n<meta name=\"twitter:card\" content=\"summary_large_image\" \/>\n<meta name=\"twitter:label1\" content=\"Yazan:\" \/>\n\t<meta name=\"twitter:data1\" content=\"cogbs\" \/>\n\t<meta name=\"twitter:label2\" content=\"Tahmini okuma s\u00fcresi\" \/>\n\t<meta name=\"twitter:data2\" content=\"3 dakika\" \/>\n<script type=\"application\/ld+json\" class=\"yoast-schema-graph\">{\"@context\":\"https:\/\/schema.org\",\"@graph\":[{\"@type\":\"Article\",\"@id\":\"https:\/\/emep.org\/es\/retirarse-de-siria-para-que-acabe-la-guerra#article\",\"isPartOf\":{\"@id\":\"https:\/\/emep.org\/es\/retirarse-de-siria-para-que-acabe-la-guerra\"},\"author\":{\"name\":\"cogbs\",\"@id\":\"https:\/\/emep.org\/es\/#\/schema\/person\/2de7e62bd3cb0bafdbe6b129009be3d0\"},\"headline\":\"\u00a1Retirarse de Siria para que acabe la guerra!\",\"datePublished\":\"2016-08-27T15:18:07+00:00\",\"mainEntityOfPage\":{\"@id\":\"https:\/\/emep.org\/es\/retirarse-de-siria-para-que-acabe-la-guerra\"},\"wordCount\":588,\"image\":{\"@id\":\"https:\/\/emep.org\/es\/retirarse-de-siria-para-que-acabe-la-guerra#primaryimage\"},\"thumbnailUrl\":\"https:\/\/emep.org\/es\/wp-content\/uploads\/2016\/08\/osonun-ilk-icraati-sinirdaki-isid-bayragini-indirmek-oldu_dhapt12-1.jpg\",\"articleSection\":[\"espanol\"],\"inLanguage\":\"tr\"},{\"@type\":\"WebPage\",\"@id\":\"https:\/\/emep.org\/es\/retirarse-de-siria-para-que-acabe-la-guerra\",\"url\":\"https:\/\/emep.org\/es\/retirarse-de-siria-para-que-acabe-la-guerra\",\"name\":\"\u00a1Retirarse de Siria para que acabe la guerra! - Partido del Trabajo (EMEP)\",\"isPartOf\":{\"@id\":\"https:\/\/emep.org\/es\/#website\"},\"primaryImageOfPage\":{\"@id\":\"https:\/\/emep.org\/es\/retirarse-de-siria-para-que-acabe-la-guerra#primaryimage\"},\"image\":{\"@id\":\"https:\/\/emep.org\/es\/retirarse-de-siria-para-que-acabe-la-guerra#primaryimage\"},\"thumbnailUrl\":\"https:\/\/emep.org\/es\/wp-content\/uploads\/2016\/08\/osonun-ilk-icraati-sinirdaki-isid-bayragini-indirmek-oldu_dhapt12-1.jpg\",\"datePublished\":\"2016-08-27T15:18:07+00:00\",\"author\":{\"@id\":\"https:\/\/emep.org\/es\/#\/schema\/person\/2de7e62bd3cb0bafdbe6b129009be3d0\"},\"breadcrumb\":{\"@id\":\"https:\/\/emep.org\/es\/retirarse-de-siria-para-que-acabe-la-guerra#breadcrumb\"},\"inLanguage\":\"tr\",\"potentialAction\":[{\"@type\":\"ReadAction\",\"target\":[\"https:\/\/emep.org\/es\/retirarse-de-siria-para-que-acabe-la-guerra\"]}]},{\"@type\":\"ImageObject\",\"inLanguage\":\"tr\",\"@id\":\"https:\/\/emep.org\/es\/retirarse-de-siria-para-que-acabe-la-guerra#primaryimage\",\"url\":\"https:\/\/emep.org\/es\/wp-content\/uploads\/2016\/08\/osonun-ilk-icraati-sinirdaki-isid-bayragini-indirmek-oldu_dhapt12-1.jpg\",\"contentUrl\":\"https:\/\/emep.org\/es\/wp-content\/uploads\/2016\/08\/osonun-ilk-icraati-sinirdaki-isid-bayragini-indirmek-oldu_dhapt12-1.jpg\",\"width\":900,\"height\":600},{\"@type\":\"BreadcrumbList\",\"@id\":\"https:\/\/emep.org\/es\/retirarse-de-siria-para-que-acabe-la-guerra#breadcrumb\",\"itemListElement\":[{\"@type\":\"ListItem\",\"position\":1,\"name\":\"Home\",\"item\":\"https:\/\/emep.org\/es\/\"},{\"@type\":\"ListItem\",\"position\":2,\"name\":\"\u00a1Retirarse de Siria para que acabe la guerra!\"}]},{\"@type\":\"WebSite\",\"@id\":\"https:\/\/emep.org\/es\/#website\",\"url\":\"https:\/\/emep.org\/es\/\",\"name\":\"Partido del Trabajo (EMEP)\",\"description\":\"\u00a1Trabajadores del mundo, \u00fananse!\",\"potentialAction\":[{\"@type\":\"SearchAction\",\"target\":{\"@type\":\"EntryPoint\",\"urlTemplate\":\"https:\/\/emep.org\/es\/?s={search_term_string}\"},\"query-input\":{\"@type\":\"PropertyValueSpecification\",\"valueRequired\":true,\"valueName\":\"search_term_string\"}}],\"inLanguage\":\"tr\"},{\"@type\":\"Person\",\"@id\":\"https:\/\/emep.org\/es\/#\/schema\/person\/2de7e62bd3cb0bafdbe6b129009be3d0\",\"name\":\"cogbs\",\"sameAs\":[\"https:\/\/emep.org\/es\"],\"url\":\"https:\/\/emep.org\/es\/author\/cogbs\"}]}<\/script>\n<!-- \/ Yoast SEO plugin. -->","yoast_head_json":{"title":"\u00a1Retirarse de Siria para que acabe la guerra! - Partido del Trabajo (EMEP)","robots":{"index":"index","follow":"follow","max-snippet":"max-snippet:-1","max-image-preview":"max-image-preview:large","max-video-preview":"max-video-preview:-1"},"canonical":"https:\/\/emep.org\/es\/retirarse-de-siria-para-que-acabe-la-guerra","og_locale":"tr_TR","og_type":"article","og_title":"\u00a1Retirarse de Siria para que acabe la guerra! - Partido del Trabajo (EMEP)","og_description":"El bombardeo de Jarablus para atacar a ISIS, despu\u00e9s del ataque a una boda kurda en Gaziantep que se llev\u00f3 54 vidas, muestra que el gobierno no ha aprendido nada de los resultados de su pol\u00edtica en Siria. El viceprimer ministro, Numan Kurtulmus, ha declarado que \u201clo que Turqu\u00eda est\u00e1 sufriendo hoy es consecuencia de...","og_url":"https:\/\/emep.org\/es\/retirarse-de-siria-para-que-acabe-la-guerra","og_site_name":"Partido del Trabajo (EMEP)","article_published_time":"2016-08-27T15:18:07+00:00","og_image":[{"width":900,"height":600,"url":"https:\/\/emep.org\/es\/wp-content\/uploads\/2016\/08\/osonun-ilk-icraati-sinirdaki-isid-bayragini-indirmek-oldu_dhapt12-1.jpg","type":"image\/jpeg"}],"author":"cogbs","twitter_card":"summary_large_image","twitter_misc":{"Yazan:":"cogbs","Tahmini okuma s\u00fcresi":"3 dakika"},"schema":{"@context":"https:\/\/schema.org","@graph":[{"@type":"Article","@id":"https:\/\/emep.org\/es\/retirarse-de-siria-para-que-acabe-la-guerra#article","isPartOf":{"@id":"https:\/\/emep.org\/es\/retirarse-de-siria-para-que-acabe-la-guerra"},"author":{"name":"cogbs","@id":"https:\/\/emep.org\/es\/#\/schema\/person\/2de7e62bd3cb0bafdbe6b129009be3d0"},"headline":"\u00a1Retirarse de Siria para que acabe la guerra!","datePublished":"2016-08-27T15:18:07+00:00","mainEntityOfPage":{"@id":"https:\/\/emep.org\/es\/retirarse-de-siria-para-que-acabe-la-guerra"},"wordCount":588,"image":{"@id":"https:\/\/emep.org\/es\/retirarse-de-siria-para-que-acabe-la-guerra#primaryimage"},"thumbnailUrl":"https:\/\/emep.org\/es\/wp-content\/uploads\/2016\/08\/osonun-ilk-icraati-sinirdaki-isid-bayragini-indirmek-oldu_dhapt12-1.jpg","articleSection":["espanol"],"inLanguage":"tr"},{"@type":"WebPage","@id":"https:\/\/emep.org\/es\/retirarse-de-siria-para-que-acabe-la-guerra","url":"https:\/\/emep.org\/es\/retirarse-de-siria-para-que-acabe-la-guerra","name":"\u00a1Retirarse de Siria para que acabe la guerra! - Partido del Trabajo (EMEP)","isPartOf":{"@id":"https:\/\/emep.org\/es\/#website"},"primaryImageOfPage":{"@id":"https:\/\/emep.org\/es\/retirarse-de-siria-para-que-acabe-la-guerra#primaryimage"},"image":{"@id":"https:\/\/emep.org\/es\/retirarse-de-siria-para-que-acabe-la-guerra#primaryimage"},"thumbnailUrl":"https:\/\/emep.org\/es\/wp-content\/uploads\/2016\/08\/osonun-ilk-icraati-sinirdaki-isid-bayragini-indirmek-oldu_dhapt12-1.jpg","datePublished":"2016-08-27T15:18:07+00:00","author":{"@id":"https:\/\/emep.org\/es\/#\/schema\/person\/2de7e62bd3cb0bafdbe6b129009be3d0"},"breadcrumb":{"@id":"https:\/\/emep.org\/es\/retirarse-de-siria-para-que-acabe-la-guerra#breadcrumb"},"inLanguage":"tr","potentialAction":[{"@type":"ReadAction","target":["https:\/\/emep.org\/es\/retirarse-de-siria-para-que-acabe-la-guerra"]}]},{"@type":"ImageObject","inLanguage":"tr","@id":"https:\/\/emep.org\/es\/retirarse-de-siria-para-que-acabe-la-guerra#primaryimage","url":"https:\/\/emep.org\/es\/wp-content\/uploads\/2016\/08\/osonun-ilk-icraati-sinirdaki-isid-bayragini-indirmek-oldu_dhapt12-1.jpg","contentUrl":"https:\/\/emep.org\/es\/wp-content\/uploads\/2016\/08\/osonun-ilk-icraati-sinirdaki-isid-bayragini-indirmek-oldu_dhapt12-1.jpg","width":900,"height":600},{"@type":"BreadcrumbList","@id":"https:\/\/emep.org\/es\/retirarse-de-siria-para-que-acabe-la-guerra#breadcrumb","itemListElement":[{"@type":"ListItem","position":1,"name":"Home","item":"https:\/\/emep.org\/es\/"},{"@type":"ListItem","position":2,"name":"\u00a1Retirarse de Siria para que acabe la guerra!"}]},{"@type":"WebSite","@id":"https:\/\/emep.org\/es\/#website","url":"https:\/\/emep.org\/es\/","name":"Partido del Trabajo (EMEP)","description":"\u00a1Trabajadores del mundo, \u00fananse!","potentialAction":[{"@type":"SearchAction","target":{"@type":"EntryPoint","urlTemplate":"https:\/\/emep.org\/es\/?s={search_term_string}"},"query-input":{"@type":"PropertyValueSpecification","valueRequired":true,"valueName":"search_term_string"}}],"inLanguage":"tr"},{"@type":"Person","@id":"https:\/\/emep.org\/es\/#\/schema\/person\/2de7e62bd3cb0bafdbe6b129009be3d0","name":"cogbs","sameAs":["https:\/\/emep.org\/es"],"url":"https:\/\/emep.org\/es\/author\/cogbs"}]}},"_links":{"self":[{"href":"https:\/\/emep.org\/es\/wp-json\/wp\/v2\/posts\/1725","targetHints":{"allow":["GET"]}}],"collection":[{"href":"https:\/\/emep.org\/es\/wp-json\/wp\/v2\/posts"}],"about":[{"href":"https:\/\/emep.org\/es\/wp-json\/wp\/v2\/types\/post"}],"author":[{"embeddable":true,"href":"https:\/\/emep.org\/es\/wp-json\/wp\/v2\/users\/1"}],"replies":[{"embeddable":true,"href":"https:\/\/emep.org\/es\/wp-json\/wp\/v2\/comments?post=1725"}],"version-history":[{"count":0,"href":"https:\/\/emep.org\/es\/wp-json\/wp\/v2\/posts\/1725\/revisions"}],"wp:featuredmedia":[{"embeddable":true,"href":"https:\/\/emep.org\/es\/wp-json\/wp\/v2\/media\/1726"}],"wp:attachment":[{"href":"https:\/\/emep.org\/es\/wp-json\/wp\/v2\/media?parent=1725"}],"wp:term":[{"taxonomy":"category","embeddable":true,"href":"https:\/\/emep.org\/es\/wp-json\/wp\/v2\/categories?post=1725"},{"taxonomy":"post_tag","embeddable":true,"href":"https:\/\/emep.org\/es\/wp-json\/wp\/v2\/tags?post=1725"}],"curies":[{"name":"wp","href":"https:\/\/api.w.org\/{rel}","templated":true}]}}