{"id":1769,"date":"2016-09-30T11:01:38","date_gmt":"2016-09-30T08:01:38","guid":{"rendered":"http:\/\/emep.org\/?p=1769"},"modified":"2016-09-30T11:01:38","modified_gmt":"2016-09-30T08:01:38","slug":"la-libertad-de-informacion-no-se-puede-impedir","status":"publish","type":"post","link":"https:\/\/emep.org\/es\/la-libertad-de-informacion-no-se-puede-impedir","title":{"rendered":"\u00a1La libertad de informaci\u00f3n no se puede impedir!"},"content":{"rendered":"<style type=\"text\/css\" data-type=\"vc_cmsms_shortcodes-custom-css\"><\/style><p>Por orden del Gobierno fueron cerrados 12 canales de televisi\u00f3n y radio, entre ellos constan Hayat\u0131n Sesi TV, imc TV, TV10, Van TV, Jiyan TV y Zarok TV.<\/p>\n<p>De esta manera, el poder pol\u00edtico declara que no permitir\u00e1 que ning\u00fan canal de televisi\u00f3n, considerado como un problema a su pol\u00edtica, transmita a trav\u00e9s del sat\u00e9lite estatal T\u00dcRKSAT.<\/p>\n<p>El gobierno del AKP aprovecha el intento de golpe de Estado del pasado 15 de julio para acallar a los medios de comunicaci\u00f3n disidentes de las pol\u00edticas gubernamentales de explotaci\u00f3n y guerra implementados en Turqu\u00eda y en el exterior y golpea con fuerza a la libertad de prensa y al derecho a la libertad de informaci\u00f3n.<\/p>\n<p>Sin embargo, estos \u00f3rganos de prensa y los canales de televisi\u00f3n -que son la voz de millones de personas- no podr\u00e1n ser acallados por los gobiernos de los millonarios. El poder del capital es temporal; los pueblos y quienes representan su voz son permanentes.<\/p>\n<p>Ante esta censura, la clase obrera y los trabajadores deben defender a los canales de televisi\u00f3n creados con sus propias esfuerzas.<\/p>\n<p>Frente a la censura, defender el derecho a la libertad de informaci\u00f3n tiene una importancia fundamental para lograr la libertad de prensa.<\/p>\n<p>Por ello convocamos a todas las fuerzas de la paz y la democracia a rechazar esta violaci\u00f3n de derechos, a luchar para defender y conquistar la libertad de expresi\u00f3n y de prensa como parte de la lucha por la democracia.<\/p>\n<p><strong>Selma G\u00fcrkan<\/strong><br \/>\n<strong>Presidente<\/strong><\/p>\n","protected":false},"excerpt":{"rendered":"<p>Por orden del Gobierno fueron cerrados 12 canales de televisi\u00f3n y radio, entre ellos constan Hayat\u0131n Sesi TV, imc TV, TV10, Van TV, Jiyan TV y Zarok TV. De esta manera, el poder pol\u00edtico declara que no permitir\u00e1 que ning\u00fan canal de televisi\u00f3n, considerado como un problema a su pol\u00edtica, transmita a trav\u00e9s del sat\u00e9lite&#8230;<\/p>\n","protected":false},"author":1,"featured_media":1770,"comment_status":"closed","ping_status":"open","sticky":false,"template":"","format":"standard","meta":{"footnotes":""},"categories":[33],"tags":[],"class_list":["post-1769","post","type-post","status-publish","format-standard","has-post-thumbnail","hentry","category-espanol"],"yoast_head":"<!-- This site is optimized with the Yoast SEO plugin v27.2 - https:\/\/yoast.com\/product\/yoast-seo-wordpress\/ -->\n<title>\u00a1La libertad de informaci\u00f3n no se puede impedir! - Partido del Trabajo (EMEP)<\/title>\n<meta name=\"robots\" content=\"index, follow, max-snippet:-1, max-image-preview:large, max-video-preview:-1\" \/>\n<link rel=\"canonical\" href=\"https:\/\/emep.org\/es\/la-libertad-de-informacion-no-se-puede-impedir\" \/>\n<meta property=\"og:locale\" content=\"tr_TR\" \/>\n<meta property=\"og:type\" content=\"article\" \/>\n<meta property=\"og:title\" content=\"\u00a1La libertad de informaci\u00f3n no se puede impedir! - Partido del Trabajo (EMEP)\" \/>\n<meta property=\"og:description\" content=\"Por orden del Gobierno fueron cerrados 12 canales de televisi\u00f3n y radio, entre ellos constan Hayat\u0131n Sesi TV, imc TV, TV10, Van TV, Jiyan TV y Zarok TV. De esta manera, el poder pol\u00edtico declara que no permitir\u00e1 que ning\u00fan canal de televisi\u00f3n, considerado como un problema a su pol\u00edtica, transmita a trav\u00e9s del sat\u00e9lite...\" \/>\n<meta property=\"og:url\" content=\"https:\/\/emep.org\/es\/la-libertad-de-informacion-no-se-puede-impedir\" \/>\n<meta property=\"og:site_name\" content=\"Partido del Trabajo (EMEP)\" \/>\n<meta property=\"article:published_time\" content=\"2016-09-30T08:01:38+00:00\" \/>\n<meta property=\"og:image\" content=\"https:\/\/emep.org\/es\/wp-content\/uploads\/2016\/09\/61562.jpg\" \/>\n\t<meta property=\"og:image:width\" content=\"685\" \/>\n\t<meta property=\"og:image:height\" content=\"343\" \/>\n\t<meta property=\"og:image:type\" content=\"image\/jpeg\" \/>\n<meta name=\"author\" content=\"cogbs\" \/>\n<meta name=\"twitter:card\" content=\"summary_large_image\" \/>\n<meta name=\"twitter:label1\" content=\"Yazan:\" \/>\n\t<meta name=\"twitter:data1\" content=\"cogbs\" \/>\n\t<meta name=\"twitter:label2\" content=\"Tahmini okuma s\u00fcresi\" \/>\n\t<meta name=\"twitter:data2\" content=\"1 dakika\" \/>\n<script type=\"application\/ld+json\" class=\"yoast-schema-graph\">{\"@context\":\"https:\/\/schema.org\",\"@graph\":[{\"@type\":\"Article\",\"@id\":\"https:\/\/emep.org\/es\/la-libertad-de-informacion-no-se-puede-impedir#article\",\"isPartOf\":{\"@id\":\"https:\/\/emep.org\/es\/la-libertad-de-informacion-no-se-puede-impedir\"},\"author\":{\"name\":\"cogbs\",\"@id\":\"https:\/\/emep.org\/es\/#\/schema\/person\/2de7e62bd3cb0bafdbe6b129009be3d0\"},\"headline\":\"\u00a1La libertad de informaci\u00f3n no se puede impedir!\",\"datePublished\":\"2016-09-30T08:01:38+00:00\",\"mainEntityOfPage\":{\"@id\":\"https:\/\/emep.org\/es\/la-libertad-de-informacion-no-se-puede-impedir\"},\"wordCount\":271,\"image\":{\"@id\":\"https:\/\/emep.org\/es\/la-libertad-de-informacion-no-se-puede-impedir#primaryimage\"},\"thumbnailUrl\":\"https:\/\/emep.org\/es\/wp-content\/uploads\/2016\/09\/61562.jpg\",\"articleSection\":[\"espanol\"],\"inLanguage\":\"tr\"},{\"@type\":\"WebPage\",\"@id\":\"https:\/\/emep.org\/es\/la-libertad-de-informacion-no-se-puede-impedir\",\"url\":\"https:\/\/emep.org\/es\/la-libertad-de-informacion-no-se-puede-impedir\",\"name\":\"\u00a1La libertad de informaci\u00f3n no se puede impedir! - Partido del Trabajo (EMEP)\",\"isPartOf\":{\"@id\":\"https:\/\/emep.org\/es\/#website\"},\"primaryImageOfPage\":{\"@id\":\"https:\/\/emep.org\/es\/la-libertad-de-informacion-no-se-puede-impedir#primaryimage\"},\"image\":{\"@id\":\"https:\/\/emep.org\/es\/la-libertad-de-informacion-no-se-puede-impedir#primaryimage\"},\"thumbnailUrl\":\"https:\/\/emep.org\/es\/wp-content\/uploads\/2016\/09\/61562.jpg\",\"datePublished\":\"2016-09-30T08:01:38+00:00\",\"author\":{\"@id\":\"https:\/\/emep.org\/es\/#\/schema\/person\/2de7e62bd3cb0bafdbe6b129009be3d0\"},\"breadcrumb\":{\"@id\":\"https:\/\/emep.org\/es\/la-libertad-de-informacion-no-se-puede-impedir#breadcrumb\"},\"inLanguage\":\"tr\",\"potentialAction\":[{\"@type\":\"ReadAction\",\"target\":[\"https:\/\/emep.org\/es\/la-libertad-de-informacion-no-se-puede-impedir\"]}]},{\"@type\":\"ImageObject\",\"inLanguage\":\"tr\",\"@id\":\"https:\/\/emep.org\/es\/la-libertad-de-informacion-no-se-puede-impedir#primaryimage\",\"url\":\"https:\/\/emep.org\/es\/wp-content\/uploads\/2016\/09\/61562.jpg\",\"contentUrl\":\"https:\/\/emep.org\/es\/wp-content\/uploads\/2016\/09\/61562.jpg\",\"width\":685,\"height\":343},{\"@type\":\"BreadcrumbList\",\"@id\":\"https:\/\/emep.org\/es\/la-libertad-de-informacion-no-se-puede-impedir#breadcrumb\",\"itemListElement\":[{\"@type\":\"ListItem\",\"position\":1,\"name\":\"Home\",\"item\":\"https:\/\/emep.org\/es\/\"},{\"@type\":\"ListItem\",\"position\":2,\"name\":\"\u00a1La libertad de informaci\u00f3n no se puede impedir!\"}]},{\"@type\":\"WebSite\",\"@id\":\"https:\/\/emep.org\/es\/#website\",\"url\":\"https:\/\/emep.org\/es\/\",\"name\":\"Partido del Trabajo (EMEP)\",\"description\":\"\u00a1Trabajadores del mundo, \u00fananse!\",\"potentialAction\":[{\"@type\":\"SearchAction\",\"target\":{\"@type\":\"EntryPoint\",\"urlTemplate\":\"https:\/\/emep.org\/es\/?s={search_term_string}\"},\"query-input\":{\"@type\":\"PropertyValueSpecification\",\"valueRequired\":true,\"valueName\":\"search_term_string\"}}],\"inLanguage\":\"tr\"},{\"@type\":\"Person\",\"@id\":\"https:\/\/emep.org\/es\/#\/schema\/person\/2de7e62bd3cb0bafdbe6b129009be3d0\",\"name\":\"cogbs\",\"sameAs\":[\"https:\/\/emep.org\/es\"],\"url\":\"https:\/\/emep.org\/es\/author\/cogbs\"}]}<\/script>\n<!-- \/ Yoast SEO plugin. -->","yoast_head_json":{"title":"\u00a1La libertad de informaci\u00f3n no se puede impedir! - Partido del Trabajo (EMEP)","robots":{"index":"index","follow":"follow","max-snippet":"max-snippet:-1","max-image-preview":"max-image-preview:large","max-video-preview":"max-video-preview:-1"},"canonical":"https:\/\/emep.org\/es\/la-libertad-de-informacion-no-se-puede-impedir","og_locale":"tr_TR","og_type":"article","og_title":"\u00a1La libertad de informaci\u00f3n no se puede impedir! - Partido del Trabajo (EMEP)","og_description":"Por orden del Gobierno fueron cerrados 12 canales de televisi\u00f3n y radio, entre ellos constan Hayat\u0131n Sesi TV, imc TV, TV10, Van TV, Jiyan TV y Zarok TV. De esta manera, el poder pol\u00edtico declara que no permitir\u00e1 que ning\u00fan canal de televisi\u00f3n, considerado como un problema a su pol\u00edtica, transmita a trav\u00e9s del sat\u00e9lite...","og_url":"https:\/\/emep.org\/es\/la-libertad-de-informacion-no-se-puede-impedir","og_site_name":"Partido del Trabajo (EMEP)","article_published_time":"2016-09-30T08:01:38+00:00","og_image":[{"width":685,"height":343,"url":"https:\/\/emep.org\/es\/wp-content\/uploads\/2016\/09\/61562.jpg","type":"image\/jpeg"}],"author":"cogbs","twitter_card":"summary_large_image","twitter_misc":{"Yazan:":"cogbs","Tahmini okuma s\u00fcresi":"1 dakika"},"schema":{"@context":"https:\/\/schema.org","@graph":[{"@type":"Article","@id":"https:\/\/emep.org\/es\/la-libertad-de-informacion-no-se-puede-impedir#article","isPartOf":{"@id":"https:\/\/emep.org\/es\/la-libertad-de-informacion-no-se-puede-impedir"},"author":{"name":"cogbs","@id":"https:\/\/emep.org\/es\/#\/schema\/person\/2de7e62bd3cb0bafdbe6b129009be3d0"},"headline":"\u00a1La libertad de informaci\u00f3n no se puede impedir!","datePublished":"2016-09-30T08:01:38+00:00","mainEntityOfPage":{"@id":"https:\/\/emep.org\/es\/la-libertad-de-informacion-no-se-puede-impedir"},"wordCount":271,"image":{"@id":"https:\/\/emep.org\/es\/la-libertad-de-informacion-no-se-puede-impedir#primaryimage"},"thumbnailUrl":"https:\/\/emep.org\/es\/wp-content\/uploads\/2016\/09\/61562.jpg","articleSection":["espanol"],"inLanguage":"tr"},{"@type":"WebPage","@id":"https:\/\/emep.org\/es\/la-libertad-de-informacion-no-se-puede-impedir","url":"https:\/\/emep.org\/es\/la-libertad-de-informacion-no-se-puede-impedir","name":"\u00a1La libertad de informaci\u00f3n no se puede impedir! - Partido del Trabajo (EMEP)","isPartOf":{"@id":"https:\/\/emep.org\/es\/#website"},"primaryImageOfPage":{"@id":"https:\/\/emep.org\/es\/la-libertad-de-informacion-no-se-puede-impedir#primaryimage"},"image":{"@id":"https:\/\/emep.org\/es\/la-libertad-de-informacion-no-se-puede-impedir#primaryimage"},"thumbnailUrl":"https:\/\/emep.org\/es\/wp-content\/uploads\/2016\/09\/61562.jpg","datePublished":"2016-09-30T08:01:38+00:00","author":{"@id":"https:\/\/emep.org\/es\/#\/schema\/person\/2de7e62bd3cb0bafdbe6b129009be3d0"},"breadcrumb":{"@id":"https:\/\/emep.org\/es\/la-libertad-de-informacion-no-se-puede-impedir#breadcrumb"},"inLanguage":"tr","potentialAction":[{"@type":"ReadAction","target":["https:\/\/emep.org\/es\/la-libertad-de-informacion-no-se-puede-impedir"]}]},{"@type":"ImageObject","inLanguage":"tr","@id":"https:\/\/emep.org\/es\/la-libertad-de-informacion-no-se-puede-impedir#primaryimage","url":"https:\/\/emep.org\/es\/wp-content\/uploads\/2016\/09\/61562.jpg","contentUrl":"https:\/\/emep.org\/es\/wp-content\/uploads\/2016\/09\/61562.jpg","width":685,"height":343},{"@type":"BreadcrumbList","@id":"https:\/\/emep.org\/es\/la-libertad-de-informacion-no-se-puede-impedir#breadcrumb","itemListElement":[{"@type":"ListItem","position":1,"name":"Home","item":"https:\/\/emep.org\/es\/"},{"@type":"ListItem","position":2,"name":"\u00a1La libertad de informaci\u00f3n no se puede impedir!"}]},{"@type":"WebSite","@id":"https:\/\/emep.org\/es\/#website","url":"https:\/\/emep.org\/es\/","name":"Partido del Trabajo (EMEP)","description":"\u00a1Trabajadores del mundo, \u00fananse!","potentialAction":[{"@type":"SearchAction","target":{"@type":"EntryPoint","urlTemplate":"https:\/\/emep.org\/es\/?s={search_term_string}"},"query-input":{"@type":"PropertyValueSpecification","valueRequired":true,"valueName":"search_term_string"}}],"inLanguage":"tr"},{"@type":"Person","@id":"https:\/\/emep.org\/es\/#\/schema\/person\/2de7e62bd3cb0bafdbe6b129009be3d0","name":"cogbs","sameAs":["https:\/\/emep.org\/es"],"url":"https:\/\/emep.org\/es\/author\/cogbs"}]}},"_links":{"self":[{"href":"https:\/\/emep.org\/es\/wp-json\/wp\/v2\/posts\/1769","targetHints":{"allow":["GET"]}}],"collection":[{"href":"https:\/\/emep.org\/es\/wp-json\/wp\/v2\/posts"}],"about":[{"href":"https:\/\/emep.org\/es\/wp-json\/wp\/v2\/types\/post"}],"author":[{"embeddable":true,"href":"https:\/\/emep.org\/es\/wp-json\/wp\/v2\/users\/1"}],"replies":[{"embeddable":true,"href":"https:\/\/emep.org\/es\/wp-json\/wp\/v2\/comments?post=1769"}],"version-history":[{"count":0,"href":"https:\/\/emep.org\/es\/wp-json\/wp\/v2\/posts\/1769\/revisions"}],"wp:featuredmedia":[{"embeddable":true,"href":"https:\/\/emep.org\/es\/wp-json\/wp\/v2\/media\/1770"}],"wp:attachment":[{"href":"https:\/\/emep.org\/es\/wp-json\/wp\/v2\/media?parent=1769"}],"wp:term":[{"taxonomy":"category","embeddable":true,"href":"https:\/\/emep.org\/es\/wp-json\/wp\/v2\/categories?post=1769"},{"taxonomy":"post_tag","embeddable":true,"href":"https:\/\/emep.org\/es\/wp-json\/wp\/v2\/tags?post=1769"}],"curies":[{"name":"wp","href":"https:\/\/api.w.org\/{rel}","templated":true}]}}