{"id":1796,"date":"2016-10-14T12:06:09","date_gmt":"2016-10-14T09:06:09","guid":{"rendered":"http:\/\/emep.org\/?p=1796"},"modified":"2016-10-14T12:06:09","modified_gmt":"2016-10-14T09:06:09","slug":"el-10-de-octubre-no-es-solo-un-dia-para-el-recuerdo-sino-tambien-para-la-lucha","status":"publish","type":"post","link":"https:\/\/emep.org\/es\/el-10-de-octubre-no-es-solo-un-dia-para-el-recuerdo-sino-tambien-para-la-lucha","title":{"rendered":"El 10 de octubre no es s\u00f3lo un d\u00eda para el recuerdo, sino tambi\u00e9n para la lucha"},"content":{"rendered":"<style type=\"text\/css\" data-type=\"vc_cmsms_shortcodes-custom-css\"><\/style><p>Perdimos 101 amigos, incluidos 6 camaradas en la masacre de Ankara del 10 de octubre de 2015. Las reivindicaciones que coreaban ese d\u00eda negro en favor del trabajo, la paz y la democracia siguen siendo urgentes.<\/p>\n<p>La masacre se dio en una situaci\u00f3n de alta tensi\u00f3n en el pa\u00eds y en una regi\u00f3n cada vez m\u00e1s agraviada. La pol\u00edtica exterior neo-otomana expansionista del gobierno del AKP en Siria y en el Medio Oriente contribuy\u00f3 a empeorar la guerra; mediante pol\u00edticas sectarias y racistas se consigui\u00f3 polarizar y dividir al pueblo y liquidar los derechos de la clase obrera. Siguiendo a las explosiones que hab\u00edan sacudido a Reyhanli y Hatay en 2013, estos atentados siguieron sucedi\u00e9ndose como resultado de la pol\u00edtica gubernamental en Siria. Adem\u00e1s, descontentos con los resultados de las elecciones parlamentarias del 7 de junio de 2015, el gobierno decidi\u00f3 forzar nuevas elecciones. Tambi\u00e9n hab\u00eda decidido acabar con las negociaciones con los kurdos. Bajo estas condiciones, miles de personas se reunieron en Ankara para demandar paz y democracia. 101 manifestantes fueron asesinados frente a la estaci\u00f3n de ferrocarril de Ankara.<\/p>\n<p>Despu\u00e9s de esta masacre, nuevos atentados tuvieron lugar en Estambul, Gaziantep y Ankara. La tenaz pol\u00edtica de guerra desarrollada por los dirigentes dentro y fuera del pa\u00eds ha costado cientos de vidas. A parte de las explosiones de estos \u00faltimos a\u00f1os, Turqu\u00eda tambi\u00e9n ha sido testigo de un intento de golpe de estado. Tras \u00e9l, el gobierno, que calific\u00f3 a este intento fallido como \u201cun regalo de dios\u201d ha iniciado un contra golpe. Como parte de la operaci\u00f3n de limpieza, casi 100.000 trabajadores p\u00fablicos han sido despedidos, gran cantidad de personas han sido arrestadas y peri\u00f3dicos, radios y canales de TV disidentes han sido cerrados.<\/p>\n<p>Por tanto, el 10 de octubre no es s\u00f3lo un d\u00eda para conmemorar nuestras p\u00e9rdidas. Mientras se mantenga el clima pol\u00edtico que condujo a esta masacre, el 10 de octubre ser\u00e1 un d\u00eda para ajustar las cuentas con los responsables. Es el gobierno el que crea esta atm\u00f3sfera.<\/p>\n<p>La prohibici\u00f3n de la conmemoraci\u00f3n del 10 de octubre en Ankara no es aceptable en modo alguno. Pese a estos intentos, la verdad saldr\u00e1 a la luz y los responsables ser\u00e1n juzgados. Lucharemos por este objetivo hasta el final.<\/p>\n<p>Seg\u00fan se desprende de los expedientes del caso, la masacre se dio de manera flagrante. La lucha por revelar a quienes miraron para otro lado durante los preparativos, e incluso los facilitaron, continuar\u00e1. La lucha para que se juzgue y castigue a los cargos de cualquier nivel \u2013servicio de inteligencia, polic\u00eda, gobernadores, ministerio, etc.- responsables de esta masacre continuar\u00e1<\/p>\n<p>Hemos hecho una promesa a nuestros ca\u00eddos. Ganaremos la democracia, la paz y la libertad. El caso del 10 de octubre ser\u00e1 una recompensa legal y una lucha democr\u00e1tica contra el fascismo que el AKP est\u00e1 construyendo paso a paso.<\/p>\n<p>En un tiempo en que el pa\u00eds est\u00e1 siendo arrastrado al atolladero sirio, en que los choques y las masacres se suceden dentro de nuestras fronteras, en que la represi\u00f3n y la violencia policial aumentan, es no s\u00f3lo nuestro deber pol\u00edtico sino tambi\u00e9n nuestra obligaci\u00f3n con los ca\u00eddos en la masacre del 10 de octubre, incrementar la lucha en pro de la democracia y de la paz. Hacemos un llamamiento a todas las fuerzas obreras, por la paz y democr\u00e1ticas a unirse para alcanzar este objetivo.<\/p>\n<p><strong>Selma G\u00fcrkan<\/strong><br \/>\n<strong>Presidenta<\/strong><\/p>\n","protected":false},"excerpt":{"rendered":"<p>Perdimos 101 amigos, incluidos 6 camaradas en la masacre de Ankara del 10 de octubre de 2015. Las reivindicaciones que coreaban ese d\u00eda negro en favor del trabajo, la paz y la democracia siguen siendo urgentes. La masacre se dio en una situaci\u00f3n de alta tensi\u00f3n en el pa\u00eds y en una regi\u00f3n cada vez&#8230;<\/p>\n","protected":false},"author":1,"featured_media":1102,"comment_status":"closed","ping_status":"open","sticky":false,"template":"","format":"standard","meta":{"footnotes":""},"categories":[33],"tags":[],"class_list":["post-1796","post","type-post","status-publish","format-standard","has-post-thumbnail","hentry","category-espanol"],"yoast_head":"<!-- This site is optimized with the Yoast SEO plugin v27.2 - https:\/\/yoast.com\/product\/yoast-seo-wordpress\/ -->\n<title>El 10 de octubre no es s\u00f3lo un d\u00eda para el recuerdo, sino tambi\u00e9n para la lucha - Partido del Trabajo (EMEP)<\/title>\n<meta name=\"robots\" content=\"index, follow, max-snippet:-1, max-image-preview:large, max-video-preview:-1\" \/>\n<link rel=\"canonical\" href=\"https:\/\/emep.org\/es\/el-10-de-octubre-no-es-solo-un-dia-para-el-recuerdo-sino-tambien-para-la-lucha\" \/>\n<meta property=\"og:locale\" content=\"tr_TR\" \/>\n<meta property=\"og:type\" content=\"article\" \/>\n<meta property=\"og:title\" content=\"El 10 de octubre no es s\u00f3lo un d\u00eda para el recuerdo, sino tambi\u00e9n para la lucha - Partido del Trabajo (EMEP)\" \/>\n<meta property=\"og:description\" content=\"Perdimos 101 amigos, incluidos 6 camaradas en la masacre de Ankara del 10 de octubre de 2015. Las reivindicaciones que coreaban ese d\u00eda negro en favor del trabajo, la paz y la democracia siguen siendo urgentes. La masacre se dio en una situaci\u00f3n de alta tensi\u00f3n en el pa\u00eds y en una regi\u00f3n cada vez...\" \/>\n<meta property=\"og:url\" content=\"https:\/\/emep.org\/es\/el-10-de-octubre-no-es-solo-un-dia-para-el-recuerdo-sino-tambien-para-la-lucha\" \/>\n<meta property=\"og:site_name\" content=\"Partido del Trabajo (EMEP)\" \/>\n<meta property=\"article:published_time\" content=\"2016-10-14T09:06:09+00:00\" \/>\n<meta property=\"og:image\" content=\"https:\/\/emep.org\/es\/wp-content\/uploads\/2015\/10\/buzlu31.jpg\" \/>\n\t<meta property=\"og:image:width\" content=\"745\" \/>\n\t<meta property=\"og:image:height\" content=\"559\" \/>\n\t<meta property=\"og:image:type\" content=\"image\/jpeg\" \/>\n<meta name=\"author\" content=\"cogbs\" \/>\n<meta name=\"twitter:card\" content=\"summary_large_image\" \/>\n<meta name=\"twitter:label1\" content=\"Yazan:\" \/>\n\t<meta name=\"twitter:data1\" content=\"cogbs\" \/>\n\t<meta name=\"twitter:label2\" content=\"Tahmini okuma s\u00fcresi\" \/>\n\t<meta name=\"twitter:data2\" content=\"3 dakika\" \/>\n<script type=\"application\/ld+json\" class=\"yoast-schema-graph\">{\"@context\":\"https:\/\/schema.org\",\"@graph\":[{\"@type\":\"Article\",\"@id\":\"https:\/\/emep.org\/es\/el-10-de-octubre-no-es-solo-un-dia-para-el-recuerdo-sino-tambien-para-la-lucha#article\",\"isPartOf\":{\"@id\":\"https:\/\/emep.org\/es\/el-10-de-octubre-no-es-solo-un-dia-para-el-recuerdo-sino-tambien-para-la-lucha\"},\"author\":{\"name\":\"cogbs\",\"@id\":\"https:\/\/emep.org\/es\/#\/schema\/person\/2de7e62bd3cb0bafdbe6b129009be3d0\"},\"headline\":\"El 10 de octubre no es s\u00f3lo un d\u00eda para el recuerdo, sino tambi\u00e9n para la lucha\",\"datePublished\":\"2016-10-14T09:06:09+00:00\",\"mainEntityOfPage\":{\"@id\":\"https:\/\/emep.org\/es\/el-10-de-octubre-no-es-solo-un-dia-para-el-recuerdo-sino-tambien-para-la-lucha\"},\"wordCount\":613,\"image\":{\"@id\":\"https:\/\/emep.org\/es\/el-10-de-octubre-no-es-solo-un-dia-para-el-recuerdo-sino-tambien-para-la-lucha#primaryimage\"},\"thumbnailUrl\":\"https:\/\/emep.org\/es\/wp-content\/uploads\/2015\/10\/buzlu31.jpg\",\"articleSection\":[\"espanol\"],\"inLanguage\":\"tr\"},{\"@type\":\"WebPage\",\"@id\":\"https:\/\/emep.org\/es\/el-10-de-octubre-no-es-solo-un-dia-para-el-recuerdo-sino-tambien-para-la-lucha\",\"url\":\"https:\/\/emep.org\/es\/el-10-de-octubre-no-es-solo-un-dia-para-el-recuerdo-sino-tambien-para-la-lucha\",\"name\":\"El 10 de octubre no es s\u00f3lo un d\u00eda para el recuerdo, sino tambi\u00e9n para la lucha - Partido del Trabajo (EMEP)\",\"isPartOf\":{\"@id\":\"https:\/\/emep.org\/es\/#website\"},\"primaryImageOfPage\":{\"@id\":\"https:\/\/emep.org\/es\/el-10-de-octubre-no-es-solo-un-dia-para-el-recuerdo-sino-tambien-para-la-lucha#primaryimage\"},\"image\":{\"@id\":\"https:\/\/emep.org\/es\/el-10-de-octubre-no-es-solo-un-dia-para-el-recuerdo-sino-tambien-para-la-lucha#primaryimage\"},\"thumbnailUrl\":\"https:\/\/emep.org\/es\/wp-content\/uploads\/2015\/10\/buzlu31.jpg\",\"datePublished\":\"2016-10-14T09:06:09+00:00\",\"author\":{\"@id\":\"https:\/\/emep.org\/es\/#\/schema\/person\/2de7e62bd3cb0bafdbe6b129009be3d0\"},\"breadcrumb\":{\"@id\":\"https:\/\/emep.org\/es\/el-10-de-octubre-no-es-solo-un-dia-para-el-recuerdo-sino-tambien-para-la-lucha#breadcrumb\"},\"inLanguage\":\"tr\",\"potentialAction\":[{\"@type\":\"ReadAction\",\"target\":[\"https:\/\/emep.org\/es\/el-10-de-octubre-no-es-solo-un-dia-para-el-recuerdo-sino-tambien-para-la-lucha\"]}]},{\"@type\":\"ImageObject\",\"inLanguage\":\"tr\",\"@id\":\"https:\/\/emep.org\/es\/el-10-de-octubre-no-es-solo-un-dia-para-el-recuerdo-sino-tambien-para-la-lucha#primaryimage\",\"url\":\"https:\/\/emep.org\/es\/wp-content\/uploads\/2015\/10\/buzlu31.jpg\",\"contentUrl\":\"https:\/\/emep.org\/es\/wp-content\/uploads\/2015\/10\/buzlu31.jpg\",\"width\":745,\"height\":559},{\"@type\":\"BreadcrumbList\",\"@id\":\"https:\/\/emep.org\/es\/el-10-de-octubre-no-es-solo-un-dia-para-el-recuerdo-sino-tambien-para-la-lucha#breadcrumb\",\"itemListElement\":[{\"@type\":\"ListItem\",\"position\":1,\"name\":\"Home\",\"item\":\"https:\/\/emep.org\/es\/\"},{\"@type\":\"ListItem\",\"position\":2,\"name\":\"El 10 de octubre no es s\u00f3lo un d\u00eda para el recuerdo, sino tambi\u00e9n para la lucha\"}]},{\"@type\":\"WebSite\",\"@id\":\"https:\/\/emep.org\/es\/#website\",\"url\":\"https:\/\/emep.org\/es\/\",\"name\":\"Partido del Trabajo (EMEP)\",\"description\":\"\u00a1Trabajadores del mundo, \u00fananse!\",\"potentialAction\":[{\"@type\":\"SearchAction\",\"target\":{\"@type\":\"EntryPoint\",\"urlTemplate\":\"https:\/\/emep.org\/es\/?s={search_term_string}\"},\"query-input\":{\"@type\":\"PropertyValueSpecification\",\"valueRequired\":true,\"valueName\":\"search_term_string\"}}],\"inLanguage\":\"tr\"},{\"@type\":\"Person\",\"@id\":\"https:\/\/emep.org\/es\/#\/schema\/person\/2de7e62bd3cb0bafdbe6b129009be3d0\",\"name\":\"cogbs\",\"sameAs\":[\"https:\/\/emep.org\/es\"],\"url\":\"https:\/\/emep.org\/es\/author\/cogbs\"}]}<\/script>\n<!-- \/ Yoast SEO plugin. -->","yoast_head_json":{"title":"El 10 de octubre no es s\u00f3lo un d\u00eda para el recuerdo, sino tambi\u00e9n para la lucha - Partido del Trabajo (EMEP)","robots":{"index":"index","follow":"follow","max-snippet":"max-snippet:-1","max-image-preview":"max-image-preview:large","max-video-preview":"max-video-preview:-1"},"canonical":"https:\/\/emep.org\/es\/el-10-de-octubre-no-es-solo-un-dia-para-el-recuerdo-sino-tambien-para-la-lucha","og_locale":"tr_TR","og_type":"article","og_title":"El 10 de octubre no es s\u00f3lo un d\u00eda para el recuerdo, sino tambi\u00e9n para la lucha - Partido del Trabajo (EMEP)","og_description":"Perdimos 101 amigos, incluidos 6 camaradas en la masacre de Ankara del 10 de octubre de 2015. Las reivindicaciones que coreaban ese d\u00eda negro en favor del trabajo, la paz y la democracia siguen siendo urgentes. La masacre se dio en una situaci\u00f3n de alta tensi\u00f3n en el pa\u00eds y en una regi\u00f3n cada vez...","og_url":"https:\/\/emep.org\/es\/el-10-de-octubre-no-es-solo-un-dia-para-el-recuerdo-sino-tambien-para-la-lucha","og_site_name":"Partido del Trabajo (EMEP)","article_published_time":"2016-10-14T09:06:09+00:00","og_image":[{"width":745,"height":559,"url":"https:\/\/emep.org\/es\/wp-content\/uploads\/2015\/10\/buzlu31.jpg","type":"image\/jpeg"}],"author":"cogbs","twitter_card":"summary_large_image","twitter_misc":{"Yazan:":"cogbs","Tahmini okuma s\u00fcresi":"3 dakika"},"schema":{"@context":"https:\/\/schema.org","@graph":[{"@type":"Article","@id":"https:\/\/emep.org\/es\/el-10-de-octubre-no-es-solo-un-dia-para-el-recuerdo-sino-tambien-para-la-lucha#article","isPartOf":{"@id":"https:\/\/emep.org\/es\/el-10-de-octubre-no-es-solo-un-dia-para-el-recuerdo-sino-tambien-para-la-lucha"},"author":{"name":"cogbs","@id":"https:\/\/emep.org\/es\/#\/schema\/person\/2de7e62bd3cb0bafdbe6b129009be3d0"},"headline":"El 10 de octubre no es s\u00f3lo un d\u00eda para el recuerdo, sino tambi\u00e9n para la lucha","datePublished":"2016-10-14T09:06:09+00:00","mainEntityOfPage":{"@id":"https:\/\/emep.org\/es\/el-10-de-octubre-no-es-solo-un-dia-para-el-recuerdo-sino-tambien-para-la-lucha"},"wordCount":613,"image":{"@id":"https:\/\/emep.org\/es\/el-10-de-octubre-no-es-solo-un-dia-para-el-recuerdo-sino-tambien-para-la-lucha#primaryimage"},"thumbnailUrl":"https:\/\/emep.org\/es\/wp-content\/uploads\/2015\/10\/buzlu31.jpg","articleSection":["espanol"],"inLanguage":"tr"},{"@type":"WebPage","@id":"https:\/\/emep.org\/es\/el-10-de-octubre-no-es-solo-un-dia-para-el-recuerdo-sino-tambien-para-la-lucha","url":"https:\/\/emep.org\/es\/el-10-de-octubre-no-es-solo-un-dia-para-el-recuerdo-sino-tambien-para-la-lucha","name":"El 10 de octubre no es s\u00f3lo un d\u00eda para el recuerdo, sino tambi\u00e9n para la lucha - Partido del Trabajo (EMEP)","isPartOf":{"@id":"https:\/\/emep.org\/es\/#website"},"primaryImageOfPage":{"@id":"https:\/\/emep.org\/es\/el-10-de-octubre-no-es-solo-un-dia-para-el-recuerdo-sino-tambien-para-la-lucha#primaryimage"},"image":{"@id":"https:\/\/emep.org\/es\/el-10-de-octubre-no-es-solo-un-dia-para-el-recuerdo-sino-tambien-para-la-lucha#primaryimage"},"thumbnailUrl":"https:\/\/emep.org\/es\/wp-content\/uploads\/2015\/10\/buzlu31.jpg","datePublished":"2016-10-14T09:06:09+00:00","author":{"@id":"https:\/\/emep.org\/es\/#\/schema\/person\/2de7e62bd3cb0bafdbe6b129009be3d0"},"breadcrumb":{"@id":"https:\/\/emep.org\/es\/el-10-de-octubre-no-es-solo-un-dia-para-el-recuerdo-sino-tambien-para-la-lucha#breadcrumb"},"inLanguage":"tr","potentialAction":[{"@type":"ReadAction","target":["https:\/\/emep.org\/es\/el-10-de-octubre-no-es-solo-un-dia-para-el-recuerdo-sino-tambien-para-la-lucha"]}]},{"@type":"ImageObject","inLanguage":"tr","@id":"https:\/\/emep.org\/es\/el-10-de-octubre-no-es-solo-un-dia-para-el-recuerdo-sino-tambien-para-la-lucha#primaryimage","url":"https:\/\/emep.org\/es\/wp-content\/uploads\/2015\/10\/buzlu31.jpg","contentUrl":"https:\/\/emep.org\/es\/wp-content\/uploads\/2015\/10\/buzlu31.jpg","width":745,"height":559},{"@type":"BreadcrumbList","@id":"https:\/\/emep.org\/es\/el-10-de-octubre-no-es-solo-un-dia-para-el-recuerdo-sino-tambien-para-la-lucha#breadcrumb","itemListElement":[{"@type":"ListItem","position":1,"name":"Home","item":"https:\/\/emep.org\/es\/"},{"@type":"ListItem","position":2,"name":"El 10 de octubre no es s\u00f3lo un d\u00eda para el recuerdo, sino tambi\u00e9n para la lucha"}]},{"@type":"WebSite","@id":"https:\/\/emep.org\/es\/#website","url":"https:\/\/emep.org\/es\/","name":"Partido del Trabajo (EMEP)","description":"\u00a1Trabajadores del mundo, \u00fananse!","potentialAction":[{"@type":"SearchAction","target":{"@type":"EntryPoint","urlTemplate":"https:\/\/emep.org\/es\/?s={search_term_string}"},"query-input":{"@type":"PropertyValueSpecification","valueRequired":true,"valueName":"search_term_string"}}],"inLanguage":"tr"},{"@type":"Person","@id":"https:\/\/emep.org\/es\/#\/schema\/person\/2de7e62bd3cb0bafdbe6b129009be3d0","name":"cogbs","sameAs":["https:\/\/emep.org\/es"],"url":"https:\/\/emep.org\/es\/author\/cogbs"}]}},"_links":{"self":[{"href":"https:\/\/emep.org\/es\/wp-json\/wp\/v2\/posts\/1796","targetHints":{"allow":["GET"]}}],"collection":[{"href":"https:\/\/emep.org\/es\/wp-json\/wp\/v2\/posts"}],"about":[{"href":"https:\/\/emep.org\/es\/wp-json\/wp\/v2\/types\/post"}],"author":[{"embeddable":true,"href":"https:\/\/emep.org\/es\/wp-json\/wp\/v2\/users\/1"}],"replies":[{"embeddable":true,"href":"https:\/\/emep.org\/es\/wp-json\/wp\/v2\/comments?post=1796"}],"version-history":[{"count":0,"href":"https:\/\/emep.org\/es\/wp-json\/wp\/v2\/posts\/1796\/revisions"}],"wp:featuredmedia":[{"embeddable":true,"href":"https:\/\/emep.org\/es\/wp-json\/wp\/v2\/media\/1102"}],"wp:attachment":[{"href":"https:\/\/emep.org\/es\/wp-json\/wp\/v2\/media?parent=1796"}],"wp:term":[{"taxonomy":"category","embeddable":true,"href":"https:\/\/emep.org\/es\/wp-json\/wp\/v2\/categories?post=1796"},{"taxonomy":"post_tag","embeddable":true,"href":"https:\/\/emep.org\/es\/wp-json\/wp\/v2\/tags?post=1796"}],"curies":[{"name":"wp","href":"https:\/\/api.w.org\/{rel}","templated":true}]}}