{"id":2320,"date":"2017-05-06T13:27:32","date_gmt":"2017-05-06T10:27:32","guid":{"rendered":"http:\/\/emep.org\/?p=2320"},"modified":"2017-05-06T13:27:32","modified_gmt":"2017-05-06T10:27:32","slug":"no-habra-terminado-hasta-que-el-pueblo-lo-diga-la-lucha-por-una-turquia-democratica-se-levantara-por-todas-partes","status":"publish","type":"post","link":"https:\/\/emep.org\/es\/no-habra-terminado-hasta-que-el-pueblo-lo-diga-la-lucha-por-una-turquia-democratica-se-levantara-por-todas-partes","title":{"rendered":"NO HABR\u00c1 TERMINADO HASTA QUE EL PUEBLO LO DIGA \u00a1LA LUCHA POR UNA TURQU\u00cdA DEMOCR\u00c1TICA SE LEVANTAR\u00c1 POR TODAS PARTES!"},"content":{"rendered":"<style type=\"text\/css\" data-type=\"vc_cmsms_shortcodes-custom-css\"><\/style><div>Un refer\u00e9ndum hist\u00f3rico con el que se decid\u00eda c\u00f3mo ser\u00e1 gobernado el pa\u00eds, ha sido manchado por la intervenci\u00f3n del YSK (Consejo Supremo Electoral) que trastoc\u00f3 todo el resultado. Este esc\u00e1ndalo, junto con la polarizaci\u00f3n y el creciente descontento, desarrollaron la protesta popular y en defensa de sus votos, las masas populares han proclamado \u2018no\u2019 al mandato de un solo hombre.\u00a0 Este refer\u00e9ndum es nulo y debe ser anulado.<\/div>\n<div>La actitud correcta es confrontar a quienes dividen al pueblo con amenazas y opresi\u00f3n en nombre del r\u00e9gimen presidencial, reuni\u00e9ndose alrededor de las demandas de trabajo, paz y democracia.<\/div>\n<div>El hecho de que la diferencia entre el \u2018S\u00ed\u2019 y el \u2018No\u2019 en el refer\u00e9ndum fuera muy peque\u00f1a, incluso en condiciones injustas y desiguales, bajo el r\u00e9gimen del Estado de Emergencia (OHAL, en turco) y opresi\u00f3n, condujo a la intervenci\u00f3n y al fraude respecto a los resultados del refer\u00e9ndum. La intervenci\u00f3n del YSK, una instituci\u00f3n que se pretende neutral, no actu\u00f3 as\u00ed, sino como un \u00f3rgano propio del gobierno.<\/div>\n<div>La decisi\u00f3n del YSK -con la presi\u00f3n \u00a0del AKP y contra el juicio definitivo en la ley-, de aceptar votos no estampados antes de que terminara la votaci\u00f3n, legitim\u00f3 el fraude y el secuestro.<\/div>\n<div>Como si no fuera suficiente, toda la oposici\u00f3n y las demandas de anulaci\u00f3n han sido rechazados por el YSK; los resultados del refer\u00e9ndum, da\u00f1ados y cuya legalidad es discutible, fueron proclamados como triunfo del \u2018s\u00ed\u2019.<\/div>\n<div>Debido a que la opresi\u00f3n gubernamental fue tan fuerte, que oblig\u00f3 incluso a que el YSK actuara ilegalmente, profundiz\u00f3 la crisis de confianza que siente el pueblo hacia el Estado y la justicia. El hecho de que la intervenci\u00f3n fraudulenta en los resultados fue asumida como una falta de respeto a la voluntad popular, tampoco ha convencido a los votantes del \u2018S\u00ed\u2019 y por eso no existe un ambiente de \u00e9xito verdadero.<\/div>\n<div>Los grandes proyectos de construcci\u00f2n cuya carga recae sobre el p\u00fablico, los compromisos y los sobornos por refer\u00e9ndum, esta vez no han sido transferidos en los votos.<\/div>\n<div>Ni el uso exhaustivo de las disposiciones ideol\u00f3gico-pol\u00edticas tales como enemigo externo, terror, golpe militar, enemistad religioso-sectaria, racismo, etc. \u00a0y el alarmismo que apunta a dividir y polarizar a los trabajadores en \u00e1reas de producci\u00f3n y de vida, ni destacar todos estos elementos como un medio de propaganda para aplastar la oposici\u00f3n democr\u00e1tica callejera ha conducido al resultado deseado por parte del gobierno. Quienes imponen el r\u00e9gimen presidencialista y la continuaci\u00f3n de los 15 a\u00f1os del mandato tambi\u00e9n han sido derrotados pol\u00edticamente.<\/div>\n<div>En las ciudades industriales y comerciales donde la vida moderna, las relaciones y los conflictos de clases son dominantes, sobre todo en Estambul, cuya municipalidad es dirigida por el partido del gobierno desde 1994, triunf\u00f3 el voto \u2018No\u2019. El AKP y su aliado el MHP \u2013el partido ultra nacionalista- perdieron votos significativos en todas las metr\u00f3polis donde anteriormente obten\u00edan gran votaci\u00f3n.<\/div>\n<div>Consecuentemente, Erdo\u011fan -el Presidente de la Rep\u00fablica-, el gobierno del AKP y el capital que les respalda, no pudieron ganar el apoyo esperado entre los obreros urbanos, la juventud y las mujeres, a pesar de los esfuerzos para atraer sus votos.<\/div>\n<div>Frente a este escenario, el jefe del Estado, hablando constantemente de \u2018la voluntad del pueblo\u2019, habiendo declarado a la oposici\u00f3n como enemigo, manifest\u00f3 claramente su intenci\u00f3n de continuar el desorden, la arbitrariedad y la pol\u00edtica agresiva con su declaraci\u00f3n de \u201ces demasiado tarde en el dia\u201d antes de la declaraci\u00f3n oficial de los resultados.<\/div>\n<div>La extensi\u00f3n de la OHAL \u2013estado de emergencia- y los recordatorios de los arreglos para restaurar la pena de muerte, como un instrumento para disciplinar y amenazar a todos los sectores del p\u00fablico, son una expresi\u00f3n de agresi\u00f3n.<\/div>\n<div>El desempleo ha alcanzodo un 25% entre jovenes (un 13% en general), y los jovenes desempleados se expresaron por el No en las calles; la econom\u00eda crece la pobreza con aumentos de precios y pol\u00edticas de austeridad; millones de trabajadores y empleados p\u00fablicos son condenados a \u00a0condiciones precarias del trabajo y de la vida tras eliminaci\u00f3n de los derechos laborales particularmente el derecho a la indemnizaci\u00f3n y la seguridad del trabajo; el pueblo kurdo y su demanda de una vida conjunta democr\u00e1tica es sometido a condiciones de guerra y criminalizaci\u00f3n de la protesta en un intento de silenciarlo y empujarlo fuera de la escena pol\u00edtica.<\/div>\n<div>El frente parlamentario es potente para las nuevas crisis pol\u00edticas en el per\u00edodo de las leyes de ajuste&#8230; el prejuicio creciente contra 3.5 millones de trabajadores refugiados que tratan de sobrevivir, son vistos como una carga para el pa\u00eds y la sociedad turca, con mayores preocupaciones, inseguridades y enojo creciente.<\/div>\n<div>Este panorama muestra que estamos entrando en el per\u00edodo post-refer\u00e9ndum con muchos problemas como pa\u00eds y como pueblo. Los acontecimientos demuestran que los obreros, los trabajadores en general, las mujeres y los j\u00f3venes tenemos que luchar en condiciones m\u00e1s duras. Por lo tanto, necesitamos elevar la lucha por los derechos econ\u00f3micos, sociales, democr\u00e1ticos y por las libertades pol\u00edticas.<\/div>\n<div>Los resultados del refer\u00e9ndum que ignoran la voluntad del pueblo deben ser anulados. Necesitamos trabajar por una constituci\u00f3n democr\u00e1tica que incluya las demandas del pueblo, que sea inclusiva y preparada por una asamblea constituyente. Por lo tanto, necesitamos levantar protestas en las calles y nuestra oposici\u00f3n democr\u00e1tica para detener a los que intervienen fraudulentamente y secuestran los resultados, aquellos que hicieron que un refer\u00e9ndum perdido parezca un refer\u00e9ndum ganado.<\/div>\n<div>Necesitamos llevar la unidad y solidaridad de las fuerzas del trabajo, de la paz y democracia a las plazas del Primero del Mayo.<\/div>\n<div><\/div>\n<div><b>Comite Central Ejecutivo<\/b><\/div>\n","protected":false},"excerpt":{"rendered":"<p>Un refer\u00e9ndum hist\u00f3rico con el que se decid\u00eda c\u00f3mo ser\u00e1 gobernado el pa\u00eds, ha sido manchado por la intervenci\u00f3n del YSK (Consejo Supremo Electoral) que trastoc\u00f3 todo el resultado. Este esc\u00e1ndalo, junto con la polarizaci\u00f3n y el creciente descontento, desarrollaron la protesta popular y en defensa de sus votos, las masas populares han proclamado \u2018no\u2019&#8230;<\/p>\n","protected":false},"author":1,"featured_media":2322,"comment_status":"closed","ping_status":"open","sticky":false,"template":"","format":"standard","meta":{"footnotes":""},"categories":[33],"tags":[],"class_list":["post-2320","post","type-post","status-publish","format-standard","has-post-thumbnail","hentry","category-espanol"],"yoast_head":"<!-- This site is optimized with the Yoast SEO plugin v27.2 - https:\/\/yoast.com\/product\/yoast-seo-wordpress\/ -->\n<title>NO HABR\u00c1 TERMINADO HASTA QUE EL PUEBLO LO DIGA \u00a1LA LUCHA POR UNA TURQU\u00cdA DEMOCR\u00c1TICA SE LEVANTAR\u00c1 POR TODAS PARTES! - Partido del Trabajo (EMEP)<\/title>\n<meta name=\"robots\" content=\"index, follow, max-snippet:-1, max-image-preview:large, max-video-preview:-1\" \/>\n<link rel=\"canonical\" href=\"https:\/\/emep.org\/es\/no-habra-terminado-hasta-que-el-pueblo-lo-diga-la-lucha-por-una-turquia-democratica-se-levantara-por-todas-partes\" \/>\n<meta property=\"og:locale\" content=\"tr_TR\" \/>\n<meta property=\"og:type\" content=\"article\" \/>\n<meta property=\"og:title\" content=\"NO HABR\u00c1 TERMINADO HASTA QUE EL PUEBLO LO DIGA \u00a1LA LUCHA POR UNA TURQU\u00cdA DEMOCR\u00c1TICA SE LEVANTAR\u00c1 POR TODAS PARTES! - Partido del Trabajo (EMEP)\" \/>\n<meta property=\"og:description\" content=\"Un refer\u00e9ndum hist\u00f3rico con el que se decid\u00eda c\u00f3mo ser\u00e1 gobernado el pa\u00eds, ha sido manchado por la intervenci\u00f3n del YSK (Consejo Supremo Electoral) que trastoc\u00f3 todo el resultado. Este esc\u00e1ndalo, junto con la polarizaci\u00f3n y el creciente descontento, desarrollaron la protesta popular y en defensa de sus votos, las masas populares han proclamado \u2018no\u2019...\" \/>\n<meta property=\"og:url\" content=\"https:\/\/emep.org\/es\/no-habra-terminado-hasta-que-el-pueblo-lo-diga-la-lucha-por-una-turquia-democratica-se-levantara-por-todas-partes\" \/>\n<meta property=\"og:site_name\" content=\"Partido del Trabajo (EMEP)\" \/>\n<meta property=\"article:published_time\" content=\"2017-05-06T10:27:32+00:00\" \/>\n<meta property=\"og:image\" content=\"https:\/\/emep.org\/es\/wp-content\/uploads\/2017\/05\/h-1.jpg\" \/>\n\t<meta property=\"og:image:width\" content=\"745\" \/>\n\t<meta property=\"og:image:height\" content=\"485\" \/>\n\t<meta property=\"og:image:type\" content=\"image\/jpeg\" \/>\n<meta name=\"author\" content=\"cogbs\" \/>\n<meta name=\"twitter:card\" content=\"summary_large_image\" \/>\n<meta name=\"twitter:label1\" content=\"Yazan:\" \/>\n\t<meta name=\"twitter:data1\" content=\"cogbs\" \/>\n\t<meta name=\"twitter:label2\" content=\"Tahmini okuma s\u00fcresi\" \/>\n\t<meta name=\"twitter:data2\" content=\"5 dakika\" \/>\n<script type=\"application\/ld+json\" class=\"yoast-schema-graph\">{\"@context\":\"https:\/\/schema.org\",\"@graph\":[{\"@type\":\"Article\",\"@id\":\"https:\/\/emep.org\/es\/no-habra-terminado-hasta-que-el-pueblo-lo-diga-la-lucha-por-una-turquia-democratica-se-levantara-por-todas-partes#article\",\"isPartOf\":{\"@id\":\"https:\/\/emep.org\/es\/no-habra-terminado-hasta-que-el-pueblo-lo-diga-la-lucha-por-una-turquia-democratica-se-levantara-por-todas-partes\"},\"author\":{\"name\":\"cogbs\",\"@id\":\"https:\/\/emep.org\/es\/#\/schema\/person\/2de7e62bd3cb0bafdbe6b129009be3d0\"},\"headline\":\"NO HABR\u00c1 TERMINADO HASTA QUE EL PUEBLO LO DIGA \u00a1LA LUCHA POR UNA TURQU\u00cdA DEMOCR\u00c1TICA SE LEVANTAR\u00c1 POR TODAS PARTES!\",\"datePublished\":\"2017-05-06T10:27:32+00:00\",\"mainEntityOfPage\":{\"@id\":\"https:\/\/emep.org\/es\/no-habra-terminado-hasta-que-el-pueblo-lo-diga-la-lucha-por-una-turquia-democratica-se-levantara-por-todas-partes\"},\"wordCount\":1018,\"image\":{\"@id\":\"https:\/\/emep.org\/es\/no-habra-terminado-hasta-que-el-pueblo-lo-diga-la-lucha-por-una-turquia-democratica-se-levantara-por-todas-partes#primaryimage\"},\"thumbnailUrl\":\"https:\/\/emep.org\/es\/wp-content\/uploads\/2017\/05\/h-1.jpg\",\"articleSection\":[\"espanol\"],\"inLanguage\":\"tr\"},{\"@type\":\"WebPage\",\"@id\":\"https:\/\/emep.org\/es\/no-habra-terminado-hasta-que-el-pueblo-lo-diga-la-lucha-por-una-turquia-democratica-se-levantara-por-todas-partes\",\"url\":\"https:\/\/emep.org\/es\/no-habra-terminado-hasta-que-el-pueblo-lo-diga-la-lucha-por-una-turquia-democratica-se-levantara-por-todas-partes\",\"name\":\"NO HABR\u00c1 TERMINADO HASTA QUE EL PUEBLO LO DIGA \u00a1LA LUCHA POR UNA TURQU\u00cdA DEMOCR\u00c1TICA SE LEVANTAR\u00c1 POR TODAS PARTES! - Partido del Trabajo (EMEP)\",\"isPartOf\":{\"@id\":\"https:\/\/emep.org\/es\/#website\"},\"primaryImageOfPage\":{\"@id\":\"https:\/\/emep.org\/es\/no-habra-terminado-hasta-que-el-pueblo-lo-diga-la-lucha-por-una-turquia-democratica-se-levantara-por-todas-partes#primaryimage\"},\"image\":{\"@id\":\"https:\/\/emep.org\/es\/no-habra-terminado-hasta-que-el-pueblo-lo-diga-la-lucha-por-una-turquia-democratica-se-levantara-por-todas-partes#primaryimage\"},\"thumbnailUrl\":\"https:\/\/emep.org\/es\/wp-content\/uploads\/2017\/05\/h-1.jpg\",\"datePublished\":\"2017-05-06T10:27:32+00:00\",\"author\":{\"@id\":\"https:\/\/emep.org\/es\/#\/schema\/person\/2de7e62bd3cb0bafdbe6b129009be3d0\"},\"breadcrumb\":{\"@id\":\"https:\/\/emep.org\/es\/no-habra-terminado-hasta-que-el-pueblo-lo-diga-la-lucha-por-una-turquia-democratica-se-levantara-por-todas-partes#breadcrumb\"},\"inLanguage\":\"tr\",\"potentialAction\":[{\"@type\":\"ReadAction\",\"target\":[\"https:\/\/emep.org\/es\/no-habra-terminado-hasta-que-el-pueblo-lo-diga-la-lucha-por-una-turquia-democratica-se-levantara-por-todas-partes\"]}]},{\"@type\":\"ImageObject\",\"inLanguage\":\"tr\",\"@id\":\"https:\/\/emep.org\/es\/no-habra-terminado-hasta-que-el-pueblo-lo-diga-la-lucha-por-una-turquia-democratica-se-levantara-por-todas-partes#primaryimage\",\"url\":\"https:\/\/emep.org\/es\/wp-content\/uploads\/2017\/05\/h-1.jpg\",\"contentUrl\":\"https:\/\/emep.org\/es\/wp-content\/uploads\/2017\/05\/h-1.jpg\",\"width\":745,\"height\":485},{\"@type\":\"BreadcrumbList\",\"@id\":\"https:\/\/emep.org\/es\/no-habra-terminado-hasta-que-el-pueblo-lo-diga-la-lucha-por-una-turquia-democratica-se-levantara-por-todas-partes#breadcrumb\",\"itemListElement\":[{\"@type\":\"ListItem\",\"position\":1,\"name\":\"Home\",\"item\":\"https:\/\/emep.org\/es\/\"},{\"@type\":\"ListItem\",\"position\":2,\"name\":\"NO HABR\u00c1 TERMINADO HASTA QUE EL PUEBLO LO DIGA \u00a1LA LUCHA POR UNA TURQU\u00cdA DEMOCR\u00c1TICA SE LEVANTAR\u00c1 POR TODAS PARTES!\"}]},{\"@type\":\"WebSite\",\"@id\":\"https:\/\/emep.org\/es\/#website\",\"url\":\"https:\/\/emep.org\/es\/\",\"name\":\"Partido del Trabajo (EMEP)\",\"description\":\"\u00a1Trabajadores del mundo, \u00fananse!\",\"potentialAction\":[{\"@type\":\"SearchAction\",\"target\":{\"@type\":\"EntryPoint\",\"urlTemplate\":\"https:\/\/emep.org\/es\/?s={search_term_string}\"},\"query-input\":{\"@type\":\"PropertyValueSpecification\",\"valueRequired\":true,\"valueName\":\"search_term_string\"}}],\"inLanguage\":\"tr\"},{\"@type\":\"Person\",\"@id\":\"https:\/\/emep.org\/es\/#\/schema\/person\/2de7e62bd3cb0bafdbe6b129009be3d0\",\"name\":\"cogbs\",\"sameAs\":[\"https:\/\/emep.org\/es\"],\"url\":\"https:\/\/emep.org\/es\/author\/cogbs\"}]}<\/script>\n<!-- \/ Yoast SEO plugin. -->","yoast_head_json":{"title":"NO HABR\u00c1 TERMINADO HASTA QUE EL PUEBLO LO DIGA \u00a1LA LUCHA POR UNA TURQU\u00cdA DEMOCR\u00c1TICA SE LEVANTAR\u00c1 POR TODAS PARTES! - Partido del Trabajo (EMEP)","robots":{"index":"index","follow":"follow","max-snippet":"max-snippet:-1","max-image-preview":"max-image-preview:large","max-video-preview":"max-video-preview:-1"},"canonical":"https:\/\/emep.org\/es\/no-habra-terminado-hasta-que-el-pueblo-lo-diga-la-lucha-por-una-turquia-democratica-se-levantara-por-todas-partes","og_locale":"tr_TR","og_type":"article","og_title":"NO HABR\u00c1 TERMINADO HASTA QUE EL PUEBLO LO DIGA \u00a1LA LUCHA POR UNA TURQU\u00cdA DEMOCR\u00c1TICA SE LEVANTAR\u00c1 POR TODAS PARTES! - Partido del Trabajo (EMEP)","og_description":"Un refer\u00e9ndum hist\u00f3rico con el que se decid\u00eda c\u00f3mo ser\u00e1 gobernado el pa\u00eds, ha sido manchado por la intervenci\u00f3n del YSK (Consejo Supremo Electoral) que trastoc\u00f3 todo el resultado. Este esc\u00e1ndalo, junto con la polarizaci\u00f3n y el creciente descontento, desarrollaron la protesta popular y en defensa de sus votos, las masas populares han proclamado \u2018no\u2019...","og_url":"https:\/\/emep.org\/es\/no-habra-terminado-hasta-que-el-pueblo-lo-diga-la-lucha-por-una-turquia-democratica-se-levantara-por-todas-partes","og_site_name":"Partido del Trabajo (EMEP)","article_published_time":"2017-05-06T10:27:32+00:00","og_image":[{"width":745,"height":485,"url":"https:\/\/emep.org\/es\/wp-content\/uploads\/2017\/05\/h-1.jpg","type":"image\/jpeg"}],"author":"cogbs","twitter_card":"summary_large_image","twitter_misc":{"Yazan:":"cogbs","Tahmini okuma s\u00fcresi":"5 dakika"},"schema":{"@context":"https:\/\/schema.org","@graph":[{"@type":"Article","@id":"https:\/\/emep.org\/es\/no-habra-terminado-hasta-que-el-pueblo-lo-diga-la-lucha-por-una-turquia-democratica-se-levantara-por-todas-partes#article","isPartOf":{"@id":"https:\/\/emep.org\/es\/no-habra-terminado-hasta-que-el-pueblo-lo-diga-la-lucha-por-una-turquia-democratica-se-levantara-por-todas-partes"},"author":{"name":"cogbs","@id":"https:\/\/emep.org\/es\/#\/schema\/person\/2de7e62bd3cb0bafdbe6b129009be3d0"},"headline":"NO HABR\u00c1 TERMINADO HASTA QUE EL PUEBLO LO DIGA \u00a1LA LUCHA POR UNA TURQU\u00cdA DEMOCR\u00c1TICA SE LEVANTAR\u00c1 POR TODAS PARTES!","datePublished":"2017-05-06T10:27:32+00:00","mainEntityOfPage":{"@id":"https:\/\/emep.org\/es\/no-habra-terminado-hasta-que-el-pueblo-lo-diga-la-lucha-por-una-turquia-democratica-se-levantara-por-todas-partes"},"wordCount":1018,"image":{"@id":"https:\/\/emep.org\/es\/no-habra-terminado-hasta-que-el-pueblo-lo-diga-la-lucha-por-una-turquia-democratica-se-levantara-por-todas-partes#primaryimage"},"thumbnailUrl":"https:\/\/emep.org\/es\/wp-content\/uploads\/2017\/05\/h-1.jpg","articleSection":["espanol"],"inLanguage":"tr"},{"@type":"WebPage","@id":"https:\/\/emep.org\/es\/no-habra-terminado-hasta-que-el-pueblo-lo-diga-la-lucha-por-una-turquia-democratica-se-levantara-por-todas-partes","url":"https:\/\/emep.org\/es\/no-habra-terminado-hasta-que-el-pueblo-lo-diga-la-lucha-por-una-turquia-democratica-se-levantara-por-todas-partes","name":"NO HABR\u00c1 TERMINADO HASTA QUE EL PUEBLO LO DIGA \u00a1LA LUCHA POR UNA TURQU\u00cdA DEMOCR\u00c1TICA SE LEVANTAR\u00c1 POR TODAS PARTES! - Partido del Trabajo (EMEP)","isPartOf":{"@id":"https:\/\/emep.org\/es\/#website"},"primaryImageOfPage":{"@id":"https:\/\/emep.org\/es\/no-habra-terminado-hasta-que-el-pueblo-lo-diga-la-lucha-por-una-turquia-democratica-se-levantara-por-todas-partes#primaryimage"},"image":{"@id":"https:\/\/emep.org\/es\/no-habra-terminado-hasta-que-el-pueblo-lo-diga-la-lucha-por-una-turquia-democratica-se-levantara-por-todas-partes#primaryimage"},"thumbnailUrl":"https:\/\/emep.org\/es\/wp-content\/uploads\/2017\/05\/h-1.jpg","datePublished":"2017-05-06T10:27:32+00:00","author":{"@id":"https:\/\/emep.org\/es\/#\/schema\/person\/2de7e62bd3cb0bafdbe6b129009be3d0"},"breadcrumb":{"@id":"https:\/\/emep.org\/es\/no-habra-terminado-hasta-que-el-pueblo-lo-diga-la-lucha-por-una-turquia-democratica-se-levantara-por-todas-partes#breadcrumb"},"inLanguage":"tr","potentialAction":[{"@type":"ReadAction","target":["https:\/\/emep.org\/es\/no-habra-terminado-hasta-que-el-pueblo-lo-diga-la-lucha-por-una-turquia-democratica-se-levantara-por-todas-partes"]}]},{"@type":"ImageObject","inLanguage":"tr","@id":"https:\/\/emep.org\/es\/no-habra-terminado-hasta-que-el-pueblo-lo-diga-la-lucha-por-una-turquia-democratica-se-levantara-por-todas-partes#primaryimage","url":"https:\/\/emep.org\/es\/wp-content\/uploads\/2017\/05\/h-1.jpg","contentUrl":"https:\/\/emep.org\/es\/wp-content\/uploads\/2017\/05\/h-1.jpg","width":745,"height":485},{"@type":"BreadcrumbList","@id":"https:\/\/emep.org\/es\/no-habra-terminado-hasta-que-el-pueblo-lo-diga-la-lucha-por-una-turquia-democratica-se-levantara-por-todas-partes#breadcrumb","itemListElement":[{"@type":"ListItem","position":1,"name":"Home","item":"https:\/\/emep.org\/es\/"},{"@type":"ListItem","position":2,"name":"NO HABR\u00c1 TERMINADO HASTA QUE EL PUEBLO LO DIGA \u00a1LA LUCHA POR UNA TURQU\u00cdA DEMOCR\u00c1TICA SE LEVANTAR\u00c1 POR TODAS PARTES!"}]},{"@type":"WebSite","@id":"https:\/\/emep.org\/es\/#website","url":"https:\/\/emep.org\/es\/","name":"Partido del Trabajo (EMEP)","description":"\u00a1Trabajadores del mundo, \u00fananse!","potentialAction":[{"@type":"SearchAction","target":{"@type":"EntryPoint","urlTemplate":"https:\/\/emep.org\/es\/?s={search_term_string}"},"query-input":{"@type":"PropertyValueSpecification","valueRequired":true,"valueName":"search_term_string"}}],"inLanguage":"tr"},{"@type":"Person","@id":"https:\/\/emep.org\/es\/#\/schema\/person\/2de7e62bd3cb0bafdbe6b129009be3d0","name":"cogbs","sameAs":["https:\/\/emep.org\/es"],"url":"https:\/\/emep.org\/es\/author\/cogbs"}]}},"_links":{"self":[{"href":"https:\/\/emep.org\/es\/wp-json\/wp\/v2\/posts\/2320","targetHints":{"allow":["GET"]}}],"collection":[{"href":"https:\/\/emep.org\/es\/wp-json\/wp\/v2\/posts"}],"about":[{"href":"https:\/\/emep.org\/es\/wp-json\/wp\/v2\/types\/post"}],"author":[{"embeddable":true,"href":"https:\/\/emep.org\/es\/wp-json\/wp\/v2\/users\/1"}],"replies":[{"embeddable":true,"href":"https:\/\/emep.org\/es\/wp-json\/wp\/v2\/comments?post=2320"}],"version-history":[{"count":0,"href":"https:\/\/emep.org\/es\/wp-json\/wp\/v2\/posts\/2320\/revisions"}],"wp:featuredmedia":[{"embeddable":true,"href":"https:\/\/emep.org\/es\/wp-json\/wp\/v2\/media\/2322"}],"wp:attachment":[{"href":"https:\/\/emep.org\/es\/wp-json\/wp\/v2\/media?parent=2320"}],"wp:term":[{"taxonomy":"category","embeddable":true,"href":"https:\/\/emep.org\/es\/wp-json\/wp\/v2\/categories?post=2320"},{"taxonomy":"post_tag","embeddable":true,"href":"https:\/\/emep.org\/es\/wp-json\/wp\/v2\/tags?post=2320"}],"curies":[{"name":"wp","href":"https:\/\/api.w.org\/{rel}","templated":true}]}}