{"id":2672,"date":"2018-01-01T11:18:03","date_gmt":"2018-01-01T08:18:03","guid":{"rendered":"https:\/\/www.emep.org\/?p=2672"},"modified":"2018-01-01T11:18:03","modified_gmt":"2018-01-01T08:18:03","slug":"viii-congreso-del-partido-del-trabajo-emep-unidos-en-la-lucha-contra-el-regimen-unipersonal","status":"publish","type":"post","link":"https:\/\/emep.org\/es\/viii-congreso-del-partido-del-trabajo-emep-unidos-en-la-lucha-contra-el-regimen-unipersonal","title":{"rendered":"VIII Congreso del Partido del Trabajo (EMEP): Unidos en la lucha contra el r\u00e9gimen unipersonal"},"content":{"rendered":"<style type=\"text\/css\" data-type=\"vc_cmsms_shortcodes-custom-css\"><\/style><p>El Partido del Trabajo (EMEP) celebr\u00f3 su octavo congreso en Ankara con el lema \u201cUn\u00e1monos por la paz y la democracia contra la administraci\u00f3n de un hombre, un parido \u00fanico\u201d.<\/p>\n<p>Durante el congreso, se hizo un llamamiento a la unidad en la lucha contra el estado de un solo hombre, un solo partido que est\u00e1 intentando establecer la administraci\u00f3n de AKP\/Erdo\u011fan. Selma G\u00fcrkan, la presidenta de EMEP, subray\u00f3 que la lucha de los trabajadores y las fuerzas democr\u00e1ticas contra el Estado de Emergencia (OHAL) debe ser unificada y extendida. El Congreso tambi\u00e9n celebr\u00f3 el 100 aniversario de la Revoluci\u00f3n de Octubre y la vigencia del socialismo.<\/p>\n<p>Las Juventudes del Partido del Trabajo se dirigieron hacia el lugar de celebraci\u00f3n del Congreso cantando consignas como \u201ctrabajo, pan, libertad\u201d, \u201cel dictador ser\u00e1 derrotado, la clase obrera vencer\u00e1\u201d, al igual que \u201cviva la solidaridad de las naciones\u201d, en kurdo.<\/p>\n<p>Tambi\u00e9n participaron en el Congreso muchos representantes de partidos y sindicatos, intelectuales, escritores, acad\u00e9micos y militantes. Tanto el co-presidente Selahattin Demirta\u015f como la anterior co-presidenta Figen Y\u00fcksekda\u011f, del HDP, enviaron mensajes desde la prisi\u00f3n. Igualmente CIPOML (Conferencia Internacional de Partidos y Organizaciones Marxista-Leninistas) hizo llegar su mensaje al Congreso.<\/p>\n<p><strong>POL\u00cdTICAS DE HAMBRE Y POBREZA<\/strong><\/p>\n<p>Selma G\u00fcrkan se dirigi\u00f3 al estrado entre c\u00e1nticos de \u201ctrabajo, pan, libertad\u201d para hacer la intervenci\u00f3n inaugural del Congreso. Comenz\u00f3 \u201csaludando al Congreso con determinaci\u00f3n para combatir la oscuridad del r\u00e9gimen del AKP y con alegr\u00eda revolucionaria con motivo del 100 aniversario de la Revoluci\u00f3n de Octubre. Declar\u00f3 que en un periodo de creciente incertidumbre e incremento del racismo, el hambre y la pobreza de la clase trabajadora y de los pueblos son muestras de las pol\u00edticas de la Casa Blanca, el Kremlin y el Palacio Blanco\u201d<a href=\"#_ftn1\" name=\"_ftnref1\">[1]<\/a>; tambi\u00e9n llam\u00f3 la atenci\u00f3n sobre el hecho de que en los \u00faltimos tres a\u00f1os hemos sido testigos del creciente enfrentamiento entre las potencias imperialistas, especialmente en Medio Oriente. Dijo que el dise\u00f1o para la regi\u00f3n en las negociaciones post-ISIS supone un sucio acuerdo que empapa la tierra de sangre, y que estos gobiernos y sus pol\u00edticas son responsables de las luchas y derramamiento de sangre: \u201cEstos pa\u00edses son responsables de que haya millones de refugiados. Las ambiciones del AKP de Erdo\u011fan en la regi\u00f3n tambi\u00e9n le hacen responsable. Se han convertido en c\u00f3mplices de esta pol\u00edtica sangrienta de reparto, con la excusa de derrocar a Assad, convirti\u00e9ndose en una fuerza regional y tratando de pulverizar los logros del pueblo kurdo\u201d. En relaci\u00f3n con las masacres que tuvieron lugar por toda Turqu\u00eda que son consecuencias de esas pol\u00edticas,\u00a0 G\u00fcrkan dijo que \u201cson responsables de los cientos de vidas perdidos en las masacre de la estaci\u00f3n de Ankara, de Suru\u00e7, Diyarbak\u0131r, Antep y Estambul. Recordamos con respeto a todos aquellos que perdieron sus vidas, especialmente a las 102 personas que perdieron su vida en la masacre de Ankara\u201d. Recordando a todos los presentes que el gobierno del AKP permiti\u00f3 estas masacres para asegurar la continuidad de sus pol\u00edticas, G\u00fcrkan dijo que los documentos hechos p\u00fablicos durante el caso del 10 de octubre mostraron c\u00f3mo se allan\u00f3 el camino para estas masacres.<\/p>\n<p>Declarando que la pol\u00edtica regional del AKP va de la mano de las pol\u00edticas de los pa\u00edses imperialistas, continu\u00f3 diciendo que la frase de Erdo\u011fan de que \u201cel mundo es m\u00e1s grande que cinco\u201d es ret\u00f3rica vac\u00eda, que el AKP no puede ser anti-imperialista s\u00f3lo por su ret\u00f3rica anti-americana, pues para ello tendr\u00eda que retirarse de los acuerdos imperialistas en la regi\u00f3n y abandonar organizaciones criminales tales como la OTAN. G\u00fcrkan reiter\u00f3 que el gobierno no tiene tales intenciones y continu\u00f3 diciendo que \u201cAnti-imperialismo significa resistir las pol\u00edticas de los pa\u00edses imperialistas y defender la paz y la solidaridad entre los pueblos de la regi\u00f3n. La \u00fanica garant\u00eda de paz y democracia en nuestro pa\u00eds y en la regi\u00f3n es la solidaridad y la uni\u00f3n en la lucha de los pueblos de la regi\u00f3n\u201d.<\/p>\n<p><strong>SOLUCI\u00d3N DEMOCR\u00c1TICA PARA LA CUESTI\u00d3N KURDA SOBRE LA BASE DE LA IGUALDAD DE DERECHOS<\/strong><\/p>\n<p>En referencia a los enfrentamientos y muertes en las ciudades kurdas, el cuerpo de Taybet Ana que permaneci\u00f3 en la calle durante 7 d\u00edas y el cuerpo de Cemile, conservado en un frigor\u00edfico durante d\u00edas, G\u00fcrkan dijo:\u201d Nuestras fosas nasales todav\u00eda est\u00e1n llenas del humo de esos s\u00f3tanos.\u201d G\u00fcrkan dijo que el AKP no se abstiene de proveer abundantes recursos a los administradores nombrados que sustituyeron a los alcaldes elegidos, en vez de d\u00e1rselos a la gene de la zona; y que la soluci\u00f3n de la cuesti\u00f3n kurda sobre la base de igualdad de derechos es vital en la lucha por la democracia frente a las pol\u00edticas belicistas, de enfrentamiento y unipersonales del gobierno.<\/p>\n<p><strong>EL PRESUPUESTO DE GUERRA<\/strong><\/p>\n<p>G\u00fcrkan continu\u00f3 diciendo que, acorde con sus pol\u00edticas a medio plazo, el presupuesto de este a\u00f1o es claramente un presupuesto de guerra. El presupuesto de la Presidencia se ha incrementado sin l\u00edmite y la industria de defensa se lleva una proporci\u00f3n significativa del presupuesto. Resaltando las declaraciones del Presidente Erdo\u011fan de que los pa\u00edses musulmanes est\u00e1n haciendo ricos a los vendedores de armas occidentales, pregunt\u00f3: \u201c\u00bfQui\u00e9n firm\u00f3 el acuerdo de los cohetes S-400?\u201d<\/p>\n<p>Llam\u00f3 la atenci\u00f3n sobre el hecho de que muchos trabajadores est\u00e1n endeudados y de que los suicidios a causa del desempleo est\u00e1n aumentando. Refiri\u00e9ndose al incremento en el uso de antidepresivos \u2013seg\u00fan estudios recientes- G\u00fcrkan dijo que \u201cel AKP empuja a la gente al suicidio con sus pol\u00edticas que llevan a la gente al desempleo, la pobreza y la mala salud\u201d.<\/p>\n<p><strong>LAS MUJERES Y LA JUVENTUD NO SE RINDEN<\/strong><\/p>\n<p>\u201cQuieren cambiar el tejido social para construir un sistema reaccionario de partido \u00fanico\u201d. Uno de sus componentes es su pol\u00edtica contra las mujeres. Las mujeres afrontan las consecuencias de las pol\u00edticas de AKP en todas las esferas de la vida. Al reabrir el debate sobre el aborto y pr\u00e1cticas como la ces\u00e1rea, fuerzan a las mujeres a dar a luz asumiendo un gran riesgo para su salud. De dos a tres mujeres mueren cada d\u00eda como resultado de esta pol\u00edtica. La autoridad para mediar en bodas y divorcios otorgada a los muftis<a href=\"#_ftn2\" name=\"_ftnref2\">[2]<\/a> es la base de una estructura social reaccionaria. Las experiencias de las mujeres y la acumulaci\u00f3n de luchas indican que no se rendir\u00e1n\u201d. G\u00fcrkan se\u00f1al\u00f3 que los sue\u00f1os del 2023<a href=\"#_ftn3\" name=\"_ftnref3\">[3]<\/a> no generar\u00e1n la clase de esperanza que la juventud necesita para solucionar sus problemas, y que defender\u00e1n su futuro. Afirmando que el gobierno del AKP quiere empujar a la sociedad hacia una pol\u00edtica de polarizaci\u00f3n, dijo: \u201cEn nuestra sociedad, los que se unen alrededor de CHP<a href=\"#_ftn4\" name=\"_ftnref4\">[4]<\/a> est\u00e1n creando sus pol\u00edticas identific\u00e1ndose como la izquierda. La juventud tiene que estar vigilante. La juventud vincular\u00e1 su lucha a los problemas actuales e incertidumbre respecto al futuro para responder a los ataques del gobierno\u201d.<\/p>\n<p><strong>\u00c9NFASIS EN LA UNIDAD EN LA LUCHA CONTRA OHAL<\/strong><\/p>\n<p>G\u00fcrkan llam\u00f3 la atenci\u00f3n sobre la campa\u00f1a contra OHAL, comenzada por sindicatos y asociaciones profesionales en lucha contra OHAL y los Decretos-Ley (KHKs)<a href=\"#_ftn5\" name=\"_ftnref5\">[5]<\/a> y dijo: \u201cEs necesario ampliar estas campa\u00f1as unidos en una lucha com\u00fan\u201d. En relaci\u00f3n a la oposici\u00f3n al camino que lleva al fascismo, G\u00fcrkan mencion\u00f3 el rechazo de los trabajadores del vidrio y el metal a reconocer las prohibiciones a la huelga, a Havva Ana, con su bast\u00f3n, luchando contra el expolio de la naturaleza, y a la lucha del pueblo kurdo por la paz frente a la violencia y la opresi\u00f3n. Otro elemento al que hizo referencia fue la lucha de los Alevitas exigiendo libertad de culto y laicismo a pesar de las presiones.<\/p>\n<p><strong>\u00a0\u201cLO HICIMOS ANTES Y LO HAREMOS OTRA VEZ\u201d<\/strong><\/p>\n<p>Recordando a la audiencia que el pueblo dijo no al fascismo y al gobierno del partido \u00fanico el 16 de abril<a href=\"#_ftn6\" name=\"_ftnref6\">[6]<\/a>, G\u00fcrkan continu\u00f3 diciendo que \u201cla \u00fanica manera de derrotar a la reacci\u00f3n, la opresi\u00f3n y la violencia del AKP es unirse en torno a demandas compartidas y en la lucha por la democracia\u201d. Respecto a la importancia del papel de los partidos en la sociedad dijo que \u201cno podemos permitirnos el lujo de actuar de manera sectaria, \u00fanicamente en el inter\u00e9s de nuestros propios partidos. Ganamos en Tekel, en el metal, en \u015ei\u015fecam\u00a0 y el 7 de junio<a href=\"#_ftn7\" name=\"_ftnref7\">[7]<\/a> contra las pol\u00edticas opresivas de explotaci\u00f3n del Palacio (ver nota 1) con la voluntad de los trabajadores, de las fuerzas por la paz y la democracia y su poder en la lucha. Podemos ganar otra vez\u201d.<\/p>\n<p><strong>SE CELEBR\u00d3 EL 100 ANIVERSARIO DE LA REVOLUCI\u00d3N DE OCTUBRE<\/strong><\/p>\n<p>Tras la celebraci\u00f3n del VIII Congreso de EMEP, la Conferencia Internacional de Partidos y Organizaciones Marxista-Leninistas \u2013de la que EMEP forma parte- conmemor\u00f3 con una declaraci\u00f3n la Celebraci\u00f3n del 100 Aniversario de la Revoluci\u00f3n de Octubre: \u201cHace 100 a\u00f1os, en la Revoluci\u00f3n de Octubre de 1917, la clase obrera lleg\u00f3 al poder y se organiz\u00f3 como clase dominante por primera vez desde la Comuna de Par\u00eds.\u201d Se aclar\u00f3 que el comentario de que \u201cLa Revoluci\u00f3n de Octubre est\u00e1 presente\u201d no quiere decir que estemos satisfechos o nos auto-enga\u00f1emos: \u201cAl contrario, estamos hablando de un camino y un m\u00e9todo auto-impuestos, determinados tanto por la naturaleza como por la soluci\u00f3n social de conflictos concretos e irreconciliables del capitalismo mundial de hoy en d\u00eda\u201d. La declaraci\u00f3n tambi\u00e9n mencion\u00f3 que los partidos y organizaciones que constituyen la CIPOML son conscientes de que no pueden cumplir sus objetivos si no echan ra\u00edces entre la clase obrera, adoptando activamente una posici\u00f3n relevante en el desarrollo de su movimiento y su lucha, y conectando las propias experiencias de lucha de obreros y trabajadores con la acumulaci\u00f3n hist\u00f3rica de la clase obrera internacional. Se dijo que, en un momento en que el mundo se mueve hacia luchas m\u00e1s duras, crece la importancia de las actividades llevadas a cabo con un esp\u00edritu internacional: \u201cSomos realistas y vemos que la clase obrera, sus partidos y fuerzas revolucionarias se enfrentan a una gran crisis; sufrimientos que habr\u00e1 que superar con ingenio y esfuerzo en unas duras condiciones de lucha. Sin embargo, los comunistas est\u00e1n dotados de un claro sentimiento y responsabilidad con la historia. Las derrotas temporales, el sufrimiento y las insuficiencias no podr\u00e1n intimidarles\u201d.<\/p>\n<p><a href=\"#_ftnref1\" name=\"_ftn1\">[1]<\/a>\u00a0 Se refiere al Palacio Blanco (Ak Saray, en referencia al Partido AK -AKP), residencia del Presidente de la Rep\u00fablica, Erdo\u011fan. (Nota del traductor -NT)<\/p>\n<p><a href=\"#_ftnref2\" name=\"_ftn2\">[2]<\/a> Autoridades religiosas. (NT)<\/p>\n<p><a href=\"#_ftnref3\" name=\"_ftn3\">[3]<\/a> A\u00f1o en que, seg\u00fan Erdo\u011fan, Turqu\u00eda ser\u00e1 una de las primeras diez potencias mundiales. (NT)<\/p>\n<p><a href=\"#_ftnref4\" name=\"_ftn4\">[4]<\/a> Partido Republicano del Pueblo, primer partido de la oposici\u00f3n, de car\u00e1cter socialdem\u00f3crata. (NT)<\/p>\n<p><a href=\"#_ftnref5\" name=\"_ftn5\">[5]<\/a> Tras el golpe de Estado de julio de 2016 y la declaraci\u00f3n del estado de emergencia, a\u00fan vigente, el AKP gobierna mediante Decretos-Ley que no se someten al control del Parlamento (NT).<\/p>\n<p><a href=\"#_ftnref6\" name=\"_ftn6\">[6]<\/a> El 16 de abril de 2016 se celebr\u00f3 un refer\u00e9ndum, promovido por Erdo\u011fan, con la intenci\u00f3n de cambiar la Constituci\u00f3n sin que se obtuviera la mayor\u00eda necesaria para llevar a cabo los cambios pretendidos. (NT)<\/p>\n<p><a href=\"#_ftnref7\" name=\"_ftn7\">[7]<\/a> El 7 de junio de 2017 se celebraron elecciones al Parlamento en las que, por primera vez desde 2002, el AKP no obtuvo la mayor\u00eda absoluta. No se lleg\u00f3 a formar gobierno y se convocaron nuevas elecciones.(NT)<\/p>\n","protected":false},"excerpt":{"rendered":"<p>El Partido del Trabajo (EMEP) celebr\u00f3 su octavo congreso en Ankara con el lema \u201cUn\u00e1monos por la paz y la democracia contra la administraci\u00f3n de un hombre, un parido \u00fanico\u201d. Durante el congreso, se hizo un llamamiento a la unidad en la lucha contra el estado de un solo hombre, un solo partido que est\u00e1&#8230;<\/p>\n","protected":false},"author":1,"featured_media":2673,"comment_status":"closed","ping_status":"open","sticky":false,"template":"","format":"standard","meta":{"footnotes":""},"categories":[33],"tags":[],"class_list":["post-2672","post","type-post","status-publish","format-standard","has-post-thumbnail","hentry","category-espanol"],"yoast_head":"<!-- This site is optimized with the Yoast SEO plugin v27.2 - https:\/\/yoast.com\/product\/yoast-seo-wordpress\/ -->\n<title>VIII Congreso del Partido del Trabajo (EMEP): Unidos en la lucha contra el r\u00e9gimen unipersonal - Partido del Trabajo (EMEP)<\/title>\n<meta name=\"robots\" content=\"index, follow, max-snippet:-1, max-image-preview:large, max-video-preview:-1\" \/>\n<link rel=\"canonical\" href=\"https:\/\/emep.org\/es\/viii-congreso-del-partido-del-trabajo-emep-unidos-en-la-lucha-contra-el-regimen-unipersonal\" \/>\n<meta property=\"og:locale\" content=\"tr_TR\" \/>\n<meta property=\"og:type\" content=\"article\" \/>\n<meta property=\"og:title\" content=\"VIII Congreso del Partido del Trabajo (EMEP): Unidos en la lucha contra el r\u00e9gimen unipersonal - Partido del Trabajo (EMEP)\" \/>\n<meta property=\"og:description\" content=\"El Partido del Trabajo (EMEP) celebr\u00f3 su octavo congreso en Ankara con el lema \u201cUn\u00e1monos por la paz y la democracia contra la administraci\u00f3n de un hombre, un parido \u00fanico\u201d. Durante el congreso, se hizo un llamamiento a la unidad en la lucha contra el estado de un solo hombre, un solo partido que est\u00e1...\" \/>\n<meta property=\"og:url\" content=\"https:\/\/emep.org\/es\/viii-congreso-del-partido-del-trabajo-emep-unidos-en-la-lucha-contra-el-regimen-unipersonal\" \/>\n<meta property=\"og:site_name\" content=\"Partido del Trabajo (EMEP)\" \/>\n<meta property=\"article:published_time\" content=\"2018-01-01T08:18:03+00:00\" \/>\n<meta property=\"og:image\" content=\"https:\/\/emep.org\/es\/wp-content\/uploads\/2018\/01\/emep-congress.jpg\" \/>\n\t<meta property=\"og:image:width\" content=\"900\" \/>\n\t<meta property=\"og:image:height\" content=\"600\" \/>\n\t<meta property=\"og:image:type\" content=\"image\/jpeg\" \/>\n<meta name=\"author\" content=\"cogbs\" \/>\n<meta name=\"twitter:card\" content=\"summary_large_image\" \/>\n<meta name=\"twitter:label1\" content=\"Yazan:\" \/>\n\t<meta name=\"twitter:data1\" content=\"cogbs\" \/>\n\t<meta name=\"twitter:label2\" content=\"Tahmini okuma s\u00fcresi\" \/>\n\t<meta name=\"twitter:data2\" content=\"10 dakika\" \/>\n<script type=\"application\/ld+json\" class=\"yoast-schema-graph\">{\"@context\":\"https:\/\/schema.org\",\"@graph\":[{\"@type\":\"Article\",\"@id\":\"https:\/\/emep.org\/es\/viii-congreso-del-partido-del-trabajo-emep-unidos-en-la-lucha-contra-el-regimen-unipersonal#article\",\"isPartOf\":{\"@id\":\"https:\/\/emep.org\/es\/viii-congreso-del-partido-del-trabajo-emep-unidos-en-la-lucha-contra-el-regimen-unipersonal\"},\"author\":{\"name\":\"cogbs\",\"@id\":\"https:\/\/emep.org\/es\/#\/schema\/person\/2de7e62bd3cb0bafdbe6b129009be3d0\"},\"headline\":\"VIII Congreso del Partido del Trabajo (EMEP): Unidos en la lucha contra el r\u00e9gimen unipersonal\",\"datePublished\":\"2018-01-01T08:18:03+00:00\",\"mainEntityOfPage\":{\"@id\":\"https:\/\/emep.org\/es\/viii-congreso-del-partido-del-trabajo-emep-unidos-en-la-lucha-contra-el-regimen-unipersonal\"},\"wordCount\":2010,\"image\":{\"@id\":\"https:\/\/emep.org\/es\/viii-congreso-del-partido-del-trabajo-emep-unidos-en-la-lucha-contra-el-regimen-unipersonal#primaryimage\"},\"thumbnailUrl\":\"https:\/\/emep.org\/es\/wp-content\/uploads\/2018\/01\/emep-congress.jpg\",\"articleSection\":[\"espanol\"],\"inLanguage\":\"tr\"},{\"@type\":\"WebPage\",\"@id\":\"https:\/\/emep.org\/es\/viii-congreso-del-partido-del-trabajo-emep-unidos-en-la-lucha-contra-el-regimen-unipersonal\",\"url\":\"https:\/\/emep.org\/es\/viii-congreso-del-partido-del-trabajo-emep-unidos-en-la-lucha-contra-el-regimen-unipersonal\",\"name\":\"VIII Congreso del Partido del Trabajo (EMEP): Unidos en la lucha contra el r\u00e9gimen unipersonal - Partido del Trabajo (EMEP)\",\"isPartOf\":{\"@id\":\"https:\/\/emep.org\/es\/#website\"},\"primaryImageOfPage\":{\"@id\":\"https:\/\/emep.org\/es\/viii-congreso-del-partido-del-trabajo-emep-unidos-en-la-lucha-contra-el-regimen-unipersonal#primaryimage\"},\"image\":{\"@id\":\"https:\/\/emep.org\/es\/viii-congreso-del-partido-del-trabajo-emep-unidos-en-la-lucha-contra-el-regimen-unipersonal#primaryimage\"},\"thumbnailUrl\":\"https:\/\/emep.org\/es\/wp-content\/uploads\/2018\/01\/emep-congress.jpg\",\"datePublished\":\"2018-01-01T08:18:03+00:00\",\"author\":{\"@id\":\"https:\/\/emep.org\/es\/#\/schema\/person\/2de7e62bd3cb0bafdbe6b129009be3d0\"},\"breadcrumb\":{\"@id\":\"https:\/\/emep.org\/es\/viii-congreso-del-partido-del-trabajo-emep-unidos-en-la-lucha-contra-el-regimen-unipersonal#breadcrumb\"},\"inLanguage\":\"tr\",\"potentialAction\":[{\"@type\":\"ReadAction\",\"target\":[\"https:\/\/emep.org\/es\/viii-congreso-del-partido-del-trabajo-emep-unidos-en-la-lucha-contra-el-regimen-unipersonal\"]}]},{\"@type\":\"ImageObject\",\"inLanguage\":\"tr\",\"@id\":\"https:\/\/emep.org\/es\/viii-congreso-del-partido-del-trabajo-emep-unidos-en-la-lucha-contra-el-regimen-unipersonal#primaryimage\",\"url\":\"https:\/\/emep.org\/es\/wp-content\/uploads\/2018\/01\/emep-congress.jpg\",\"contentUrl\":\"https:\/\/emep.org\/es\/wp-content\/uploads\/2018\/01\/emep-congress.jpg\",\"width\":900,\"height\":600},{\"@type\":\"BreadcrumbList\",\"@id\":\"https:\/\/emep.org\/es\/viii-congreso-del-partido-del-trabajo-emep-unidos-en-la-lucha-contra-el-regimen-unipersonal#breadcrumb\",\"itemListElement\":[{\"@type\":\"ListItem\",\"position\":1,\"name\":\"Home\",\"item\":\"https:\/\/emep.org\/es\/\"},{\"@type\":\"ListItem\",\"position\":2,\"name\":\"VIII Congreso del Partido del Trabajo (EMEP): Unidos en la lucha contra el r\u00e9gimen unipersonal\"}]},{\"@type\":\"WebSite\",\"@id\":\"https:\/\/emep.org\/es\/#website\",\"url\":\"https:\/\/emep.org\/es\/\",\"name\":\"Partido del Trabajo (EMEP)\",\"description\":\"\u00a1Trabajadores del mundo, \u00fananse!\",\"potentialAction\":[{\"@type\":\"SearchAction\",\"target\":{\"@type\":\"EntryPoint\",\"urlTemplate\":\"https:\/\/emep.org\/es\/?s={search_term_string}\"},\"query-input\":{\"@type\":\"PropertyValueSpecification\",\"valueRequired\":true,\"valueName\":\"search_term_string\"}}],\"inLanguage\":\"tr\"},{\"@type\":\"Person\",\"@id\":\"https:\/\/emep.org\/es\/#\/schema\/person\/2de7e62bd3cb0bafdbe6b129009be3d0\",\"name\":\"cogbs\",\"sameAs\":[\"https:\/\/emep.org\/es\"],\"url\":\"https:\/\/emep.org\/es\/author\/cogbs\"}]}<\/script>\n<!-- \/ Yoast SEO plugin. -->","yoast_head_json":{"title":"VIII Congreso del Partido del Trabajo (EMEP): Unidos en la lucha contra el r\u00e9gimen unipersonal - Partido del Trabajo (EMEP)","robots":{"index":"index","follow":"follow","max-snippet":"max-snippet:-1","max-image-preview":"max-image-preview:large","max-video-preview":"max-video-preview:-1"},"canonical":"https:\/\/emep.org\/es\/viii-congreso-del-partido-del-trabajo-emep-unidos-en-la-lucha-contra-el-regimen-unipersonal","og_locale":"tr_TR","og_type":"article","og_title":"VIII Congreso del Partido del Trabajo (EMEP): Unidos en la lucha contra el r\u00e9gimen unipersonal - Partido del Trabajo (EMEP)","og_description":"El Partido del Trabajo (EMEP) celebr\u00f3 su octavo congreso en Ankara con el lema \u201cUn\u00e1monos por la paz y la democracia contra la administraci\u00f3n de un hombre, un parido \u00fanico\u201d. Durante el congreso, se hizo un llamamiento a la unidad en la lucha contra el estado de un solo hombre, un solo partido que est\u00e1...","og_url":"https:\/\/emep.org\/es\/viii-congreso-del-partido-del-trabajo-emep-unidos-en-la-lucha-contra-el-regimen-unipersonal","og_site_name":"Partido del Trabajo (EMEP)","article_published_time":"2018-01-01T08:18:03+00:00","og_image":[{"width":900,"height":600,"url":"https:\/\/emep.org\/es\/wp-content\/uploads\/2018\/01\/emep-congress.jpg","type":"image\/jpeg"}],"author":"cogbs","twitter_card":"summary_large_image","twitter_misc":{"Yazan:":"cogbs","Tahmini okuma s\u00fcresi":"10 dakika"},"schema":{"@context":"https:\/\/schema.org","@graph":[{"@type":"Article","@id":"https:\/\/emep.org\/es\/viii-congreso-del-partido-del-trabajo-emep-unidos-en-la-lucha-contra-el-regimen-unipersonal#article","isPartOf":{"@id":"https:\/\/emep.org\/es\/viii-congreso-del-partido-del-trabajo-emep-unidos-en-la-lucha-contra-el-regimen-unipersonal"},"author":{"name":"cogbs","@id":"https:\/\/emep.org\/es\/#\/schema\/person\/2de7e62bd3cb0bafdbe6b129009be3d0"},"headline":"VIII Congreso del Partido del Trabajo (EMEP): Unidos en la lucha contra el r\u00e9gimen unipersonal","datePublished":"2018-01-01T08:18:03+00:00","mainEntityOfPage":{"@id":"https:\/\/emep.org\/es\/viii-congreso-del-partido-del-trabajo-emep-unidos-en-la-lucha-contra-el-regimen-unipersonal"},"wordCount":2010,"image":{"@id":"https:\/\/emep.org\/es\/viii-congreso-del-partido-del-trabajo-emep-unidos-en-la-lucha-contra-el-regimen-unipersonal#primaryimage"},"thumbnailUrl":"https:\/\/emep.org\/es\/wp-content\/uploads\/2018\/01\/emep-congress.jpg","articleSection":["espanol"],"inLanguage":"tr"},{"@type":"WebPage","@id":"https:\/\/emep.org\/es\/viii-congreso-del-partido-del-trabajo-emep-unidos-en-la-lucha-contra-el-regimen-unipersonal","url":"https:\/\/emep.org\/es\/viii-congreso-del-partido-del-trabajo-emep-unidos-en-la-lucha-contra-el-regimen-unipersonal","name":"VIII Congreso del Partido del Trabajo (EMEP): Unidos en la lucha contra el r\u00e9gimen unipersonal - Partido del Trabajo (EMEP)","isPartOf":{"@id":"https:\/\/emep.org\/es\/#website"},"primaryImageOfPage":{"@id":"https:\/\/emep.org\/es\/viii-congreso-del-partido-del-trabajo-emep-unidos-en-la-lucha-contra-el-regimen-unipersonal#primaryimage"},"image":{"@id":"https:\/\/emep.org\/es\/viii-congreso-del-partido-del-trabajo-emep-unidos-en-la-lucha-contra-el-regimen-unipersonal#primaryimage"},"thumbnailUrl":"https:\/\/emep.org\/es\/wp-content\/uploads\/2018\/01\/emep-congress.jpg","datePublished":"2018-01-01T08:18:03+00:00","author":{"@id":"https:\/\/emep.org\/es\/#\/schema\/person\/2de7e62bd3cb0bafdbe6b129009be3d0"},"breadcrumb":{"@id":"https:\/\/emep.org\/es\/viii-congreso-del-partido-del-trabajo-emep-unidos-en-la-lucha-contra-el-regimen-unipersonal#breadcrumb"},"inLanguage":"tr","potentialAction":[{"@type":"ReadAction","target":["https:\/\/emep.org\/es\/viii-congreso-del-partido-del-trabajo-emep-unidos-en-la-lucha-contra-el-regimen-unipersonal"]}]},{"@type":"ImageObject","inLanguage":"tr","@id":"https:\/\/emep.org\/es\/viii-congreso-del-partido-del-trabajo-emep-unidos-en-la-lucha-contra-el-regimen-unipersonal#primaryimage","url":"https:\/\/emep.org\/es\/wp-content\/uploads\/2018\/01\/emep-congress.jpg","contentUrl":"https:\/\/emep.org\/es\/wp-content\/uploads\/2018\/01\/emep-congress.jpg","width":900,"height":600},{"@type":"BreadcrumbList","@id":"https:\/\/emep.org\/es\/viii-congreso-del-partido-del-trabajo-emep-unidos-en-la-lucha-contra-el-regimen-unipersonal#breadcrumb","itemListElement":[{"@type":"ListItem","position":1,"name":"Home","item":"https:\/\/emep.org\/es\/"},{"@type":"ListItem","position":2,"name":"VIII Congreso del Partido del Trabajo (EMEP): Unidos en la lucha contra el r\u00e9gimen unipersonal"}]},{"@type":"WebSite","@id":"https:\/\/emep.org\/es\/#website","url":"https:\/\/emep.org\/es\/","name":"Partido del Trabajo (EMEP)","description":"\u00a1Trabajadores del mundo, \u00fananse!","potentialAction":[{"@type":"SearchAction","target":{"@type":"EntryPoint","urlTemplate":"https:\/\/emep.org\/es\/?s={search_term_string}"},"query-input":{"@type":"PropertyValueSpecification","valueRequired":true,"valueName":"search_term_string"}}],"inLanguage":"tr"},{"@type":"Person","@id":"https:\/\/emep.org\/es\/#\/schema\/person\/2de7e62bd3cb0bafdbe6b129009be3d0","name":"cogbs","sameAs":["https:\/\/emep.org\/es"],"url":"https:\/\/emep.org\/es\/author\/cogbs"}]}},"_links":{"self":[{"href":"https:\/\/emep.org\/es\/wp-json\/wp\/v2\/posts\/2672","targetHints":{"allow":["GET"]}}],"collection":[{"href":"https:\/\/emep.org\/es\/wp-json\/wp\/v2\/posts"}],"about":[{"href":"https:\/\/emep.org\/es\/wp-json\/wp\/v2\/types\/post"}],"author":[{"embeddable":true,"href":"https:\/\/emep.org\/es\/wp-json\/wp\/v2\/users\/1"}],"replies":[{"embeddable":true,"href":"https:\/\/emep.org\/es\/wp-json\/wp\/v2\/comments?post=2672"}],"version-history":[{"count":0,"href":"https:\/\/emep.org\/es\/wp-json\/wp\/v2\/posts\/2672\/revisions"}],"wp:featuredmedia":[{"embeddable":true,"href":"https:\/\/emep.org\/es\/wp-json\/wp\/v2\/media\/2673"}],"wp:attachment":[{"href":"https:\/\/emep.org\/es\/wp-json\/wp\/v2\/media?parent=2672"}],"wp:term":[{"taxonomy":"category","embeddable":true,"href":"https:\/\/emep.org\/es\/wp-json\/wp\/v2\/categories?post=2672"},{"taxonomy":"post_tag","embeddable":true,"href":"https:\/\/emep.org\/es\/wp-json\/wp\/v2\/tags?post=2672"}],"curies":[{"name":"wp","href":"https:\/\/api.w.org\/{rel}","templated":true}]}}