{"id":2718,"date":"2017-12-22T13:16:56","date_gmt":"2017-12-22T10:16:56","guid":{"rendered":"https:\/\/www.emep.org\/?p=2718"},"modified":"2017-12-22T13:16:56","modified_gmt":"2017-12-22T10:16:56","slug":"detened-la-provocacion-e-jerusalen","status":"publish","type":"post","link":"https:\/\/emep.org\/es\/detened-la-provocacion-e-jerusalen","title":{"rendered":"Detened la provocaci\u00f3n e Jerusal\u00e9n"},"content":{"rendered":"<style type=\"text\/css\" data-type=\"vc_cmsms_shortcodes-custom-css\"><\/style><p>El Presidente de Estados Unidos, Donald Trump, anunci\u00f3 que trasladar\u00eda la embajada de EE.UU a Jerusal\u00e9n, reconociendo oficialmente a esta ciudad como capital de Israel.<\/p>\n<p>Esto es una seria provocaci\u00f3n que causar\u00e1 nuevos conflictos en Oriente Pr\u00f3ximo. Con esta paso, Trump conseguir\u00e1 aumentar el conflicto.<\/p>\n<p>Con esta decisi\u00f3n, Trump pretende reforzar su situaci\u00f3n en casa, al igual que iniciar un nuevo proceso en alianza con Israel, Egipto y Arabia Saud\u00ed contra las influencias rusa e iran\u00ed en Oriente Pr\u00f3ximo.<\/p>\n<p>Es el pueblo palestino quien decidir\u00e1 en el proceso de paz si est\u00e1n a favor de una Estado Palestino, con Jerusal\u00e9n como capital, o por dos estados, Palestina e Israel, compartiendo Jerusal\u00e9n como capital.<\/p>\n<p>Sin embargo, para poder reanudar el proceso de paz, primero es necesario acabar con la provocaci\u00f3n estadounidense-israel\u00ed, detener la pol\u00edtica israel\u00ed de establecimiento de nuevos asentamientos, abandonar los territorios ocupados y el retorno de los palestinos que fueron expulsados.<\/p>\n<p>Ni a los pueblos de Oriente Pr\u00f3ximo ni al mundo les interesa abrir nuevos conflictos en una regi\u00f3n en la que ya hay una guerra. Los Estados Unidos y los poderes imperialistas deben sacar sus manos de Oriente Pr\u00f3ximo inmediatamente.<\/p>\n<p>El Presidente Erdo\u011fan y su gobierno est\u00e1n intentando beneficiarse de la decisi\u00f3n de Trump. Intentan ocultar problemas locales utilizando este asunto como instrumento para sus pol\u00edticas reaccionarias <strong>y<\/strong> racistas.<\/p>\n<p>Este asunto no puede ser tratado como un problema religioso o sectario. Son las pol\u00edticas de los imperialistas y sus colaboradores quienes crean este problema. El imperialismo estadounidense y el sionismo israel\u00ed no pueden ser combatidos con palabras. Deben cancelarse todos los acuerdos bilaterales, incluyendo los acuerdos militares y econ\u00f3micos, conocidos y secretos. Sin esto, no es posible avanzar.<\/p>\n<p>Como Partido del Trabajo, apoyamos incondicional y sinceramente al oprimido pueblo palestino.<\/p>\n<p>Pedimos a la clase obrera y trabajadora que apoye la justa causa del pueblo palestino.<\/p>\n<p><strong>\u00a1Por el fin de las provocaciones!<\/strong><\/p>\n<p><strong>\u00a1Por el fin de la ocupaci\u00f3n!<\/strong><\/p>\n<p><strong>Viva Palestina libre e independiente<\/strong><\/p>\n<p><strong><em>PARTIDO DEL TRABAJO<\/em><\/strong><\/p>\n","protected":false},"excerpt":{"rendered":"<p>El Presidente de Estados Unidos, Donald Trump, anunci\u00f3 que trasladar\u00eda la embajada de EE.UU a Jerusal\u00e9n, reconociendo oficialmente a esta ciudad como capital de Israel. Esto es una seria provocaci\u00f3n que causar\u00e1 nuevos conflictos en Oriente Pr\u00f3ximo. Con esta paso, Trump conseguir\u00e1 aumentar el conflicto. Con esta decisi\u00f3n, Trump pretende reforzar su situaci\u00f3n en casa,&#8230;<\/p>\n","protected":false},"author":1,"featured_media":2719,"comment_status":"closed","ping_status":"open","sticky":false,"template":"","format":"standard","meta":{"footnotes":""},"categories":[33],"tags":[],"class_list":["post-2718","post","type-post","status-publish","format-standard","has-post-thumbnail","hentry","category-espanol"],"yoast_head":"<!-- This site is optimized with the Yoast SEO plugin v27.2 - https:\/\/yoast.com\/product\/yoast-seo-wordpress\/ -->\n<title>Detened la provocaci\u00f3n e Jerusal\u00e9n - Partido del Trabajo (EMEP)<\/title>\n<meta name=\"robots\" content=\"index, follow, max-snippet:-1, max-image-preview:large, max-video-preview:-1\" \/>\n<link rel=\"canonical\" href=\"https:\/\/emep.org\/es\/detened-la-provocacion-e-jerusalen\" \/>\n<meta property=\"og:locale\" content=\"tr_TR\" \/>\n<meta property=\"og:type\" content=\"article\" \/>\n<meta property=\"og:title\" content=\"Detened la provocaci\u00f3n e Jerusal\u00e9n - Partido del Trabajo (EMEP)\" \/>\n<meta property=\"og:description\" content=\"El Presidente de Estados Unidos, Donald Trump, anunci\u00f3 que trasladar\u00eda la embajada de EE.UU a Jerusal\u00e9n, reconociendo oficialmente a esta ciudad como capital de Israel. Esto es una seria provocaci\u00f3n que causar\u00e1 nuevos conflictos en Oriente Pr\u00f3ximo. Con esta paso, Trump conseguir\u00e1 aumentar el conflicto. Con esta decisi\u00f3n, Trump pretende reforzar su situaci\u00f3n en casa,...\" \/>\n<meta property=\"og:url\" content=\"https:\/\/emep.org\/es\/detened-la-provocacion-e-jerusalen\" \/>\n<meta property=\"og:site_name\" content=\"Partido del Trabajo (EMEP)\" \/>\n<meta property=\"article:published_time\" content=\"2017-12-22T10:16:56+00:00\" \/>\n<meta property=\"og:image\" content=\"https:\/\/emep.org\/es\/wp-content\/uploads\/2018\/01\/al-aqsa-mosque-jerusalem-1208-super-tease.jpg\" \/>\n\t<meta property=\"og:image:width\" content=\"1100\" \/>\n\t<meta property=\"og:image:height\" content=\"619\" \/>\n\t<meta property=\"og:image:type\" content=\"image\/jpeg\" \/>\n<meta name=\"author\" content=\"cogbs\" \/>\n<meta name=\"twitter:card\" content=\"summary_large_image\" \/>\n<meta name=\"twitter:label1\" content=\"Yazan:\" \/>\n\t<meta name=\"twitter:data1\" content=\"cogbs\" \/>\n\t<meta name=\"twitter:label2\" content=\"Tahmini okuma s\u00fcresi\" \/>\n\t<meta name=\"twitter:data2\" content=\"2 dakika\" \/>\n<script type=\"application\/ld+json\" class=\"yoast-schema-graph\">{\"@context\":\"https:\/\/schema.org\",\"@graph\":[{\"@type\":\"Article\",\"@id\":\"https:\/\/emep.org\/es\/detened-la-provocacion-e-jerusalen#article\",\"isPartOf\":{\"@id\":\"https:\/\/emep.org\/es\/detened-la-provocacion-e-jerusalen\"},\"author\":{\"name\":\"cogbs\",\"@id\":\"https:\/\/emep.org\/es\/#\/schema\/person\/2de7e62bd3cb0bafdbe6b129009be3d0\"},\"headline\":\"Detened la provocaci\u00f3n e Jerusal\u00e9n\",\"datePublished\":\"2017-12-22T10:16:56+00:00\",\"mainEntityOfPage\":{\"@id\":\"https:\/\/emep.org\/es\/detened-la-provocacion-e-jerusalen\"},\"wordCount\":357,\"image\":{\"@id\":\"https:\/\/emep.org\/es\/detened-la-provocacion-e-jerusalen#primaryimage\"},\"thumbnailUrl\":\"https:\/\/emep.org\/es\/wp-content\/uploads\/2018\/01\/al-aqsa-mosque-jerusalem-1208-super-tease.jpg\",\"articleSection\":[\"espanol\"],\"inLanguage\":\"tr\"},{\"@type\":\"WebPage\",\"@id\":\"https:\/\/emep.org\/es\/detened-la-provocacion-e-jerusalen\",\"url\":\"https:\/\/emep.org\/es\/detened-la-provocacion-e-jerusalen\",\"name\":\"Detened la provocaci\u00f3n e Jerusal\u00e9n - Partido del Trabajo (EMEP)\",\"isPartOf\":{\"@id\":\"https:\/\/emep.org\/es\/#website\"},\"primaryImageOfPage\":{\"@id\":\"https:\/\/emep.org\/es\/detened-la-provocacion-e-jerusalen#primaryimage\"},\"image\":{\"@id\":\"https:\/\/emep.org\/es\/detened-la-provocacion-e-jerusalen#primaryimage\"},\"thumbnailUrl\":\"https:\/\/emep.org\/es\/wp-content\/uploads\/2018\/01\/al-aqsa-mosque-jerusalem-1208-super-tease.jpg\",\"datePublished\":\"2017-12-22T10:16:56+00:00\",\"author\":{\"@id\":\"https:\/\/emep.org\/es\/#\/schema\/person\/2de7e62bd3cb0bafdbe6b129009be3d0\"},\"breadcrumb\":{\"@id\":\"https:\/\/emep.org\/es\/detened-la-provocacion-e-jerusalen#breadcrumb\"},\"inLanguage\":\"tr\",\"potentialAction\":[{\"@type\":\"ReadAction\",\"target\":[\"https:\/\/emep.org\/es\/detened-la-provocacion-e-jerusalen\"]}]},{\"@type\":\"ImageObject\",\"inLanguage\":\"tr\",\"@id\":\"https:\/\/emep.org\/es\/detened-la-provocacion-e-jerusalen#primaryimage\",\"url\":\"https:\/\/emep.org\/es\/wp-content\/uploads\/2018\/01\/al-aqsa-mosque-jerusalem-1208-super-tease.jpg\",\"contentUrl\":\"https:\/\/emep.org\/es\/wp-content\/uploads\/2018\/01\/al-aqsa-mosque-jerusalem-1208-super-tease.jpg\",\"width\":1100,\"height\":619,\"caption\":\"Los devotos Palestinos musulmanes proclaman consignas durante la oraci\u00f3n del viernes en frente de la mezquita de la C\u00fapula de la Roca, en el complejo de la mezquita de al-Aqsa, en la Jerusal\u00e9n Vieja, el 8 de diciembre de 2017. Israel despleg\u00f3 cientos de polic\u00edas adicionales despu\u00e9s de las llamadas a las protestas tras los principales rezos musulmanes de la semana contra el reconocimiento de Jerusal\u00e9n como capital de Israel por parte del Presidente de USA Donald Trump.\"},{\"@type\":\"BreadcrumbList\",\"@id\":\"https:\/\/emep.org\/es\/detened-la-provocacion-e-jerusalen#breadcrumb\",\"itemListElement\":[{\"@type\":\"ListItem\",\"position\":1,\"name\":\"Home\",\"item\":\"https:\/\/emep.org\/es\/\"},{\"@type\":\"ListItem\",\"position\":2,\"name\":\"Detened la provocaci\u00f3n e Jerusal\u00e9n\"}]},{\"@type\":\"WebSite\",\"@id\":\"https:\/\/emep.org\/es\/#website\",\"url\":\"https:\/\/emep.org\/es\/\",\"name\":\"Partido del Trabajo (EMEP)\",\"description\":\"\u00a1Trabajadores del mundo, \u00fananse!\",\"potentialAction\":[{\"@type\":\"SearchAction\",\"target\":{\"@type\":\"EntryPoint\",\"urlTemplate\":\"https:\/\/emep.org\/es\/?s={search_term_string}\"},\"query-input\":{\"@type\":\"PropertyValueSpecification\",\"valueRequired\":true,\"valueName\":\"search_term_string\"}}],\"inLanguage\":\"tr\"},{\"@type\":\"Person\",\"@id\":\"https:\/\/emep.org\/es\/#\/schema\/person\/2de7e62bd3cb0bafdbe6b129009be3d0\",\"name\":\"cogbs\",\"sameAs\":[\"https:\/\/emep.org\/es\"],\"url\":\"https:\/\/emep.org\/es\/author\/cogbs\"}]}<\/script>\n<!-- \/ Yoast SEO plugin. -->","yoast_head_json":{"title":"Detened la provocaci\u00f3n e Jerusal\u00e9n - Partido del Trabajo (EMEP)","robots":{"index":"index","follow":"follow","max-snippet":"max-snippet:-1","max-image-preview":"max-image-preview:large","max-video-preview":"max-video-preview:-1"},"canonical":"https:\/\/emep.org\/es\/detened-la-provocacion-e-jerusalen","og_locale":"tr_TR","og_type":"article","og_title":"Detened la provocaci\u00f3n e Jerusal\u00e9n - Partido del Trabajo (EMEP)","og_description":"El Presidente de Estados Unidos, Donald Trump, anunci\u00f3 que trasladar\u00eda la embajada de EE.UU a Jerusal\u00e9n, reconociendo oficialmente a esta ciudad como capital de Israel. Esto es una seria provocaci\u00f3n que causar\u00e1 nuevos conflictos en Oriente Pr\u00f3ximo. Con esta paso, Trump conseguir\u00e1 aumentar el conflicto. Con esta decisi\u00f3n, Trump pretende reforzar su situaci\u00f3n en casa,...","og_url":"https:\/\/emep.org\/es\/detened-la-provocacion-e-jerusalen","og_site_name":"Partido del Trabajo (EMEP)","article_published_time":"2017-12-22T10:16:56+00:00","og_image":[{"width":1100,"height":619,"url":"https:\/\/emep.org\/es\/wp-content\/uploads\/2018\/01\/al-aqsa-mosque-jerusalem-1208-super-tease.jpg","type":"image\/jpeg"}],"author":"cogbs","twitter_card":"summary_large_image","twitter_misc":{"Yazan:":"cogbs","Tahmini okuma s\u00fcresi":"2 dakika"},"schema":{"@context":"https:\/\/schema.org","@graph":[{"@type":"Article","@id":"https:\/\/emep.org\/es\/detened-la-provocacion-e-jerusalen#article","isPartOf":{"@id":"https:\/\/emep.org\/es\/detened-la-provocacion-e-jerusalen"},"author":{"name":"cogbs","@id":"https:\/\/emep.org\/es\/#\/schema\/person\/2de7e62bd3cb0bafdbe6b129009be3d0"},"headline":"Detened la provocaci\u00f3n e Jerusal\u00e9n","datePublished":"2017-12-22T10:16:56+00:00","mainEntityOfPage":{"@id":"https:\/\/emep.org\/es\/detened-la-provocacion-e-jerusalen"},"wordCount":357,"image":{"@id":"https:\/\/emep.org\/es\/detened-la-provocacion-e-jerusalen#primaryimage"},"thumbnailUrl":"https:\/\/emep.org\/es\/wp-content\/uploads\/2018\/01\/al-aqsa-mosque-jerusalem-1208-super-tease.jpg","articleSection":["espanol"],"inLanguage":"tr"},{"@type":"WebPage","@id":"https:\/\/emep.org\/es\/detened-la-provocacion-e-jerusalen","url":"https:\/\/emep.org\/es\/detened-la-provocacion-e-jerusalen","name":"Detened la provocaci\u00f3n e Jerusal\u00e9n - Partido del Trabajo (EMEP)","isPartOf":{"@id":"https:\/\/emep.org\/es\/#website"},"primaryImageOfPage":{"@id":"https:\/\/emep.org\/es\/detened-la-provocacion-e-jerusalen#primaryimage"},"image":{"@id":"https:\/\/emep.org\/es\/detened-la-provocacion-e-jerusalen#primaryimage"},"thumbnailUrl":"https:\/\/emep.org\/es\/wp-content\/uploads\/2018\/01\/al-aqsa-mosque-jerusalem-1208-super-tease.jpg","datePublished":"2017-12-22T10:16:56+00:00","author":{"@id":"https:\/\/emep.org\/es\/#\/schema\/person\/2de7e62bd3cb0bafdbe6b129009be3d0"},"breadcrumb":{"@id":"https:\/\/emep.org\/es\/detened-la-provocacion-e-jerusalen#breadcrumb"},"inLanguage":"tr","potentialAction":[{"@type":"ReadAction","target":["https:\/\/emep.org\/es\/detened-la-provocacion-e-jerusalen"]}]},{"@type":"ImageObject","inLanguage":"tr","@id":"https:\/\/emep.org\/es\/detened-la-provocacion-e-jerusalen#primaryimage","url":"https:\/\/emep.org\/es\/wp-content\/uploads\/2018\/01\/al-aqsa-mosque-jerusalem-1208-super-tease.jpg","contentUrl":"https:\/\/emep.org\/es\/wp-content\/uploads\/2018\/01\/al-aqsa-mosque-jerusalem-1208-super-tease.jpg","width":1100,"height":619,"caption":"Los devotos Palestinos musulmanes proclaman consignas durante la oraci\u00f3n del viernes en frente de la mezquita de la C\u00fapula de la Roca, en el complejo de la mezquita de al-Aqsa, en la Jerusal\u00e9n Vieja, el 8 de diciembre de 2017. Israel despleg\u00f3 cientos de polic\u00edas adicionales despu\u00e9s de las llamadas a las protestas tras los principales rezos musulmanes de la semana contra el reconocimiento de Jerusal\u00e9n como capital de Israel por parte del Presidente de USA Donald Trump."},{"@type":"BreadcrumbList","@id":"https:\/\/emep.org\/es\/detened-la-provocacion-e-jerusalen#breadcrumb","itemListElement":[{"@type":"ListItem","position":1,"name":"Home","item":"https:\/\/emep.org\/es\/"},{"@type":"ListItem","position":2,"name":"Detened la provocaci\u00f3n e Jerusal\u00e9n"}]},{"@type":"WebSite","@id":"https:\/\/emep.org\/es\/#website","url":"https:\/\/emep.org\/es\/","name":"Partido del Trabajo (EMEP)","description":"\u00a1Trabajadores del mundo, \u00fananse!","potentialAction":[{"@type":"SearchAction","target":{"@type":"EntryPoint","urlTemplate":"https:\/\/emep.org\/es\/?s={search_term_string}"},"query-input":{"@type":"PropertyValueSpecification","valueRequired":true,"valueName":"search_term_string"}}],"inLanguage":"tr"},{"@type":"Person","@id":"https:\/\/emep.org\/es\/#\/schema\/person\/2de7e62bd3cb0bafdbe6b129009be3d0","name":"cogbs","sameAs":["https:\/\/emep.org\/es"],"url":"https:\/\/emep.org\/es\/author\/cogbs"}]}},"_links":{"self":[{"href":"https:\/\/emep.org\/es\/wp-json\/wp\/v2\/posts\/2718","targetHints":{"allow":["GET"]}}],"collection":[{"href":"https:\/\/emep.org\/es\/wp-json\/wp\/v2\/posts"}],"about":[{"href":"https:\/\/emep.org\/es\/wp-json\/wp\/v2\/types\/post"}],"author":[{"embeddable":true,"href":"https:\/\/emep.org\/es\/wp-json\/wp\/v2\/users\/1"}],"replies":[{"embeddable":true,"href":"https:\/\/emep.org\/es\/wp-json\/wp\/v2\/comments?post=2718"}],"version-history":[{"count":0,"href":"https:\/\/emep.org\/es\/wp-json\/wp\/v2\/posts\/2718\/revisions"}],"wp:featuredmedia":[{"embeddable":true,"href":"https:\/\/emep.org\/es\/wp-json\/wp\/v2\/media\/2719"}],"wp:attachment":[{"href":"https:\/\/emep.org\/es\/wp-json\/wp\/v2\/media?parent=2718"}],"wp:term":[{"taxonomy":"category","embeddable":true,"href":"https:\/\/emep.org\/es\/wp-json\/wp\/v2\/categories?post=2718"},{"taxonomy":"post_tag","embeddable":true,"href":"https:\/\/emep.org\/es\/wp-json\/wp\/v2\/tags?post=2718"}],"curies":[{"name":"wp","href":"https:\/\/api.w.org\/{rel}","templated":true}]}}