{"id":2806,"date":"2018-01-23T15:44:33","date_gmt":"2018-01-23T12:44:33","guid":{"rendered":"https:\/\/www.emep.org\/?p=2806"},"modified":"2018-01-23T15:44:33","modified_gmt":"2018-01-23T12:44:33","slug":"juventud-del-trabajo-no-permitiremos-que-las-politicas-belicistas-decidan-nuestro-futuro","status":"publish","type":"post","link":"https:\/\/emep.org\/es\/juventud-del-trabajo-no-permitiremos-que-las-politicas-belicistas-decidan-nuestro-futuro","title":{"rendered":"Juventud del Trabajo: No permitiremos que las pol\u00edticas belicistas decidan nuestro futuro"},"content":{"rendered":"<style type=\"text\/css\" data-type=\"vc_cmsms_shortcodes-custom-css\"><\/style><p>Como Juventud del Trabajo, hacemos un llamamiento a toda la juventud de Turqu\u00eda para que se una contra estas pol\u00edticas belicistas y participe en la lucha por la paz y por un pa\u00eds independiente, democr\u00e1tico y laico.<\/p>\n<p>El gobierno del AKP hab\u00eda intentado convencer a la gente de los beneficios de la operaci\u00f3n en Afrin en nombre de una pol\u00edtica exterior nacionalista, y la operaci\u00f3n ha comenzado con las Fuerzas A\u00e9reas de Turqu\u00eda bombardeando Afrin. El gobierno del AKP\/ Erdo\u011fan, que paso a paso han ido llevando al pa\u00eds a la guerra, busca el antagonismo entre los pueblos y que se incremente la tensi\u00f3n dentro del pa\u00eds mediante la operaci\u00f3n en Afrin. Mientras que sus hijos se encuentran ocupados ganando millones con cuentas en la Isla de Man, el futuro de los hijos de los obreros est\u00e1 marcado por la guerra y el conflicto. El gobierno del AKP, que no ha dado cuentas de la anterior Operaci\u00f3n Escudo del \u00c9ufrates, en la que murieron 71 j\u00f3venes, vuelve a empujar a la juventud de Turqu\u00eda a un nuevo frente de guerra.<\/p>\n<h3>LA GUERRA DEL R\u00c9GIMEN UNIPERSONAL Y DE PARTIDO \u00daNICO<\/h3>\n<p>EL gobierno de AKP- Erdo\u011fan y los capitalistas que lo respalda, est\u00e1n utilizando pol\u00edticas de guerra para construir un r\u00e9gimen de partido \u00fanico y unipersonal. Esta operaci\u00f3n es el instrumento para ignorar las demandas de millones de j\u00f3venes que luchan contra el desempleo y la falta de perspectivas futuras.<br \/>\nEL objetivo del bloque reaccionario del AKP-MHP, que se anuncia en v\u00edsperas de las elecciones de 2019, es reprimir a los cr\u00edticos con las pol\u00edticas belicistas etiquet\u00e1ndoles de \u201ctraidores\u201d y hacer de esta guerra una de las bases del r\u00e9gimen de hombre y partido \u00fanicos presentado la guerra como una \u201ccausa nacional\u201d.<\/p>\n<h3>\u00a1NO NOS RENDIREMOS A LAS POL\u00cdTICAS BELICISTAS!<\/h3>\n<p>\u00a1Ser\u00e1n los obreros, trabajadores y la juventud quienes paguen por esta Guerra! Como resultado, subir\u00e1n los impuestos y los precios de productos b\u00e1sicos, bajar\u00e1n los sueldos y salarios, y la carga de esta guerra recaer\u00e1 sobre los obreros y la juventud.<br \/>\nNo ser\u00e1n los pueblos de Turqu\u00eda ni de Oriente Medio quienes obtengan beneficios de esta guerra, sino quienes la han estado alimentado e intentando construir un r\u00e9gimen opresivo. \u00a1Involucrarse en la guerra siria, que ya lleva siete a\u00f1os, no traer\u00e1 paz y soluciones, sino que traer\u00e1 la destrucci\u00f3n! \u00a1Esta no es nuestra guerra, esta es la guerra de Erdo\u011fan para construir un r\u00e9gimen unipersonal!<\/p>\n<p>Como Juventud del Trabajo, hacemos un llamamiento a toda la juventud de Turqu\u00eda para que se una contra estas pol\u00edticas belicistas y participe en la lucha por la paz y por un pa\u00eds independiente, democr\u00e1tico y laico.<\/p>\n<p><strong>Juventud del Trabajo<\/strong><\/p>\n","protected":false},"excerpt":{"rendered":"<p>Como Juventud del Trabajo, hacemos un llamamiento a toda la juventud de Turqu\u00eda para que se una contra estas pol\u00edticas belicistas y participe en la lucha por la paz y por un pa\u00eds independiente, democr\u00e1tico y laico. El gobierno del AKP hab\u00eda intentado convencer a la gente de los beneficios de la operaci\u00f3n en Afrin&#8230;<\/p>\n","protected":false},"author":1,"featured_media":2807,"comment_status":"closed","ping_status":"open","sticky":false,"template":"","format":"standard","meta":{"footnotes":""},"categories":[33],"tags":[],"class_list":["post-2806","post","type-post","status-publish","format-standard","has-post-thumbnail","hentry","category-espanol"],"yoast_head":"<!-- This site is optimized with the Yoast SEO plugin v27.2 - https:\/\/yoast.com\/product\/yoast-seo-wordpress\/ -->\n<title>Juventud del Trabajo: No permitiremos que las pol\u00edticas belicistas decidan nuestro futuro - Partido del Trabajo (EMEP)<\/title>\n<meta name=\"robots\" content=\"index, follow, max-snippet:-1, max-image-preview:large, max-video-preview:-1\" \/>\n<link rel=\"canonical\" href=\"https:\/\/emep.org\/es\/juventud-del-trabajo-no-permitiremos-que-las-politicas-belicistas-decidan-nuestro-futuro\" \/>\n<meta property=\"og:locale\" content=\"tr_TR\" \/>\n<meta property=\"og:type\" content=\"article\" \/>\n<meta property=\"og:title\" content=\"Juventud del Trabajo: No permitiremos que las pol\u00edticas belicistas decidan nuestro futuro - Partido del Trabajo (EMEP)\" \/>\n<meta property=\"og:description\" content=\"Como Juventud del Trabajo, hacemos un llamamiento a toda la juventud de Turqu\u00eda para que se una contra estas pol\u00edticas belicistas y participe en la lucha por la paz y por un pa\u00eds independiente, democr\u00e1tico y laico. El gobierno del AKP hab\u00eda intentado convencer a la gente de los beneficios de la operaci\u00f3n en Afrin...\" \/>\n<meta property=\"og:url\" content=\"https:\/\/emep.org\/es\/juventud-del-trabajo-no-permitiremos-que-las-politicas-belicistas-decidan-nuestro-futuro\" \/>\n<meta property=\"og:site_name\" content=\"Partido del Trabajo (EMEP)\" \/>\n<meta property=\"article:published_time\" content=\"2018-01-23T12:44:33+00:00\" \/>\n<meta property=\"og:image\" content=\"https:\/\/emep.org\/es\/wp-content\/uploads\/2018\/04\/emek_gecligi.jpg\" \/>\n\t<meta property=\"og:image:width\" content=\"1580\" \/>\n\t<meta property=\"og:image:height\" content=\"979\" \/>\n\t<meta property=\"og:image:type\" content=\"image\/jpeg\" \/>\n<meta name=\"author\" content=\"cogbs\" \/>\n<meta name=\"twitter:card\" content=\"summary_large_image\" \/>\n<meta name=\"twitter:label1\" content=\"Yazan:\" \/>\n\t<meta name=\"twitter:data1\" content=\"cogbs\" \/>\n\t<meta name=\"twitter:label2\" content=\"Tahmini okuma s\u00fcresi\" \/>\n\t<meta name=\"twitter:data2\" content=\"2 dakika\" \/>\n<script type=\"application\/ld+json\" class=\"yoast-schema-graph\">{\"@context\":\"https:\/\/schema.org\",\"@graph\":[{\"@type\":\"Article\",\"@id\":\"https:\/\/emep.org\/es\/juventud-del-trabajo-no-permitiremos-que-las-politicas-belicistas-decidan-nuestro-futuro#article\",\"isPartOf\":{\"@id\":\"https:\/\/emep.org\/es\/juventud-del-trabajo-no-permitiremos-que-las-politicas-belicistas-decidan-nuestro-futuro\"},\"author\":{\"name\":\"cogbs\",\"@id\":\"https:\/\/emep.org\/es\/#\/schema\/person\/2de7e62bd3cb0bafdbe6b129009be3d0\"},\"headline\":\"Juventud del Trabajo: No permitiremos que las pol\u00edticas belicistas decidan nuestro futuro\",\"datePublished\":\"2018-01-23T12:44:33+00:00\",\"mainEntityOfPage\":{\"@id\":\"https:\/\/emep.org\/es\/juventud-del-trabajo-no-permitiremos-que-las-politicas-belicistas-decidan-nuestro-futuro\"},\"wordCount\":499,\"image\":{\"@id\":\"https:\/\/emep.org\/es\/juventud-del-trabajo-no-permitiremos-que-las-politicas-belicistas-decidan-nuestro-futuro#primaryimage\"},\"thumbnailUrl\":\"https:\/\/emep.org\/es\/wp-content\/uploads\/2018\/04\/emek_gecligi.jpg\",\"articleSection\":[\"espanol\"],\"inLanguage\":\"tr\"},{\"@type\":\"WebPage\",\"@id\":\"https:\/\/emep.org\/es\/juventud-del-trabajo-no-permitiremos-que-las-politicas-belicistas-decidan-nuestro-futuro\",\"url\":\"https:\/\/emep.org\/es\/juventud-del-trabajo-no-permitiremos-que-las-politicas-belicistas-decidan-nuestro-futuro\",\"name\":\"Juventud del Trabajo: No permitiremos que las pol\u00edticas belicistas decidan nuestro futuro - Partido del Trabajo (EMEP)\",\"isPartOf\":{\"@id\":\"https:\/\/emep.org\/es\/#website\"},\"primaryImageOfPage\":{\"@id\":\"https:\/\/emep.org\/es\/juventud-del-trabajo-no-permitiremos-que-las-politicas-belicistas-decidan-nuestro-futuro#primaryimage\"},\"image\":{\"@id\":\"https:\/\/emep.org\/es\/juventud-del-trabajo-no-permitiremos-que-las-politicas-belicistas-decidan-nuestro-futuro#primaryimage\"},\"thumbnailUrl\":\"https:\/\/emep.org\/es\/wp-content\/uploads\/2018\/04\/emek_gecligi.jpg\",\"datePublished\":\"2018-01-23T12:44:33+00:00\",\"author\":{\"@id\":\"https:\/\/emep.org\/es\/#\/schema\/person\/2de7e62bd3cb0bafdbe6b129009be3d0\"},\"breadcrumb\":{\"@id\":\"https:\/\/emep.org\/es\/juventud-del-trabajo-no-permitiremos-que-las-politicas-belicistas-decidan-nuestro-futuro#breadcrumb\"},\"inLanguage\":\"tr\",\"potentialAction\":[{\"@type\":\"ReadAction\",\"target\":[\"https:\/\/emep.org\/es\/juventud-del-trabajo-no-permitiremos-que-las-politicas-belicistas-decidan-nuestro-futuro\"]}]},{\"@type\":\"ImageObject\",\"inLanguage\":\"tr\",\"@id\":\"https:\/\/emep.org\/es\/juventud-del-trabajo-no-permitiremos-que-las-politicas-belicistas-decidan-nuestro-futuro#primaryimage\",\"url\":\"https:\/\/emep.org\/es\/wp-content\/uploads\/2018\/04\/emek_gecligi.jpg\",\"contentUrl\":\"https:\/\/emep.org\/es\/wp-content\/uploads\/2018\/04\/emek_gecligi.jpg\",\"width\":1580,\"height\":979},{\"@type\":\"BreadcrumbList\",\"@id\":\"https:\/\/emep.org\/es\/juventud-del-trabajo-no-permitiremos-que-las-politicas-belicistas-decidan-nuestro-futuro#breadcrumb\",\"itemListElement\":[{\"@type\":\"ListItem\",\"position\":1,\"name\":\"Home\",\"item\":\"https:\/\/emep.org\/es\/\"},{\"@type\":\"ListItem\",\"position\":2,\"name\":\"Juventud del Trabajo: No permitiremos que las pol\u00edticas belicistas decidan nuestro futuro\"}]},{\"@type\":\"WebSite\",\"@id\":\"https:\/\/emep.org\/es\/#website\",\"url\":\"https:\/\/emep.org\/es\/\",\"name\":\"Partido del Trabajo (EMEP)\",\"description\":\"\u00a1Trabajadores del mundo, \u00fananse!\",\"potentialAction\":[{\"@type\":\"SearchAction\",\"target\":{\"@type\":\"EntryPoint\",\"urlTemplate\":\"https:\/\/emep.org\/es\/?s={search_term_string}\"},\"query-input\":{\"@type\":\"PropertyValueSpecification\",\"valueRequired\":true,\"valueName\":\"search_term_string\"}}],\"inLanguage\":\"tr\"},{\"@type\":\"Person\",\"@id\":\"https:\/\/emep.org\/es\/#\/schema\/person\/2de7e62bd3cb0bafdbe6b129009be3d0\",\"name\":\"cogbs\",\"sameAs\":[\"https:\/\/emep.org\/es\"],\"url\":\"https:\/\/emep.org\/es\/author\/cogbs\"}]}<\/script>\n<!-- \/ Yoast SEO plugin. -->","yoast_head_json":{"title":"Juventud del Trabajo: No permitiremos que las pol\u00edticas belicistas decidan nuestro futuro - Partido del Trabajo (EMEP)","robots":{"index":"index","follow":"follow","max-snippet":"max-snippet:-1","max-image-preview":"max-image-preview:large","max-video-preview":"max-video-preview:-1"},"canonical":"https:\/\/emep.org\/es\/juventud-del-trabajo-no-permitiremos-que-las-politicas-belicistas-decidan-nuestro-futuro","og_locale":"tr_TR","og_type":"article","og_title":"Juventud del Trabajo: No permitiremos que las pol\u00edticas belicistas decidan nuestro futuro - Partido del Trabajo (EMEP)","og_description":"Como Juventud del Trabajo, hacemos un llamamiento a toda la juventud de Turqu\u00eda para que se una contra estas pol\u00edticas belicistas y participe en la lucha por la paz y por un pa\u00eds independiente, democr\u00e1tico y laico. El gobierno del AKP hab\u00eda intentado convencer a la gente de los beneficios de la operaci\u00f3n en Afrin...","og_url":"https:\/\/emep.org\/es\/juventud-del-trabajo-no-permitiremos-que-las-politicas-belicistas-decidan-nuestro-futuro","og_site_name":"Partido del Trabajo (EMEP)","article_published_time":"2018-01-23T12:44:33+00:00","og_image":[{"width":1580,"height":979,"url":"https:\/\/emep.org\/es\/wp-content\/uploads\/2018\/04\/emek_gecligi.jpg","type":"image\/jpeg"}],"author":"cogbs","twitter_card":"summary_large_image","twitter_misc":{"Yazan:":"cogbs","Tahmini okuma s\u00fcresi":"2 dakika"},"schema":{"@context":"https:\/\/schema.org","@graph":[{"@type":"Article","@id":"https:\/\/emep.org\/es\/juventud-del-trabajo-no-permitiremos-que-las-politicas-belicistas-decidan-nuestro-futuro#article","isPartOf":{"@id":"https:\/\/emep.org\/es\/juventud-del-trabajo-no-permitiremos-que-las-politicas-belicistas-decidan-nuestro-futuro"},"author":{"name":"cogbs","@id":"https:\/\/emep.org\/es\/#\/schema\/person\/2de7e62bd3cb0bafdbe6b129009be3d0"},"headline":"Juventud del Trabajo: No permitiremos que las pol\u00edticas belicistas decidan nuestro futuro","datePublished":"2018-01-23T12:44:33+00:00","mainEntityOfPage":{"@id":"https:\/\/emep.org\/es\/juventud-del-trabajo-no-permitiremos-que-las-politicas-belicistas-decidan-nuestro-futuro"},"wordCount":499,"image":{"@id":"https:\/\/emep.org\/es\/juventud-del-trabajo-no-permitiremos-que-las-politicas-belicistas-decidan-nuestro-futuro#primaryimage"},"thumbnailUrl":"https:\/\/emep.org\/es\/wp-content\/uploads\/2018\/04\/emek_gecligi.jpg","articleSection":["espanol"],"inLanguage":"tr"},{"@type":"WebPage","@id":"https:\/\/emep.org\/es\/juventud-del-trabajo-no-permitiremos-que-las-politicas-belicistas-decidan-nuestro-futuro","url":"https:\/\/emep.org\/es\/juventud-del-trabajo-no-permitiremos-que-las-politicas-belicistas-decidan-nuestro-futuro","name":"Juventud del Trabajo: No permitiremos que las pol\u00edticas belicistas decidan nuestro futuro - Partido del Trabajo (EMEP)","isPartOf":{"@id":"https:\/\/emep.org\/es\/#website"},"primaryImageOfPage":{"@id":"https:\/\/emep.org\/es\/juventud-del-trabajo-no-permitiremos-que-las-politicas-belicistas-decidan-nuestro-futuro#primaryimage"},"image":{"@id":"https:\/\/emep.org\/es\/juventud-del-trabajo-no-permitiremos-que-las-politicas-belicistas-decidan-nuestro-futuro#primaryimage"},"thumbnailUrl":"https:\/\/emep.org\/es\/wp-content\/uploads\/2018\/04\/emek_gecligi.jpg","datePublished":"2018-01-23T12:44:33+00:00","author":{"@id":"https:\/\/emep.org\/es\/#\/schema\/person\/2de7e62bd3cb0bafdbe6b129009be3d0"},"breadcrumb":{"@id":"https:\/\/emep.org\/es\/juventud-del-trabajo-no-permitiremos-que-las-politicas-belicistas-decidan-nuestro-futuro#breadcrumb"},"inLanguage":"tr","potentialAction":[{"@type":"ReadAction","target":["https:\/\/emep.org\/es\/juventud-del-trabajo-no-permitiremos-que-las-politicas-belicistas-decidan-nuestro-futuro"]}]},{"@type":"ImageObject","inLanguage":"tr","@id":"https:\/\/emep.org\/es\/juventud-del-trabajo-no-permitiremos-que-las-politicas-belicistas-decidan-nuestro-futuro#primaryimage","url":"https:\/\/emep.org\/es\/wp-content\/uploads\/2018\/04\/emek_gecligi.jpg","contentUrl":"https:\/\/emep.org\/es\/wp-content\/uploads\/2018\/04\/emek_gecligi.jpg","width":1580,"height":979},{"@type":"BreadcrumbList","@id":"https:\/\/emep.org\/es\/juventud-del-trabajo-no-permitiremos-que-las-politicas-belicistas-decidan-nuestro-futuro#breadcrumb","itemListElement":[{"@type":"ListItem","position":1,"name":"Home","item":"https:\/\/emep.org\/es\/"},{"@type":"ListItem","position":2,"name":"Juventud del Trabajo: No permitiremos que las pol\u00edticas belicistas decidan nuestro futuro"}]},{"@type":"WebSite","@id":"https:\/\/emep.org\/es\/#website","url":"https:\/\/emep.org\/es\/","name":"Partido del Trabajo (EMEP)","description":"\u00a1Trabajadores del mundo, \u00fananse!","potentialAction":[{"@type":"SearchAction","target":{"@type":"EntryPoint","urlTemplate":"https:\/\/emep.org\/es\/?s={search_term_string}"},"query-input":{"@type":"PropertyValueSpecification","valueRequired":true,"valueName":"search_term_string"}}],"inLanguage":"tr"},{"@type":"Person","@id":"https:\/\/emep.org\/es\/#\/schema\/person\/2de7e62bd3cb0bafdbe6b129009be3d0","name":"cogbs","sameAs":["https:\/\/emep.org\/es"],"url":"https:\/\/emep.org\/es\/author\/cogbs"}]}},"_links":{"self":[{"href":"https:\/\/emep.org\/es\/wp-json\/wp\/v2\/posts\/2806","targetHints":{"allow":["GET"]}}],"collection":[{"href":"https:\/\/emep.org\/es\/wp-json\/wp\/v2\/posts"}],"about":[{"href":"https:\/\/emep.org\/es\/wp-json\/wp\/v2\/types\/post"}],"author":[{"embeddable":true,"href":"https:\/\/emep.org\/es\/wp-json\/wp\/v2\/users\/1"}],"replies":[{"embeddable":true,"href":"https:\/\/emep.org\/es\/wp-json\/wp\/v2\/comments?post=2806"}],"version-history":[{"count":0,"href":"https:\/\/emep.org\/es\/wp-json\/wp\/v2\/posts\/2806\/revisions"}],"wp:featuredmedia":[{"embeddable":true,"href":"https:\/\/emep.org\/es\/wp-json\/wp\/v2\/media\/2807"}],"wp:attachment":[{"href":"https:\/\/emep.org\/es\/wp-json\/wp\/v2\/media?parent=2806"}],"wp:term":[{"taxonomy":"category","embeddable":true,"href":"https:\/\/emep.org\/es\/wp-json\/wp\/v2\/categories?post=2806"},{"taxonomy":"post_tag","embeddable":true,"href":"https:\/\/emep.org\/es\/wp-json\/wp\/v2\/tags?post=2806"}],"curies":[{"name":"wp","href":"https:\/\/api.w.org\/{rel}","templated":true}]}}