{"id":2809,"date":"2018-04-17T15:34:10","date_gmt":"2018-04-17T12:34:10","guid":{"rendered":"https:\/\/www.emep.org\/?p=2809"},"modified":"2018-04-17T15:34:10","modified_gmt":"2018-04-17T12:34:10","slug":"condenamos-los-ataques-de-estados-unidos-gran-bretana-y-francia-en-territorio-sirio","status":"publish","type":"post","link":"https:\/\/emep.org\/es\/condenamos-los-ataques-de-estados-unidos-gran-bretana-y-francia-en-territorio-sirio","title":{"rendered":"Condenamos los ataques de Estados Unidos, Gran Breta\u00f1a y Francia en territorio sirio"},"content":{"rendered":"<style type=\"text\/css\" data-type=\"vc_cmsms_shortcodes-custom-css\"><\/style><p>En el amanecer del s\u00e1bado, 14 de abril, aviones y misiles norteamericanos, brit\u00e1nicos y franceses atacaron Siria. Estos ataques no tienen ninguna justificaci\u00f3n. Las fuerzas imperialistas atacaron a otro pa\u00eds, una vez m\u00e1s, sin presentar pruebas concretas, como ocurri\u00f3 en Iraq.<\/p>\n<p>Estos agresores imperialistas dicen representar a la comunidad internacional y afirman que castigan al r\u00e9gimen del Assad en su nombre. De hecho, estos ataques pretenden materializar los intereses imperialistas en Siria y Oriente Pr\u00f3ximo y tienen como blanco a los pueblos de la regi\u00f3n.<\/p>\n<p>Estos ataques y el hecho de que Rusia, que respalda a Siria, haya manifestado que contestar\u00eda todos los ataques para despu\u00e9s no hacer nada, prueban una vez m\u00e1s que cuando se lucha contra un pa\u00eds imperialista no puedes fiarte de otro imperialista.<\/p>\n<p>Turqu\u00eda ha manifestado su apoyo. Esto no es sorprendente porque el gobierno del AKP ya hac\u00eda llamamientos a Estados Unidos en el pasado para derrocar al gobierno sirio.<\/p>\n<p>Este apoyo muestra que el gobierno del AKP podr\u00eda f\u00e1cilmente cambiar su colaboraci\u00f3n con Rusia en Siria a una colaboraci\u00f3n con los Estados Unidos y los imperialistas occidentales. Rusia cuestionar\u00eda la integridad de Turqu\u00eda lo cual pondr\u00eda m\u00e1s dif\u00edcil a Turqu\u00eda poder intervenir en Siria.<\/p>\n<p>La llamada de Turqu\u00eda a m\u00e1s acciones sirve para justificar la intervenci\u00f3n imperialista en la regi\u00f3n y es la continuaci\u00f3n de su posici\u00f3n colaboracionista.<\/p>\n<p>Los recientes acontecimientos en Siria tambi\u00e9n ponen en cuesti\u00f3n el acuerdo entre Turqu\u00eda y Rusia para la compra de los misiles de defensa a\u00e9rea S-400. Rusia podr\u00eda re-evaluar sus relaciones con Turqu\u00eda despu\u00e9s de su apoyo a los ataques en Siria, o Turqu\u00eda podr\u00eda retractarse de la compra argumentando que los sistemas de defensa a\u00e9rea son ineficientes.<\/p>\n<p>Cualesquiera sean las consecuencias de estos ataques muestran claramente un incremento de la tensi\u00f3n en las relaciones inter-imperialistas.<\/p>\n<p>Los imperialistas tratan, en vano, de presentar sus acciones como necesarias en beneficio de la humanidad en su conjunto, en vez de sus propios intereses; pero estas mentiras ya no convencen.<\/p>\n<p>Ante estos y otros ataques similares, los pueblos del mundo deben defender el derecho de todo pa\u00eds a su auto-determinaci\u00f3n y luchar contra la agresi\u00f3n imperialista, la guerra y el peligro de una guerra regional, sabiendo que la colaboraci\u00f3n con un pa\u00eds imperialista contra su rival no es la soluci\u00f3n.<\/p>\n<p><strong>\u00a1Abajo el imperialismo!<\/strong><\/p>\n<p><strong>\u00a1Viva la fraternidad de los pueblos!<\/strong><\/p>\n","protected":false},"excerpt":{"rendered":"<p>En el amanecer del s\u00e1bado, 14 de abril, aviones y misiles norteamericanos, brit\u00e1nicos y franceses atacaron Siria. Estos ataques no tienen ninguna justificaci\u00f3n. Las fuerzas imperialistas atacaron a otro pa\u00eds, una vez m\u00e1s, sin presentar pruebas concretas, como ocurri\u00f3 en Iraq. Estos agresores imperialistas dicen representar a la comunidad internacional y afirman que castigan al&#8230;<\/p>\n","protected":false},"author":1,"featured_media":1141,"comment_status":"closed","ping_status":"open","sticky":false,"template":"","format":"standard","meta":{"footnotes":""},"categories":[33],"tags":[],"class_list":["post-2809","post","type-post","status-publish","format-standard","has-post-thumbnail","hentry","category-espanol"],"yoast_head":"<!-- This site is optimized with the Yoast SEO plugin v27.2 - https:\/\/yoast.com\/product\/yoast-seo-wordpress\/ -->\n<title>Condenamos los ataques de Estados Unidos, Gran Breta\u00f1a y Francia en territorio sirio - Partido del Trabajo (EMEP)<\/title>\n<meta name=\"robots\" content=\"index, follow, max-snippet:-1, max-image-preview:large, max-video-preview:-1\" \/>\n<link rel=\"canonical\" href=\"https:\/\/emep.org\/es\/condenamos-los-ataques-de-estados-unidos-gran-bretana-y-francia-en-territorio-sirio\" \/>\n<meta property=\"og:locale\" content=\"tr_TR\" \/>\n<meta property=\"og:type\" content=\"article\" \/>\n<meta property=\"og:title\" content=\"Condenamos los ataques de Estados Unidos, Gran Breta\u00f1a y Francia en territorio sirio - Partido del Trabajo (EMEP)\" \/>\n<meta property=\"og:description\" content=\"En el amanecer del s\u00e1bado, 14 de abril, aviones y misiles norteamericanos, brit\u00e1nicos y franceses atacaron Siria. Estos ataques no tienen ninguna justificaci\u00f3n. Las fuerzas imperialistas atacaron a otro pa\u00eds, una vez m\u00e1s, sin presentar pruebas concretas, como ocurri\u00f3 en Iraq. Estos agresores imperialistas dicen representar a la comunidad internacional y afirman que castigan al...\" \/>\n<meta property=\"og:url\" content=\"https:\/\/emep.org\/es\/condenamos-los-ataques-de-estados-unidos-gran-bretana-y-francia-en-territorio-sirio\" \/>\n<meta property=\"og:site_name\" content=\"Partido del Trabajo (EMEP)\" \/>\n<meta property=\"article:published_time\" content=\"2018-04-17T12:34:10+00:00\" \/>\n<meta property=\"og:image\" content=\"https:\/\/emep.org\/es\/wp-content\/uploads\/2015\/11\/emepbolge11.jpg\" \/>\n\t<meta property=\"og:image:width\" content=\"925\" \/>\n\t<meta property=\"og:image:height\" content=\"483\" \/>\n\t<meta property=\"og:image:type\" content=\"image\/jpeg\" \/>\n<meta name=\"author\" content=\"cogbs\" \/>\n<meta name=\"twitter:card\" content=\"summary_large_image\" \/>\n<meta name=\"twitter:label1\" content=\"Yazan:\" \/>\n\t<meta name=\"twitter:data1\" content=\"cogbs\" \/>\n\t<meta name=\"twitter:label2\" content=\"Tahmini okuma s\u00fcresi\" \/>\n\t<meta name=\"twitter:data2\" content=\"2 dakika\" \/>\n<script type=\"application\/ld+json\" class=\"yoast-schema-graph\">{\"@context\":\"https:\/\/schema.org\",\"@graph\":[{\"@type\":\"Article\",\"@id\":\"https:\/\/emep.org\/es\/condenamos-los-ataques-de-estados-unidos-gran-bretana-y-francia-en-territorio-sirio#article\",\"isPartOf\":{\"@id\":\"https:\/\/emep.org\/es\/condenamos-los-ataques-de-estados-unidos-gran-bretana-y-francia-en-territorio-sirio\"},\"author\":{\"name\":\"cogbs\",\"@id\":\"https:\/\/emep.org\/es\/#\/schema\/person\/2de7e62bd3cb0bafdbe6b129009be3d0\"},\"headline\":\"Condenamos los ataques de Estados Unidos, Gran Breta\u00f1a y Francia en territorio sirio\",\"datePublished\":\"2018-04-17T12:34:10+00:00\",\"mainEntityOfPage\":{\"@id\":\"https:\/\/emep.org\/es\/condenamos-los-ataques-de-estados-unidos-gran-bretana-y-francia-en-territorio-sirio\"},\"wordCount\":449,\"image\":{\"@id\":\"https:\/\/emep.org\/es\/condenamos-los-ataques-de-estados-unidos-gran-bretana-y-francia-en-territorio-sirio#primaryimage\"},\"thumbnailUrl\":\"https:\/\/emep.org\/es\/wp-content\/uploads\/2015\/11\/emepbolge11.jpg\",\"articleSection\":[\"espanol\"],\"inLanguage\":\"tr\"},{\"@type\":\"WebPage\",\"@id\":\"https:\/\/emep.org\/es\/condenamos-los-ataques-de-estados-unidos-gran-bretana-y-francia-en-territorio-sirio\",\"url\":\"https:\/\/emep.org\/es\/condenamos-los-ataques-de-estados-unidos-gran-bretana-y-francia-en-territorio-sirio\",\"name\":\"Condenamos los ataques de Estados Unidos, Gran Breta\u00f1a y Francia en territorio sirio - Partido del Trabajo (EMEP)\",\"isPartOf\":{\"@id\":\"https:\/\/emep.org\/es\/#website\"},\"primaryImageOfPage\":{\"@id\":\"https:\/\/emep.org\/es\/condenamos-los-ataques-de-estados-unidos-gran-bretana-y-francia-en-territorio-sirio#primaryimage\"},\"image\":{\"@id\":\"https:\/\/emep.org\/es\/condenamos-los-ataques-de-estados-unidos-gran-bretana-y-francia-en-territorio-sirio#primaryimage\"},\"thumbnailUrl\":\"https:\/\/emep.org\/es\/wp-content\/uploads\/2015\/11\/emepbolge11.jpg\",\"datePublished\":\"2018-04-17T12:34:10+00:00\",\"author\":{\"@id\":\"https:\/\/emep.org\/es\/#\/schema\/person\/2de7e62bd3cb0bafdbe6b129009be3d0\"},\"breadcrumb\":{\"@id\":\"https:\/\/emep.org\/es\/condenamos-los-ataques-de-estados-unidos-gran-bretana-y-francia-en-territorio-sirio#breadcrumb\"},\"inLanguage\":\"tr\",\"potentialAction\":[{\"@type\":\"ReadAction\",\"target\":[\"https:\/\/emep.org\/es\/condenamos-los-ataques-de-estados-unidos-gran-bretana-y-francia-en-territorio-sirio\"]}]},{\"@type\":\"ImageObject\",\"inLanguage\":\"tr\",\"@id\":\"https:\/\/emep.org\/es\/condenamos-los-ataques-de-estados-unidos-gran-bretana-y-francia-en-territorio-sirio#primaryimage\",\"url\":\"https:\/\/emep.org\/es\/wp-content\/uploads\/2015\/11\/emepbolge11.jpg\",\"contentUrl\":\"https:\/\/emep.org\/es\/wp-content\/uploads\/2015\/11\/emepbolge11.jpg\",\"width\":925,\"height\":483},{\"@type\":\"BreadcrumbList\",\"@id\":\"https:\/\/emep.org\/es\/condenamos-los-ataques-de-estados-unidos-gran-bretana-y-francia-en-territorio-sirio#breadcrumb\",\"itemListElement\":[{\"@type\":\"ListItem\",\"position\":1,\"name\":\"Home\",\"item\":\"https:\/\/emep.org\/es\/\"},{\"@type\":\"ListItem\",\"position\":2,\"name\":\"Condenamos los ataques de Estados Unidos, Gran Breta\u00f1a y Francia en territorio sirio\"}]},{\"@type\":\"WebSite\",\"@id\":\"https:\/\/emep.org\/es\/#website\",\"url\":\"https:\/\/emep.org\/es\/\",\"name\":\"Partido del Trabajo (EMEP)\",\"description\":\"\u00a1Trabajadores del mundo, \u00fananse!\",\"potentialAction\":[{\"@type\":\"SearchAction\",\"target\":{\"@type\":\"EntryPoint\",\"urlTemplate\":\"https:\/\/emep.org\/es\/?s={search_term_string}\"},\"query-input\":{\"@type\":\"PropertyValueSpecification\",\"valueRequired\":true,\"valueName\":\"search_term_string\"}}],\"inLanguage\":\"tr\"},{\"@type\":\"Person\",\"@id\":\"https:\/\/emep.org\/es\/#\/schema\/person\/2de7e62bd3cb0bafdbe6b129009be3d0\",\"name\":\"cogbs\",\"sameAs\":[\"https:\/\/emep.org\/es\"],\"url\":\"https:\/\/emep.org\/es\/author\/cogbs\"}]}<\/script>\n<!-- \/ Yoast SEO plugin. -->","yoast_head_json":{"title":"Condenamos los ataques de Estados Unidos, Gran Breta\u00f1a y Francia en territorio sirio - Partido del Trabajo (EMEP)","robots":{"index":"index","follow":"follow","max-snippet":"max-snippet:-1","max-image-preview":"max-image-preview:large","max-video-preview":"max-video-preview:-1"},"canonical":"https:\/\/emep.org\/es\/condenamos-los-ataques-de-estados-unidos-gran-bretana-y-francia-en-territorio-sirio","og_locale":"tr_TR","og_type":"article","og_title":"Condenamos los ataques de Estados Unidos, Gran Breta\u00f1a y Francia en territorio sirio - Partido del Trabajo (EMEP)","og_description":"En el amanecer del s\u00e1bado, 14 de abril, aviones y misiles norteamericanos, brit\u00e1nicos y franceses atacaron Siria. Estos ataques no tienen ninguna justificaci\u00f3n. Las fuerzas imperialistas atacaron a otro pa\u00eds, una vez m\u00e1s, sin presentar pruebas concretas, como ocurri\u00f3 en Iraq. Estos agresores imperialistas dicen representar a la comunidad internacional y afirman que castigan al...","og_url":"https:\/\/emep.org\/es\/condenamos-los-ataques-de-estados-unidos-gran-bretana-y-francia-en-territorio-sirio","og_site_name":"Partido del Trabajo (EMEP)","article_published_time":"2018-04-17T12:34:10+00:00","og_image":[{"width":925,"height":483,"url":"https:\/\/emep.org\/es\/wp-content\/uploads\/2015\/11\/emepbolge11.jpg","type":"image\/jpeg"}],"author":"cogbs","twitter_card":"summary_large_image","twitter_misc":{"Yazan:":"cogbs","Tahmini okuma s\u00fcresi":"2 dakika"},"schema":{"@context":"https:\/\/schema.org","@graph":[{"@type":"Article","@id":"https:\/\/emep.org\/es\/condenamos-los-ataques-de-estados-unidos-gran-bretana-y-francia-en-territorio-sirio#article","isPartOf":{"@id":"https:\/\/emep.org\/es\/condenamos-los-ataques-de-estados-unidos-gran-bretana-y-francia-en-territorio-sirio"},"author":{"name":"cogbs","@id":"https:\/\/emep.org\/es\/#\/schema\/person\/2de7e62bd3cb0bafdbe6b129009be3d0"},"headline":"Condenamos los ataques de Estados Unidos, Gran Breta\u00f1a y Francia en territorio sirio","datePublished":"2018-04-17T12:34:10+00:00","mainEntityOfPage":{"@id":"https:\/\/emep.org\/es\/condenamos-los-ataques-de-estados-unidos-gran-bretana-y-francia-en-territorio-sirio"},"wordCount":449,"image":{"@id":"https:\/\/emep.org\/es\/condenamos-los-ataques-de-estados-unidos-gran-bretana-y-francia-en-territorio-sirio#primaryimage"},"thumbnailUrl":"https:\/\/emep.org\/es\/wp-content\/uploads\/2015\/11\/emepbolge11.jpg","articleSection":["espanol"],"inLanguage":"tr"},{"@type":"WebPage","@id":"https:\/\/emep.org\/es\/condenamos-los-ataques-de-estados-unidos-gran-bretana-y-francia-en-territorio-sirio","url":"https:\/\/emep.org\/es\/condenamos-los-ataques-de-estados-unidos-gran-bretana-y-francia-en-territorio-sirio","name":"Condenamos los ataques de Estados Unidos, Gran Breta\u00f1a y Francia en territorio sirio - Partido del Trabajo (EMEP)","isPartOf":{"@id":"https:\/\/emep.org\/es\/#website"},"primaryImageOfPage":{"@id":"https:\/\/emep.org\/es\/condenamos-los-ataques-de-estados-unidos-gran-bretana-y-francia-en-territorio-sirio#primaryimage"},"image":{"@id":"https:\/\/emep.org\/es\/condenamos-los-ataques-de-estados-unidos-gran-bretana-y-francia-en-territorio-sirio#primaryimage"},"thumbnailUrl":"https:\/\/emep.org\/es\/wp-content\/uploads\/2015\/11\/emepbolge11.jpg","datePublished":"2018-04-17T12:34:10+00:00","author":{"@id":"https:\/\/emep.org\/es\/#\/schema\/person\/2de7e62bd3cb0bafdbe6b129009be3d0"},"breadcrumb":{"@id":"https:\/\/emep.org\/es\/condenamos-los-ataques-de-estados-unidos-gran-bretana-y-francia-en-territorio-sirio#breadcrumb"},"inLanguage":"tr","potentialAction":[{"@type":"ReadAction","target":["https:\/\/emep.org\/es\/condenamos-los-ataques-de-estados-unidos-gran-bretana-y-francia-en-territorio-sirio"]}]},{"@type":"ImageObject","inLanguage":"tr","@id":"https:\/\/emep.org\/es\/condenamos-los-ataques-de-estados-unidos-gran-bretana-y-francia-en-territorio-sirio#primaryimage","url":"https:\/\/emep.org\/es\/wp-content\/uploads\/2015\/11\/emepbolge11.jpg","contentUrl":"https:\/\/emep.org\/es\/wp-content\/uploads\/2015\/11\/emepbolge11.jpg","width":925,"height":483},{"@type":"BreadcrumbList","@id":"https:\/\/emep.org\/es\/condenamos-los-ataques-de-estados-unidos-gran-bretana-y-francia-en-territorio-sirio#breadcrumb","itemListElement":[{"@type":"ListItem","position":1,"name":"Home","item":"https:\/\/emep.org\/es\/"},{"@type":"ListItem","position":2,"name":"Condenamos los ataques de Estados Unidos, Gran Breta\u00f1a y Francia en territorio sirio"}]},{"@type":"WebSite","@id":"https:\/\/emep.org\/es\/#website","url":"https:\/\/emep.org\/es\/","name":"Partido del Trabajo (EMEP)","description":"\u00a1Trabajadores del mundo, \u00fananse!","potentialAction":[{"@type":"SearchAction","target":{"@type":"EntryPoint","urlTemplate":"https:\/\/emep.org\/es\/?s={search_term_string}"},"query-input":{"@type":"PropertyValueSpecification","valueRequired":true,"valueName":"search_term_string"}}],"inLanguage":"tr"},{"@type":"Person","@id":"https:\/\/emep.org\/es\/#\/schema\/person\/2de7e62bd3cb0bafdbe6b129009be3d0","name":"cogbs","sameAs":["https:\/\/emep.org\/es"],"url":"https:\/\/emep.org\/es\/author\/cogbs"}]}},"_links":{"self":[{"href":"https:\/\/emep.org\/es\/wp-json\/wp\/v2\/posts\/2809","targetHints":{"allow":["GET"]}}],"collection":[{"href":"https:\/\/emep.org\/es\/wp-json\/wp\/v2\/posts"}],"about":[{"href":"https:\/\/emep.org\/es\/wp-json\/wp\/v2\/types\/post"}],"author":[{"embeddable":true,"href":"https:\/\/emep.org\/es\/wp-json\/wp\/v2\/users\/1"}],"replies":[{"embeddable":true,"href":"https:\/\/emep.org\/es\/wp-json\/wp\/v2\/comments?post=2809"}],"version-history":[{"count":0,"href":"https:\/\/emep.org\/es\/wp-json\/wp\/v2\/posts\/2809\/revisions"}],"wp:featuredmedia":[{"embeddable":true,"href":"https:\/\/emep.org\/es\/wp-json\/wp\/v2\/media\/1141"}],"wp:attachment":[{"href":"https:\/\/emep.org\/es\/wp-json\/wp\/v2\/media?parent=2809"}],"wp:term":[{"taxonomy":"category","embeddable":true,"href":"https:\/\/emep.org\/es\/wp-json\/wp\/v2\/categories?post=2809"},{"taxonomy":"post_tag","embeddable":true,"href":"https:\/\/emep.org\/es\/wp-json\/wp\/v2\/tags?post=2809"}],"curies":[{"name":"wp","href":"https:\/\/api.w.org\/{rel}","templated":true}]}}