{"id":3024,"date":"2018-06-30T08:25:55","date_gmt":"2018-06-30T05:25:55","guid":{"rendered":"https:\/\/www.emep.org\/?p=3024"},"modified":"2018-06-30T08:25:55","modified_gmt":"2018-06-30T05:25:55","slug":"los-partidos-gobernantes-causantes-de-los-problemas-a-los-que-se-enfrenta-el-pueblo-no-pueden-ser-la-solucion","status":"publish","type":"post","link":"https:\/\/emep.org\/es\/los-partidos-gobernantes-causantes-de-los-problemas-a-los-que-se-enfrenta-el-pueblo-no-pueden-ser-la-solucion","title":{"rendered":"Los partidos gobernantes, causantes de los problemas a los que se enfrenta el pueblo, no pueden ser la soluci\u00f3n"},"content":{"rendered":"<style type=\"text\/css\" data-type=\"vc_cmsms_shortcodes-custom-css\"><\/style>\n<p>Las elecciones\ndel 24 de junio se desarrollaron bajo el OHAL (Estado de Emergencia), la\ndesigualdad, el monopolio medi\u00e1tico y polarizaci\u00f3n del discurso pol\u00edtico del\ngobierno. Por lo tanto, la declaraci\u00f3n de Erdogan de una \u201ccelebraci\u00f3n de la\ndemocracia\u201d \u2013que el basaba en la alta participaci\u00f3n- no refleja la realidad. No\nse puede afirmar que las elecciones fueron justas o que se desarrollaron en\ncondiciones de libertad e igualdad de oportunidades: la \u201cAlianza Presidencial\u201d\nutiliz\u00f3 todos los recursos del gobierno de manera abrumadora y llevando su\nopresi\u00f3n a la violencia f\u00edsica, causando la muerte de 5 personas en unas\nelecciones sangrientas cuya legitimidad seguir\u00e1 siendo asunto de debate.<\/p>\n\n\n\n<p>A pesar de\nconfirmarse en las urnas la presidencia de Erdogan y la transici\u00f3n a un nuevo\nr\u00e9gimen, es patente que una parte considerable de la sociedad no est\u00e1 de\nacuerdo con un \u201cr\u00e9gimen unipersonal\u201d.<\/p>\n\n\n\n<p>Los partidos\ngobernantes, fuente de los problemas a los que se enfrenta la sociedad, no\npueden soluci\u00f3n los problemas que crearon. El AKP y sus aliados los los\narquitectos del alto desempleo, corrupci\u00f3n, opresi\u00f3n, violencia y belicismo;\nestos problemas crecer\u00e1n y se multiplicaran bajo el mandato de estos partidos,\ny toda la sociedad se ver\u00e1 afectada por sus catastr\u00f3ficas consecuencias.<\/p>\n\n\n\n<p>El sistema\npresidencial, basado en un \u201cr\u00e9gimen unipersonal\u201d ideado para dar continuidad al\nliderazgo de Erdogan, es un sistema pol\u00edtico dise\u00f1ado para servir a los\nintereses de la clase financiera. Est\u00e1 claro que el pueblo pagar\u00e1 la factura de\nla recesi\u00f3n econ\u00f3mica, incluyendo la alta deuda internacional; se tomar\u00e1n duras\ndecisiones y aumentar\u00e1 la opresi\u00f3n en este dif\u00edcil periodo. De ah\u00ed que, a\ntrav\u00e9s de sus declaraciones post-electorales, T\u00dcSIAD (Asociaci\u00f3n Turca de\nIndustria y Negocios) transfiere al ejecutivo la tarea de reformar para\nexpandir la carga fiscal a las capas bajas. El poder nunca se abstuvo de\nutilizar el apoyo popular como base de sus pol\u00edticas agresivas, y no hay\ngarant\u00edas de que vayan a hacer las cosas de otra manera de ahora en adelante.\nSe puede ver que las condiciones de vida y laborales de todos los sectores\nsociales \u2013principalmente de la clase obrera- empeorar\u00e1n. No obstante, esta\npol\u00edticas agresivas (prohibici\u00f3n de huelgas, escalada de precios, limitaci\u00f3n de\nlos derechos y libertades democr\u00e1ticos, belicismo interior y exterior) tambi\u00e9n\naumentar\u00e1n las dificultades del gobierno.<\/p>\n\n\n\n<p>Durante las\nelecciones la \u201cAlianza Presidencial\u201d fue declarada como la alianza \u201clocal y\nnacional\u201d y se acusaba de terroristas a todas aquellas personas que no la\napoyaban. Los resultados no pueden considerarse democr\u00e1ticos cuando las\ncampa\u00f1as del HDP y de la \u201cAlianza de los Pueblos\u201d fueron atacada abiertamente.\nLos indicios de que esta agresi\u00f3n no se limitar\u00e1 al per\u00edodo electoral, sino que\ncontinuar\u00e1n durante la construcci\u00f3n del nuevo r\u00e9gimen pol\u00edtico pueden\ndetectarse en las declaraciones de Erdogan.<\/p>\n\n\n\n<p>El conflicto\nentre quienes quieren re-estructurar el r\u00e9gimen en l\u00ednea con los intereses de\nlos monopolios y quieres luchan por un poder popular, democr\u00e1tico, con derechos\ny libertades y que exigen paz e igualdad no se acaba con las elecciones;\ncontinuar\u00e1.<\/p>\n\n\n\n<p>Nuestro partido\nseguir\u00e1 esforz\u00e1ndose en su tarea de hacer ver el enorme error en que han ca\u00eddo\nlos obreros y trabajadores que han votado por Erdogan y la Alianza Presidencial\ncon la esperanza de que solucionar\u00e1n los problemas crecientes del pa\u00eds, e\nintentar que se una al resto de su clase en la lucha por su propio futuro y\nliberaci\u00f3n.<\/p>\n\n\n\n<p>El r\u00e9gimen\nunipersonal adoptar\u00e1 agresivas medidas econ\u00f3micas, sociales y pol\u00edticas que\ntendr\u00e1n un impacto directo en las condiciones de vida y las condiciones\nlaborales y tendr\u00e1n en el punto de mira las conquistas democr\u00e1ticas, derechos y\nlibertades de obreros y trabajadores y resto de la sociedad. Independientemente\ndel resultado electoral, continuaremos nuestra lucha contra el r\u00e9gimen\nunipersonal.<\/p>\n","protected":false},"excerpt":{"rendered":"<p>Las elecciones del 24 de junio se desarrollaron bajo el OHAL (Estado de Emergencia), la desigualdad, el monopolio medi\u00e1tico y polarizaci\u00f3n del discurso pol\u00edtico del gobierno. Por lo tanto, la declaraci\u00f3n de Erdogan de una \u201ccelebraci\u00f3n de la democracia\u201d \u2013que el basaba en la alta participaci\u00f3n- no refleja la realidad. No se puede afirmar que&#8230;<\/p>\n","protected":false},"author":1,"featured_media":0,"comment_status":"closed","ping_status":"open","sticky":false,"template":"","format":"standard","meta":{"footnotes":""},"categories":[33],"tags":[],"class_list":["post-3024","post","type-post","status-publish","format-standard","hentry","category-espanol"],"yoast_head":"<!-- This site is optimized with the Yoast SEO plugin v27.2 - https:\/\/yoast.com\/product\/yoast-seo-wordpress\/ -->\n<title>Los partidos gobernantes, causantes de los problemas a los que se enfrenta el pueblo, no pueden ser la soluci\u00f3n - Partido del Trabajo (EMEP)<\/title>\n<meta name=\"robots\" content=\"index, follow, max-snippet:-1, max-image-preview:large, max-video-preview:-1\" \/>\n<link rel=\"canonical\" href=\"https:\/\/emep.org\/es\/los-partidos-gobernantes-causantes-de-los-problemas-a-los-que-se-enfrenta-el-pueblo-no-pueden-ser-la-solucion\" \/>\n<meta property=\"og:locale\" content=\"tr_TR\" \/>\n<meta property=\"og:type\" content=\"article\" \/>\n<meta property=\"og:title\" content=\"Los partidos gobernantes, causantes de los problemas a los que se enfrenta el pueblo, no pueden ser la soluci\u00f3n - Partido del Trabajo (EMEP)\" \/>\n<meta property=\"og:description\" content=\"Las elecciones del 24 de junio se desarrollaron bajo el OHAL (Estado de Emergencia), la desigualdad, el monopolio medi\u00e1tico y polarizaci\u00f3n del discurso pol\u00edtico del gobierno. Por lo tanto, la declaraci\u00f3n de Erdogan de una \u201ccelebraci\u00f3n de la democracia\u201d \u2013que el basaba en la alta participaci\u00f3n- no refleja la realidad. No se puede afirmar que...\" \/>\n<meta property=\"og:url\" content=\"https:\/\/emep.org\/es\/los-partidos-gobernantes-causantes-de-los-problemas-a-los-que-se-enfrenta-el-pueblo-no-pueden-ser-la-solucion\" \/>\n<meta property=\"og:site_name\" content=\"Partido del Trabajo (EMEP)\" \/>\n<meta property=\"article:published_time\" content=\"2018-06-30T05:25:55+00:00\" \/>\n<meta name=\"author\" content=\"cogbs\" \/>\n<meta name=\"twitter:card\" content=\"summary_large_image\" \/>\n<meta name=\"twitter:label1\" content=\"Yazan:\" \/>\n\t<meta name=\"twitter:data1\" content=\"cogbs\" \/>\n\t<meta name=\"twitter:label2\" content=\"Tahmini okuma s\u00fcresi\" \/>\n\t<meta name=\"twitter:data2\" content=\"3 dakika\" \/>\n<script type=\"application\/ld+json\" class=\"yoast-schema-graph\">{\"@context\":\"https:\/\/schema.org\",\"@graph\":[{\"@type\":\"Article\",\"@id\":\"https:\/\/emep.org\/es\/los-partidos-gobernantes-causantes-de-los-problemas-a-los-que-se-enfrenta-el-pueblo-no-pueden-ser-la-solucion#article\",\"isPartOf\":{\"@id\":\"https:\/\/emep.org\/es\/los-partidos-gobernantes-causantes-de-los-problemas-a-los-que-se-enfrenta-el-pueblo-no-pueden-ser-la-solucion\"},\"author\":{\"name\":\"cogbs\",\"@id\":\"https:\/\/emep.org\/es\/#\/schema\/person\/2de7e62bd3cb0bafdbe6b129009be3d0\"},\"headline\":\"Los partidos gobernantes, causantes de los problemas a los que se enfrenta el pueblo, no pueden ser la soluci\u00f3n\",\"datePublished\":\"2018-06-30T05:25:55+00:00\",\"mainEntityOfPage\":{\"@id\":\"https:\/\/emep.org\/es\/los-partidos-gobernantes-causantes-de-los-problemas-a-los-que-se-enfrenta-el-pueblo-no-pueden-ser-la-solucion\"},\"wordCount\":689,\"articleSection\":[\"espanol\"],\"inLanguage\":\"tr\"},{\"@type\":\"WebPage\",\"@id\":\"https:\/\/emep.org\/es\/los-partidos-gobernantes-causantes-de-los-problemas-a-los-que-se-enfrenta-el-pueblo-no-pueden-ser-la-solucion\",\"url\":\"https:\/\/emep.org\/es\/los-partidos-gobernantes-causantes-de-los-problemas-a-los-que-se-enfrenta-el-pueblo-no-pueden-ser-la-solucion\",\"name\":\"Los partidos gobernantes, causantes de los problemas a los que se enfrenta el pueblo, no pueden ser la soluci\u00f3n - Partido del Trabajo (EMEP)\",\"isPartOf\":{\"@id\":\"https:\/\/emep.org\/es\/#website\"},\"datePublished\":\"2018-06-30T05:25:55+00:00\",\"author\":{\"@id\":\"https:\/\/emep.org\/es\/#\/schema\/person\/2de7e62bd3cb0bafdbe6b129009be3d0\"},\"breadcrumb\":{\"@id\":\"https:\/\/emep.org\/es\/los-partidos-gobernantes-causantes-de-los-problemas-a-los-que-se-enfrenta-el-pueblo-no-pueden-ser-la-solucion#breadcrumb\"},\"inLanguage\":\"tr\",\"potentialAction\":[{\"@type\":\"ReadAction\",\"target\":[\"https:\/\/emep.org\/es\/los-partidos-gobernantes-causantes-de-los-problemas-a-los-que-se-enfrenta-el-pueblo-no-pueden-ser-la-solucion\"]}]},{\"@type\":\"BreadcrumbList\",\"@id\":\"https:\/\/emep.org\/es\/los-partidos-gobernantes-causantes-de-los-problemas-a-los-que-se-enfrenta-el-pueblo-no-pueden-ser-la-solucion#breadcrumb\",\"itemListElement\":[{\"@type\":\"ListItem\",\"position\":1,\"name\":\"Home\",\"item\":\"https:\/\/emep.org\/es\/\"},{\"@type\":\"ListItem\",\"position\":2,\"name\":\"Los partidos gobernantes, causantes de los problemas a los que se enfrenta el pueblo, no pueden ser la soluci\u00f3n\"}]},{\"@type\":\"WebSite\",\"@id\":\"https:\/\/emep.org\/es\/#website\",\"url\":\"https:\/\/emep.org\/es\/\",\"name\":\"Partido del Trabajo (EMEP)\",\"description\":\"\u00a1Trabajadores del mundo, \u00fananse!\",\"potentialAction\":[{\"@type\":\"SearchAction\",\"target\":{\"@type\":\"EntryPoint\",\"urlTemplate\":\"https:\/\/emep.org\/es\/?s={search_term_string}\"},\"query-input\":{\"@type\":\"PropertyValueSpecification\",\"valueRequired\":true,\"valueName\":\"search_term_string\"}}],\"inLanguage\":\"tr\"},{\"@type\":\"Person\",\"@id\":\"https:\/\/emep.org\/es\/#\/schema\/person\/2de7e62bd3cb0bafdbe6b129009be3d0\",\"name\":\"cogbs\",\"sameAs\":[\"https:\/\/emep.org\/es\"],\"url\":\"https:\/\/emep.org\/es\/author\/cogbs\"}]}<\/script>\n<!-- \/ Yoast SEO plugin. -->","yoast_head_json":{"title":"Los partidos gobernantes, causantes de los problemas a los que se enfrenta el pueblo, no pueden ser la soluci\u00f3n - Partido del Trabajo (EMEP)","robots":{"index":"index","follow":"follow","max-snippet":"max-snippet:-1","max-image-preview":"max-image-preview:large","max-video-preview":"max-video-preview:-1"},"canonical":"https:\/\/emep.org\/es\/los-partidos-gobernantes-causantes-de-los-problemas-a-los-que-se-enfrenta-el-pueblo-no-pueden-ser-la-solucion","og_locale":"tr_TR","og_type":"article","og_title":"Los partidos gobernantes, causantes de los problemas a los que se enfrenta el pueblo, no pueden ser la soluci\u00f3n - Partido del Trabajo (EMEP)","og_description":"Las elecciones del 24 de junio se desarrollaron bajo el OHAL (Estado de Emergencia), la desigualdad, el monopolio medi\u00e1tico y polarizaci\u00f3n del discurso pol\u00edtico del gobierno. Por lo tanto, la declaraci\u00f3n de Erdogan de una \u201ccelebraci\u00f3n de la democracia\u201d \u2013que el basaba en la alta participaci\u00f3n- no refleja la realidad. No se puede afirmar que...","og_url":"https:\/\/emep.org\/es\/los-partidos-gobernantes-causantes-de-los-problemas-a-los-que-se-enfrenta-el-pueblo-no-pueden-ser-la-solucion","og_site_name":"Partido del Trabajo (EMEP)","article_published_time":"2018-06-30T05:25:55+00:00","author":"cogbs","twitter_card":"summary_large_image","twitter_misc":{"Yazan:":"cogbs","Tahmini okuma s\u00fcresi":"3 dakika"},"schema":{"@context":"https:\/\/schema.org","@graph":[{"@type":"Article","@id":"https:\/\/emep.org\/es\/los-partidos-gobernantes-causantes-de-los-problemas-a-los-que-se-enfrenta-el-pueblo-no-pueden-ser-la-solucion#article","isPartOf":{"@id":"https:\/\/emep.org\/es\/los-partidos-gobernantes-causantes-de-los-problemas-a-los-que-se-enfrenta-el-pueblo-no-pueden-ser-la-solucion"},"author":{"name":"cogbs","@id":"https:\/\/emep.org\/es\/#\/schema\/person\/2de7e62bd3cb0bafdbe6b129009be3d0"},"headline":"Los partidos gobernantes, causantes de los problemas a los que se enfrenta el pueblo, no pueden ser la soluci\u00f3n","datePublished":"2018-06-30T05:25:55+00:00","mainEntityOfPage":{"@id":"https:\/\/emep.org\/es\/los-partidos-gobernantes-causantes-de-los-problemas-a-los-que-se-enfrenta-el-pueblo-no-pueden-ser-la-solucion"},"wordCount":689,"articleSection":["espanol"],"inLanguage":"tr"},{"@type":"WebPage","@id":"https:\/\/emep.org\/es\/los-partidos-gobernantes-causantes-de-los-problemas-a-los-que-se-enfrenta-el-pueblo-no-pueden-ser-la-solucion","url":"https:\/\/emep.org\/es\/los-partidos-gobernantes-causantes-de-los-problemas-a-los-que-se-enfrenta-el-pueblo-no-pueden-ser-la-solucion","name":"Los partidos gobernantes, causantes de los problemas a los que se enfrenta el pueblo, no pueden ser la soluci\u00f3n - Partido del Trabajo (EMEP)","isPartOf":{"@id":"https:\/\/emep.org\/es\/#website"},"datePublished":"2018-06-30T05:25:55+00:00","author":{"@id":"https:\/\/emep.org\/es\/#\/schema\/person\/2de7e62bd3cb0bafdbe6b129009be3d0"},"breadcrumb":{"@id":"https:\/\/emep.org\/es\/los-partidos-gobernantes-causantes-de-los-problemas-a-los-que-se-enfrenta-el-pueblo-no-pueden-ser-la-solucion#breadcrumb"},"inLanguage":"tr","potentialAction":[{"@type":"ReadAction","target":["https:\/\/emep.org\/es\/los-partidos-gobernantes-causantes-de-los-problemas-a-los-que-se-enfrenta-el-pueblo-no-pueden-ser-la-solucion"]}]},{"@type":"BreadcrumbList","@id":"https:\/\/emep.org\/es\/los-partidos-gobernantes-causantes-de-los-problemas-a-los-que-se-enfrenta-el-pueblo-no-pueden-ser-la-solucion#breadcrumb","itemListElement":[{"@type":"ListItem","position":1,"name":"Home","item":"https:\/\/emep.org\/es\/"},{"@type":"ListItem","position":2,"name":"Los partidos gobernantes, causantes de los problemas a los que se enfrenta el pueblo, no pueden ser la soluci\u00f3n"}]},{"@type":"WebSite","@id":"https:\/\/emep.org\/es\/#website","url":"https:\/\/emep.org\/es\/","name":"Partido del Trabajo (EMEP)","description":"\u00a1Trabajadores del mundo, \u00fananse!","potentialAction":[{"@type":"SearchAction","target":{"@type":"EntryPoint","urlTemplate":"https:\/\/emep.org\/es\/?s={search_term_string}"},"query-input":{"@type":"PropertyValueSpecification","valueRequired":true,"valueName":"search_term_string"}}],"inLanguage":"tr"},{"@type":"Person","@id":"https:\/\/emep.org\/es\/#\/schema\/person\/2de7e62bd3cb0bafdbe6b129009be3d0","name":"cogbs","sameAs":["https:\/\/emep.org\/es"],"url":"https:\/\/emep.org\/es\/author\/cogbs"}]}},"_links":{"self":[{"href":"https:\/\/emep.org\/es\/wp-json\/wp\/v2\/posts\/3024","targetHints":{"allow":["GET"]}}],"collection":[{"href":"https:\/\/emep.org\/es\/wp-json\/wp\/v2\/posts"}],"about":[{"href":"https:\/\/emep.org\/es\/wp-json\/wp\/v2\/types\/post"}],"author":[{"embeddable":true,"href":"https:\/\/emep.org\/es\/wp-json\/wp\/v2\/users\/1"}],"replies":[{"embeddable":true,"href":"https:\/\/emep.org\/es\/wp-json\/wp\/v2\/comments?post=3024"}],"version-history":[{"count":0,"href":"https:\/\/emep.org\/es\/wp-json\/wp\/v2\/posts\/3024\/revisions"}],"wp:attachment":[{"href":"https:\/\/emep.org\/es\/wp-json\/wp\/v2\/media?parent=3024"}],"wp:term":[{"taxonomy":"category","embeddable":true,"href":"https:\/\/emep.org\/es\/wp-json\/wp\/v2\/categories?post=3024"},{"taxonomy":"post_tag","embeddable":true,"href":"https:\/\/emep.org\/es\/wp-json\/wp\/v2\/tags?post=3024"}],"curies":[{"name":"wp","href":"https:\/\/api.w.org\/{rel}","templated":true}]}}