{"id":3026,"date":"2018-07-25T08:32:40","date_gmt":"2018-07-25T05:32:40","guid":{"rendered":"https:\/\/www.emep.org\/?p=3026"},"modified":"2018-07-25T08:32:40","modified_gmt":"2018-07-25T05:32:40","slug":"compartimos-el-dolor-del-pueblo-griego","status":"publish","type":"post","link":"https:\/\/emep.org\/es\/compartimos-el-dolor-del-pueblo-griego","title":{"rendered":"Compartimos el dolor del pueblo griego"},"content":{"rendered":"<style type=\"text\/css\" data-type=\"vc_cmsms_shortcodes-custom-css\"><\/style>\n<p>Seg\u00fan las \u00faltimas noticias, el n\u00famero de personas fallecidas en los incendios cerca de Atenas alcanz\u00f3 la cifra de 60. Quisi\u00e9ramos enviar nuestras condolencias a las familias de los fallecidos y a toda la gente en Grecia.<br>El Primer Ministro griego, Tsipras, declar\u00f3 que el hecho de que los fuegos comenzaran tanto en el este como en el oeste de Atenas es algo sospechoso. Como hemos sido testigos muchas veces de que zonas forestales eran incendiadas con el objetivo de desarrollos urban\u00edsticos, entendemos muy bien el significado de estas sospechas. Los incendios forestales son un medio para convertir terreno p\u00fablico en oportunidades de negocio que alimentan al sector de la construcci\u00f3n. Es evidente que este m\u00e9todo es tentador para los grupos oportunistas de nuestro vecino pa\u00eds, que no se refrenan para obtener terreno p\u00fablico de manera perversa y que la vida humana no tiene ning\u00fan valor frente a su codicia.<br>Confiamos en que el pueblo griego pueda recuperarse pronto de sus heridas y en que le recuerde al Primer Ministro que sus obligaciones van m\u00e1s all\u00e1 de la sospecha y que luche por los derechos de las vidas y las p\u00e9rdidas que han sufrido.<br>Compartimos el dolor de nuestros vecinos.<br>Con solidaridad<\/p>\n\n\n\n<p><br><strong>Nuray SANCAR<br>Partido del Trabajo (EMEP)<br>Vicepresidenta.<\/strong><\/p>\n","protected":false},"excerpt":{"rendered":"<p>Seg\u00fan las \u00faltimas noticias, el n\u00famero de personas fallecidas en los incendios cerca de Atenas alcanz\u00f3 la cifra de 60. Quisi\u00e9ramos enviar nuestras condolencias a las familias de los fallecidos y a toda la gente en Grecia.El Primer Ministro griego, Tsipras, declar\u00f3 que el hecho de que los fuegos comenzaran tanto en el este como&#8230;<\/p>\n","protected":false},"author":1,"featured_media":3027,"comment_status":"closed","ping_status":"open","sticky":false,"template":"","format":"standard","meta":{"footnotes":""},"categories":[33],"tags":[],"class_list":["post-3026","post","type-post","status-publish","format-standard","has-post-thumbnail","hentry","category-espanol"],"yoast_head":"<!-- This site is optimized with the Yoast SEO plugin v27.2 - https:\/\/yoast.com\/product\/yoast-seo-wordpress\/ -->\n<title>Compartimos el dolor del pueblo griego - Partido del Trabajo (EMEP)<\/title>\n<meta name=\"robots\" content=\"index, follow, max-snippet:-1, max-image-preview:large, max-video-preview:-1\" \/>\n<link rel=\"canonical\" href=\"https:\/\/emep.org\/es\/compartimos-el-dolor-del-pueblo-griego\" \/>\n<meta property=\"og:locale\" content=\"tr_TR\" \/>\n<meta property=\"og:type\" content=\"article\" \/>\n<meta property=\"og:title\" content=\"Compartimos el dolor del pueblo griego - Partido del Trabajo (EMEP)\" \/>\n<meta property=\"og:description\" content=\"Seg\u00fan las \u00faltimas noticias, el n\u00famero de personas fallecidas en los incendios cerca de Atenas alcanz\u00f3 la cifra de 60. Quisi\u00e9ramos enviar nuestras condolencias a las familias de los fallecidos y a toda la gente en Grecia.El Primer Ministro griego, Tsipras, declar\u00f3 que el hecho de que los fuegos comenzaran tanto en el este como...\" \/>\n<meta property=\"og:url\" content=\"https:\/\/emep.org\/es\/compartimos-el-dolor-del-pueblo-griego\" \/>\n<meta property=\"og:site_name\" content=\"Partido del Trabajo (EMEP)\" \/>\n<meta property=\"article:published_time\" content=\"2018-07-25T05:32:40+00:00\" \/>\n<meta property=\"og:image\" content=\"https:\/\/emep.org\/es\/wp-content\/uploads\/2018\/10\/Greece-fire-flag-696x398-1.jpg\" \/>\n\t<meta property=\"og:image:width\" content=\"696\" \/>\n\t<meta property=\"og:image:height\" content=\"398\" \/>\n\t<meta property=\"og:image:type\" content=\"image\/jpeg\" \/>\n<meta name=\"author\" content=\"cogbs\" \/>\n<meta name=\"twitter:card\" content=\"summary_large_image\" \/>\n<meta name=\"twitter:label1\" content=\"Yazan:\" \/>\n\t<meta name=\"twitter:data1\" content=\"cogbs\" \/>\n\t<meta name=\"twitter:label2\" content=\"Tahmini okuma s\u00fcresi\" \/>\n\t<meta name=\"twitter:data2\" content=\"1 dakika\" \/>\n<script type=\"application\/ld+json\" class=\"yoast-schema-graph\">{\"@context\":\"https:\/\/schema.org\",\"@graph\":[{\"@type\":\"Article\",\"@id\":\"https:\/\/emep.org\/es\/compartimos-el-dolor-del-pueblo-griego#article\",\"isPartOf\":{\"@id\":\"https:\/\/emep.org\/es\/compartimos-el-dolor-del-pueblo-griego\"},\"author\":{\"name\":\"cogbs\",\"@id\":\"https:\/\/emep.org\/es\/#\/schema\/person\/2de7e62bd3cb0bafdbe6b129009be3d0\"},\"headline\":\"Compartimos el dolor del pueblo griego\",\"datePublished\":\"2018-07-25T05:32:40+00:00\",\"mainEntityOfPage\":{\"@id\":\"https:\/\/emep.org\/es\/compartimos-el-dolor-del-pueblo-griego\"},\"wordCount\":225,\"image\":{\"@id\":\"https:\/\/emep.org\/es\/compartimos-el-dolor-del-pueblo-griego#primaryimage\"},\"thumbnailUrl\":\"https:\/\/emep.org\/es\/wp-content\/uploads\/2018\/10\/Greece-fire-flag-696x398-1.jpg\",\"articleSection\":[\"espanol\"],\"inLanguage\":\"tr\"},{\"@type\":\"WebPage\",\"@id\":\"https:\/\/emep.org\/es\/compartimos-el-dolor-del-pueblo-griego\",\"url\":\"https:\/\/emep.org\/es\/compartimos-el-dolor-del-pueblo-griego\",\"name\":\"Compartimos el dolor del pueblo griego - Partido del Trabajo (EMEP)\",\"isPartOf\":{\"@id\":\"https:\/\/emep.org\/es\/#website\"},\"primaryImageOfPage\":{\"@id\":\"https:\/\/emep.org\/es\/compartimos-el-dolor-del-pueblo-griego#primaryimage\"},\"image\":{\"@id\":\"https:\/\/emep.org\/es\/compartimos-el-dolor-del-pueblo-griego#primaryimage\"},\"thumbnailUrl\":\"https:\/\/emep.org\/es\/wp-content\/uploads\/2018\/10\/Greece-fire-flag-696x398-1.jpg\",\"datePublished\":\"2018-07-25T05:32:40+00:00\",\"author\":{\"@id\":\"https:\/\/emep.org\/es\/#\/schema\/person\/2de7e62bd3cb0bafdbe6b129009be3d0\"},\"breadcrumb\":{\"@id\":\"https:\/\/emep.org\/es\/compartimos-el-dolor-del-pueblo-griego#breadcrumb\"},\"inLanguage\":\"tr\",\"potentialAction\":[{\"@type\":\"ReadAction\",\"target\":[\"https:\/\/emep.org\/es\/compartimos-el-dolor-del-pueblo-griego\"]}]},{\"@type\":\"ImageObject\",\"inLanguage\":\"tr\",\"@id\":\"https:\/\/emep.org\/es\/compartimos-el-dolor-del-pueblo-griego#primaryimage\",\"url\":\"https:\/\/emep.org\/es\/wp-content\/uploads\/2018\/10\/Greece-fire-flag-696x398-1.jpg\",\"contentUrl\":\"https:\/\/emep.org\/es\/wp-content\/uploads\/2018\/10\/Greece-fire-flag-696x398-1.jpg\",\"width\":696,\"height\":398},{\"@type\":\"BreadcrumbList\",\"@id\":\"https:\/\/emep.org\/es\/compartimos-el-dolor-del-pueblo-griego#breadcrumb\",\"itemListElement\":[{\"@type\":\"ListItem\",\"position\":1,\"name\":\"Home\",\"item\":\"https:\/\/emep.org\/es\/\"},{\"@type\":\"ListItem\",\"position\":2,\"name\":\"Compartimos el dolor del pueblo griego\"}]},{\"@type\":\"WebSite\",\"@id\":\"https:\/\/emep.org\/es\/#website\",\"url\":\"https:\/\/emep.org\/es\/\",\"name\":\"Partido del Trabajo (EMEP)\",\"description\":\"\u00a1Trabajadores del mundo, \u00fananse!\",\"potentialAction\":[{\"@type\":\"SearchAction\",\"target\":{\"@type\":\"EntryPoint\",\"urlTemplate\":\"https:\/\/emep.org\/es\/?s={search_term_string}\"},\"query-input\":{\"@type\":\"PropertyValueSpecification\",\"valueRequired\":true,\"valueName\":\"search_term_string\"}}],\"inLanguage\":\"tr\"},{\"@type\":\"Person\",\"@id\":\"https:\/\/emep.org\/es\/#\/schema\/person\/2de7e62bd3cb0bafdbe6b129009be3d0\",\"name\":\"cogbs\",\"sameAs\":[\"https:\/\/emep.org\/es\"],\"url\":\"https:\/\/emep.org\/es\/author\/cogbs\"}]}<\/script>\n<!-- \/ Yoast SEO plugin. -->","yoast_head_json":{"title":"Compartimos el dolor del pueblo griego - Partido del Trabajo (EMEP)","robots":{"index":"index","follow":"follow","max-snippet":"max-snippet:-1","max-image-preview":"max-image-preview:large","max-video-preview":"max-video-preview:-1"},"canonical":"https:\/\/emep.org\/es\/compartimos-el-dolor-del-pueblo-griego","og_locale":"tr_TR","og_type":"article","og_title":"Compartimos el dolor del pueblo griego - Partido del Trabajo (EMEP)","og_description":"Seg\u00fan las \u00faltimas noticias, el n\u00famero de personas fallecidas en los incendios cerca de Atenas alcanz\u00f3 la cifra de 60. Quisi\u00e9ramos enviar nuestras condolencias a las familias de los fallecidos y a toda la gente en Grecia.El Primer Ministro griego, Tsipras, declar\u00f3 que el hecho de que los fuegos comenzaran tanto en el este como...","og_url":"https:\/\/emep.org\/es\/compartimos-el-dolor-del-pueblo-griego","og_site_name":"Partido del Trabajo (EMEP)","article_published_time":"2018-07-25T05:32:40+00:00","og_image":[{"width":696,"height":398,"url":"https:\/\/emep.org\/es\/wp-content\/uploads\/2018\/10\/Greece-fire-flag-696x398-1.jpg","type":"image\/jpeg"}],"author":"cogbs","twitter_card":"summary_large_image","twitter_misc":{"Yazan:":"cogbs","Tahmini okuma s\u00fcresi":"1 dakika"},"schema":{"@context":"https:\/\/schema.org","@graph":[{"@type":"Article","@id":"https:\/\/emep.org\/es\/compartimos-el-dolor-del-pueblo-griego#article","isPartOf":{"@id":"https:\/\/emep.org\/es\/compartimos-el-dolor-del-pueblo-griego"},"author":{"name":"cogbs","@id":"https:\/\/emep.org\/es\/#\/schema\/person\/2de7e62bd3cb0bafdbe6b129009be3d0"},"headline":"Compartimos el dolor del pueblo griego","datePublished":"2018-07-25T05:32:40+00:00","mainEntityOfPage":{"@id":"https:\/\/emep.org\/es\/compartimos-el-dolor-del-pueblo-griego"},"wordCount":225,"image":{"@id":"https:\/\/emep.org\/es\/compartimos-el-dolor-del-pueblo-griego#primaryimage"},"thumbnailUrl":"https:\/\/emep.org\/es\/wp-content\/uploads\/2018\/10\/Greece-fire-flag-696x398-1.jpg","articleSection":["espanol"],"inLanguage":"tr"},{"@type":"WebPage","@id":"https:\/\/emep.org\/es\/compartimos-el-dolor-del-pueblo-griego","url":"https:\/\/emep.org\/es\/compartimos-el-dolor-del-pueblo-griego","name":"Compartimos el dolor del pueblo griego - Partido del Trabajo (EMEP)","isPartOf":{"@id":"https:\/\/emep.org\/es\/#website"},"primaryImageOfPage":{"@id":"https:\/\/emep.org\/es\/compartimos-el-dolor-del-pueblo-griego#primaryimage"},"image":{"@id":"https:\/\/emep.org\/es\/compartimos-el-dolor-del-pueblo-griego#primaryimage"},"thumbnailUrl":"https:\/\/emep.org\/es\/wp-content\/uploads\/2018\/10\/Greece-fire-flag-696x398-1.jpg","datePublished":"2018-07-25T05:32:40+00:00","author":{"@id":"https:\/\/emep.org\/es\/#\/schema\/person\/2de7e62bd3cb0bafdbe6b129009be3d0"},"breadcrumb":{"@id":"https:\/\/emep.org\/es\/compartimos-el-dolor-del-pueblo-griego#breadcrumb"},"inLanguage":"tr","potentialAction":[{"@type":"ReadAction","target":["https:\/\/emep.org\/es\/compartimos-el-dolor-del-pueblo-griego"]}]},{"@type":"ImageObject","inLanguage":"tr","@id":"https:\/\/emep.org\/es\/compartimos-el-dolor-del-pueblo-griego#primaryimage","url":"https:\/\/emep.org\/es\/wp-content\/uploads\/2018\/10\/Greece-fire-flag-696x398-1.jpg","contentUrl":"https:\/\/emep.org\/es\/wp-content\/uploads\/2018\/10\/Greece-fire-flag-696x398-1.jpg","width":696,"height":398},{"@type":"BreadcrumbList","@id":"https:\/\/emep.org\/es\/compartimos-el-dolor-del-pueblo-griego#breadcrumb","itemListElement":[{"@type":"ListItem","position":1,"name":"Home","item":"https:\/\/emep.org\/es\/"},{"@type":"ListItem","position":2,"name":"Compartimos el dolor del pueblo griego"}]},{"@type":"WebSite","@id":"https:\/\/emep.org\/es\/#website","url":"https:\/\/emep.org\/es\/","name":"Partido del Trabajo (EMEP)","description":"\u00a1Trabajadores del mundo, \u00fananse!","potentialAction":[{"@type":"SearchAction","target":{"@type":"EntryPoint","urlTemplate":"https:\/\/emep.org\/es\/?s={search_term_string}"},"query-input":{"@type":"PropertyValueSpecification","valueRequired":true,"valueName":"search_term_string"}}],"inLanguage":"tr"},{"@type":"Person","@id":"https:\/\/emep.org\/es\/#\/schema\/person\/2de7e62bd3cb0bafdbe6b129009be3d0","name":"cogbs","sameAs":["https:\/\/emep.org\/es"],"url":"https:\/\/emep.org\/es\/author\/cogbs"}]}},"_links":{"self":[{"href":"https:\/\/emep.org\/es\/wp-json\/wp\/v2\/posts\/3026","targetHints":{"allow":["GET"]}}],"collection":[{"href":"https:\/\/emep.org\/es\/wp-json\/wp\/v2\/posts"}],"about":[{"href":"https:\/\/emep.org\/es\/wp-json\/wp\/v2\/types\/post"}],"author":[{"embeddable":true,"href":"https:\/\/emep.org\/es\/wp-json\/wp\/v2\/users\/1"}],"replies":[{"embeddable":true,"href":"https:\/\/emep.org\/es\/wp-json\/wp\/v2\/comments?post=3026"}],"version-history":[{"count":0,"href":"https:\/\/emep.org\/es\/wp-json\/wp\/v2\/posts\/3026\/revisions"}],"wp:featuredmedia":[{"embeddable":true,"href":"https:\/\/emep.org\/es\/wp-json\/wp\/v2\/media\/3027"}],"wp:attachment":[{"href":"https:\/\/emep.org\/es\/wp-json\/wp\/v2\/media?parent=3026"}],"wp:term":[{"taxonomy":"category","embeddable":true,"href":"https:\/\/emep.org\/es\/wp-json\/wp\/v2\/categories?post=3026"},{"taxonomy":"post_tag","embeddable":true,"href":"https:\/\/emep.org\/es\/wp-json\/wp\/v2\/tags?post=3026"}],"curies":[{"name":"wp","href":"https:\/\/api.w.org\/{rel}","templated":true}]}}