{"id":3066,"date":"2018-12-03T14:28:48","date_gmt":"2018-12-03T11:28:48","guid":{"rendered":"https:\/\/www.emep.org\/?p=3066"},"modified":"2018-12-03T14:28:48","modified_gmt":"2018-12-03T11:28:48","slug":"la-lucha-contra-el-regimen-unipersonal-y-sus-nuevos-ataques-2","status":"publish","type":"post","link":"https:\/\/emep.org\/es\/la-lucha-contra-el-regimen-unipersonal-y-sus-nuevos-ataques-2","title":{"rendered":"La lucha contra el r\u00e9gimen unipersonal y sus nuevos ataques"},"content":{"rendered":"<style type=\"text\/css\" data-type=\"vc_cmsms_shortcodes-custom-css\"><\/style>\n<p>(3 de Julio,\n2018)<\/p>\n\n\n\n<p>El Comit\u00e9 Ejecutivo del\nPartido del Trabajo (EMEP) evalu\u00f3 los resultados de las elecciones del 24 de\njunio. Durante dos d\u00edas, se debatieron en detalle el proceso electoral, el d\u00eda\nde las elecciones y los hechos posteriores. Tras el debate, EMEP emiti\u00f3 un\ncomunicado <em>\u201cErdogan y la Alianza Presidencial consideraron la victoria en\nlas elecciones como refuerzo de cara a los nuevos ataques contra las masas\nobreras\u201d<\/em>. EMEP solicit\u00f3 la colaboraci\u00f3n contra el r\u00e9gimen unipersonal y sus\nnuevos ataques remarcando que las declaraciones de Soylu atacando al HDP y CHP\nson \u201csignos de violencia y represi\u00f3n pol\u00edtica, polarizaci\u00f3n y presi\u00f3n continua\nsobre la oposici\u00f3n\u201d. <\/p>\n\n\n\n<p><strong>LOS\nRESULTADOS NO SON UN FIEL REFLEJO DE LA VOLUNTAD DE LOS VONTANTES<\/strong><\/p>\n\n\n\n<p>Se subray\u00f3 que durante el\nproceso electoral y una vez que se hicieron p\u00fablicos los resultados, de un\nan\u00e1lisis de los mismos no se puede concluir que reflejen fielmente la voluntad\nde los votantes. En la declaraci\u00f3n se pone de manifiesto que \u201cen las elecciones\ndel 24 de junio bajo el OHAL \u2013estado de excepci\u00f3n- Erdogan y los partidos de la\nAlianza Presidencial utilizaron los poderes p\u00fablicos y sus posibilidades de\nmanera ilimitada y sin problema, a la vez que evitaron el trabajo pol\u00edtico de\nla oposici\u00f3n especialmente en los medios de comunicaci\u00f3n, lo cual crea un\nproblema de legitimidad. Durante la elecci\u00f3n, las urnas y el censo tampoco eran\nseguros. El anuncio de los resultados por la Agencia Anadolu antes que el propio\nYSK (Comit\u00e9 Supervisor Electoral), el temprano anuncio de su \u2018victoria\u2019 por\nparte del Presidente Erdogan, basado en estos\ndatos, ha a\u00f1adido elementos de sospecha a las elecciones\u201d.<\/p>\n\n\n\n<p><strong>EL\nAKP NO PODR\u00c1 MANTENER LA MAYOR\u00cdA PARLAMENTARIA<\/strong><\/p>\n\n\n\n<p>EMEP considera que al margen\nde los debates y controversia sobre la legitimidad, los resultados de las\nelecciones muestran que van disminuyendo las esperanzas de los trabajadores de\nque el AKP y Erdogan resuelvan los problemas. Las elecciones del 24 de junio,\ncomparadas con las del 7 de junio y 1 de noviembre de 2015 y las votaciones en\nel refer\u00e9ndum del 16 de abril, indican que el apoyo de las masas a los partidos\nde la Alianza Presidencial ha disminuido en lugar de crecer. El AKP ha perdido\nvotos en comparaci\u00f3n con elecciones previas. Sin embargo, es evidente que los\ntrabajadores que votaron por el AKP no son aun capaces de actuar\nindependientemente de los intereses del capital en lugar de sus intereses de\nclase. Los trabajadores que se alejaron del AKP votaron por el MHP en la\nAlianza Presidencial. EMEP tambi\u00e9n se ha referido a los votos de la Alianza\nMillet (formada por el CHP, el Buen Partido \u2013IYI party-, el Partido de la\nFelicidad \u2013SAADET- y el Partido Democr\u00e1tico) apoyada y promovida por un sector de\nla clase capitalista, comentando que no han recibido el apoyo que esperaban\naunque recibieron el apoyo de segmentos del electorado.<\/p>\n\n\n\n<p><strong>EL\nPUEBLO KURDO ES DECISIVO EN LA DEFENSA DE SUS DEMANDAS DEMOCR\u00c1TICAS<\/strong><\/p>\n\n\n\n<p>Respecto a los\nresultados electorales del HDP, EMEP ha comentado: \u201cEl HDP, que particip\u00f3 en\nlas elecciones fuera de estas dos alianza, se gan\u00f3 la representaci\u00f3n en el\nparlamento como el tercer partido con votos tanto de la poblaci\u00f3n kurda como\ncon apoyo en el oeste. El apoyo de nuestro partido, de fuerzas democr\u00e1ticas y\nde algunos sectores bajo la influencia del CHP jugaron un papel decisivo en\nsuperar el umbral de votos necesario (10 %). Pese a la p\u00e9rdida parcial de votos\nen las provincias del HDP, los resultados muestran que el pueblo kurdo seguir\u00e1\ndefendiendo sus demandas democr\u00e1ticas contra la opresi\u00f3n, las prohibiciones y\nlos ataques\u201d. <\/p>\n\n\n\n<p><strong>SE\nPREPARAN NUEVOS ATAQUES<\/strong><\/p>\n\n\n\n<p>Erdogan y la Alianza\nPresidencial consideran la victoria como un refuerzo para nuevos ataques contra\nlas masas trabajadoras. EMEP subray\u00f3 que los nuevos ataques est\u00e1n a la puerta:\n\u201cEl corriente d\u00e9ficit contable y presupuestario siguen en aumento y la\ndepreciaci\u00f3n de la lira contin\u00faa. Los precios de los productos b\u00e1sicos,\nespecialmente comida, est\u00e1n al alza y la inflaci\u00f3n se aproxima r\u00e1pidamente al\ndoble d\u00edgito. Las tasas de crecimiento de la econom\u00eda mundial disminuyen y se\nincrementan las crisis. Tras las elecciones del 24 de junio, las organizaciones\ndel monopolio burgu\u00e9s, tales como T\u00dcSIAD, junto con los monopolios extranjeros\ny los centros financieros explicaron las expectativas del bloque gobernante en\ntorno a Erdogan y las \u2018reformas\u2019 en forma de \u2018incremento de impuestos\u2019. Esta es\nuna exigencia de la crisis econ\u00f3mica a los trabajadores y es una se\u00f1al de que\nlas condiciones de trabajo y las condiciones de vida ir\u00e1n empeorando en breve.\nNo ser\u00e1 una sorpresa el que se incrementen las medidas de austeridad por el\nbien de la econom\u00eda, ni que aumenten los impuestos. No es desacertado pensar\nque Erdogan utilizar\u00e1 todos los medios contra las posibles huelgas de\ntrabajadores, como en el pasado, y que las reacciones ser\u00e1n suprimidas\u201d.<\/p>\n\n\n\n<p>&nbsp;\u201cLa violencia y las pol\u00edticas represivas y la polarizaci\u00f3n son las\nprimeras se\u00f1ales de que se mantendr\u00e1 la presi\u00f3n sobre la oposici\u00f3n\u201d, dice EMEP,\nen referencia a las amenazas del ministro del Interior, Soylu, a la co-presidenta\ndel HDP, Pervin Buldan, y a la prohibici\u00f3n de participar en funerales de\nm\u00e1rtires (soldados muertos en combate) a miembros del CHP. En este sentido, la\nAlianza Presidencial intentar\u00e1 construir una administraci\u00f3n al servicio de un\nsolo hombre, prescindiendo de las conquistas democr\u00e1ticas\u201d.<\/p>\n\n\n\n<p><strong>LA\nLUCHA POR LA DEMOCRACIA DEL PUEBLO<\/strong><\/p>\n\n\n\n<p>En su declaraci\u00f3n, que se\u00f1ala que\nes posible parar el movimiento que ser\u00e1 puesto en marcha para la construcci\u00f3n\nde un r\u00e9gimen unipersonal, EMEP hace la siguiente llamada a obreros y\ntrabajadores: \u201dLas fuerzas del trabajo, la paz y la democracia no cejar\u00e1n en\nesta lucha. Nuestro partido ha hecho campa\u00f1a a favor de \u2018una democracia popular\nbasada en la verdadera soberan\u00eda del pueblo\u2019 frente a las ofertas hechas a los\ntrabajadores basadas en un \u2018r\u00e9gimen unipersonal\u2019 o en una democracia \u2018parlamentaria\u00b4.\nEl debate sobre el r\u00e9gimen no queda cerrado tras las elecciones.\nIndependientemente del nombre del r\u00e9gimen pol\u00edtico, los gobiernos continuar\u00e1n\nfuncionando como cuerpos pol\u00edticos del capital, utilizando todos los medios y\nm\u00e9todos. Nuestro partido sigue llamando a la lucha, como se puso de manifiesto\nen la plataforma electoral: \u2018un nuevo orden basado en una constituci\u00f3n\nelaborada por la asamblea constituyente de la gente elegida por la gente, con\nla mayor participaci\u00f3n posible y presentada al pueblo para su aprobaci\u00f3n, que\ngarantice el poder y soberan\u00eda absolutos del pueblo y las libertades y derechos\ndemocr\u00e1ticos\u2019. En este marco, hacemos un llamamiento a la unidad de todos los\nobreros y trabajadores; a todas las fuerzas que luchen por la paz y la\ndemocracia contra un r\u00e9gimen unipersonal y nuevos intentos de ataque\u201d. <\/p>\n","protected":false},"excerpt":{"rendered":"<p>(3 de Julio, 2018) El Comit\u00e9 Ejecutivo del Partido del Trabajo (EMEP) evalu\u00f3 los resultados de las elecciones del 24 de junio. Durante dos d\u00edas, se debatieron en detalle el proceso electoral, el d\u00eda de las elecciones y los hechos posteriores. Tras el debate, EMEP emiti\u00f3 un comunicado \u201cErdogan y la Alianza Presidencial consideraron la&#8230;<\/p>\n","protected":false},"author":1,"featured_media":3068,"comment_status":"closed","ping_status":"open","sticky":false,"template":"","format":"standard","meta":{"footnotes":""},"categories":[33,34],"tags":[],"class_list":["post-3066","post","type-post","status-publish","format-standard","has-post-thumbnail","hentry","category-espanol","category-uncategorized-es"],"yoast_head":"<!-- This site is optimized with the Yoast SEO plugin v27.2 - https:\/\/yoast.com\/product\/yoast-seo-wordpress\/ -->\n<title>La lucha contra el r\u00e9gimen unipersonal y sus nuevos ataques - Partido del Trabajo (EMEP)<\/title>\n<meta name=\"robots\" content=\"index, follow, max-snippet:-1, max-image-preview:large, max-video-preview:-1\" \/>\n<link rel=\"canonical\" href=\"https:\/\/emep.org\/es\/la-lucha-contra-el-regimen-unipersonal-y-sus-nuevos-ataques-2\" \/>\n<meta property=\"og:locale\" content=\"tr_TR\" \/>\n<meta property=\"og:type\" content=\"article\" \/>\n<meta property=\"og:title\" content=\"La lucha contra el r\u00e9gimen unipersonal y sus nuevos ataques - Partido del Trabajo (EMEP)\" \/>\n<meta property=\"og:description\" content=\"(3 de Julio, 2018) El Comit\u00e9 Ejecutivo del Partido del Trabajo (EMEP) evalu\u00f3 los resultados de las elecciones del 24 de junio. Durante dos d\u00edas, se debatieron en detalle el proceso electoral, el d\u00eda de las elecciones y los hechos posteriores. Tras el debate, EMEP emiti\u00f3 un comunicado \u201cErdogan y la Alianza Presidencial consideraron la...\" \/>\n<meta property=\"og:url\" content=\"https:\/\/emep.org\/es\/la-lucha-contra-el-regimen-unipersonal-y-sus-nuevos-ataques-2\" \/>\n<meta property=\"og:site_name\" content=\"Partido del Trabajo (EMEP)\" \/>\n<meta property=\"article:published_time\" content=\"2018-12-03T11:28:48+00:00\" \/>\n<meta property=\"og:image\" content=\"https:\/\/emep.org\/es\/wp-content\/uploads\/2018\/12\/1.jpg\" \/>\n\t<meta property=\"og:image:width\" content=\"896\" \/>\n\t<meta property=\"og:image:height\" content=\"485\" \/>\n\t<meta property=\"og:image:type\" content=\"image\/jpeg\" \/>\n<meta name=\"author\" content=\"cogbs\" \/>\n<meta name=\"twitter:card\" content=\"summary_large_image\" \/>\n<meta name=\"twitter:label1\" content=\"Yazan:\" \/>\n\t<meta name=\"twitter:data1\" content=\"cogbs\" \/>\n\t<meta name=\"twitter:label2\" content=\"Tahmini okuma s\u00fcresi\" \/>\n\t<meta name=\"twitter:data2\" content=\"6 dakika\" \/>\n<script type=\"application\/ld+json\" class=\"yoast-schema-graph\">{\"@context\":\"https:\/\/schema.org\",\"@graph\":[{\"@type\":\"Article\",\"@id\":\"https:\/\/emep.org\/es\/la-lucha-contra-el-regimen-unipersonal-y-sus-nuevos-ataques-2#article\",\"isPartOf\":{\"@id\":\"https:\/\/emep.org\/es\/la-lucha-contra-el-regimen-unipersonal-y-sus-nuevos-ataques-2\"},\"author\":{\"name\":\"cogbs\",\"@id\":\"https:\/\/emep.org\/es\/#\/schema\/person\/2de7e62bd3cb0bafdbe6b129009be3d0\"},\"headline\":\"La lucha contra el r\u00e9gimen unipersonal y sus nuevos ataques\",\"datePublished\":\"2018-12-03T11:28:48+00:00\",\"mainEntityOfPage\":{\"@id\":\"https:\/\/emep.org\/es\/la-lucha-contra-el-regimen-unipersonal-y-sus-nuevos-ataques-2\"},\"wordCount\":1179,\"image\":{\"@id\":\"https:\/\/emep.org\/es\/la-lucha-contra-el-regimen-unipersonal-y-sus-nuevos-ataques-2#primaryimage\"},\"thumbnailUrl\":\"https:\/\/emep.org\/es\/wp-content\/uploads\/2018\/12\/1.jpg\",\"articleSection\":[\"espanol\",\"Uncategorized\"],\"inLanguage\":\"tr\"},{\"@type\":\"WebPage\",\"@id\":\"https:\/\/emep.org\/es\/la-lucha-contra-el-regimen-unipersonal-y-sus-nuevos-ataques-2\",\"url\":\"https:\/\/emep.org\/es\/la-lucha-contra-el-regimen-unipersonal-y-sus-nuevos-ataques-2\",\"name\":\"La lucha contra el r\u00e9gimen unipersonal y sus nuevos ataques - Partido del Trabajo (EMEP)\",\"isPartOf\":{\"@id\":\"https:\/\/emep.org\/es\/#website\"},\"primaryImageOfPage\":{\"@id\":\"https:\/\/emep.org\/es\/la-lucha-contra-el-regimen-unipersonal-y-sus-nuevos-ataques-2#primaryimage\"},\"image\":{\"@id\":\"https:\/\/emep.org\/es\/la-lucha-contra-el-regimen-unipersonal-y-sus-nuevos-ataques-2#primaryimage\"},\"thumbnailUrl\":\"https:\/\/emep.org\/es\/wp-content\/uploads\/2018\/12\/1.jpg\",\"datePublished\":\"2018-12-03T11:28:48+00:00\",\"author\":{\"@id\":\"https:\/\/emep.org\/es\/#\/schema\/person\/2de7e62bd3cb0bafdbe6b129009be3d0\"},\"breadcrumb\":{\"@id\":\"https:\/\/emep.org\/es\/la-lucha-contra-el-regimen-unipersonal-y-sus-nuevos-ataques-2#breadcrumb\"},\"inLanguage\":\"tr\",\"potentialAction\":[{\"@type\":\"ReadAction\",\"target\":[\"https:\/\/emep.org\/es\/la-lucha-contra-el-regimen-unipersonal-y-sus-nuevos-ataques-2\"]}]},{\"@type\":\"ImageObject\",\"inLanguage\":\"tr\",\"@id\":\"https:\/\/emep.org\/es\/la-lucha-contra-el-regimen-unipersonal-y-sus-nuevos-ataques-2#primaryimage\",\"url\":\"https:\/\/emep.org\/es\/wp-content\/uploads\/2018\/12\/1.jpg\",\"contentUrl\":\"https:\/\/emep.org\/es\/wp-content\/uploads\/2018\/12\/1.jpg\",\"width\":896,\"height\":485},{\"@type\":\"BreadcrumbList\",\"@id\":\"https:\/\/emep.org\/es\/la-lucha-contra-el-regimen-unipersonal-y-sus-nuevos-ataques-2#breadcrumb\",\"itemListElement\":[{\"@type\":\"ListItem\",\"position\":1,\"name\":\"Home\",\"item\":\"https:\/\/emep.org\/es\/\"},{\"@type\":\"ListItem\",\"position\":2,\"name\":\"La lucha contra el r\u00e9gimen unipersonal y sus nuevos ataques\"}]},{\"@type\":\"WebSite\",\"@id\":\"https:\/\/emep.org\/es\/#website\",\"url\":\"https:\/\/emep.org\/es\/\",\"name\":\"Partido del Trabajo (EMEP)\",\"description\":\"\u00a1Trabajadores del mundo, \u00fananse!\",\"potentialAction\":[{\"@type\":\"SearchAction\",\"target\":{\"@type\":\"EntryPoint\",\"urlTemplate\":\"https:\/\/emep.org\/es\/?s={search_term_string}\"},\"query-input\":{\"@type\":\"PropertyValueSpecification\",\"valueRequired\":true,\"valueName\":\"search_term_string\"}}],\"inLanguage\":\"tr\"},{\"@type\":\"Person\",\"@id\":\"https:\/\/emep.org\/es\/#\/schema\/person\/2de7e62bd3cb0bafdbe6b129009be3d0\",\"name\":\"cogbs\",\"sameAs\":[\"https:\/\/emep.org\/es\"],\"url\":\"https:\/\/emep.org\/es\/author\/cogbs\"}]}<\/script>\n<!-- \/ Yoast SEO plugin. -->","yoast_head_json":{"title":"La lucha contra el r\u00e9gimen unipersonal y sus nuevos ataques - Partido del Trabajo (EMEP)","robots":{"index":"index","follow":"follow","max-snippet":"max-snippet:-1","max-image-preview":"max-image-preview:large","max-video-preview":"max-video-preview:-1"},"canonical":"https:\/\/emep.org\/es\/la-lucha-contra-el-regimen-unipersonal-y-sus-nuevos-ataques-2","og_locale":"tr_TR","og_type":"article","og_title":"La lucha contra el r\u00e9gimen unipersonal y sus nuevos ataques - Partido del Trabajo (EMEP)","og_description":"(3 de Julio, 2018) El Comit\u00e9 Ejecutivo del Partido del Trabajo (EMEP) evalu\u00f3 los resultados de las elecciones del 24 de junio. Durante dos d\u00edas, se debatieron en detalle el proceso electoral, el d\u00eda de las elecciones y los hechos posteriores. Tras el debate, EMEP emiti\u00f3 un comunicado \u201cErdogan y la Alianza Presidencial consideraron la...","og_url":"https:\/\/emep.org\/es\/la-lucha-contra-el-regimen-unipersonal-y-sus-nuevos-ataques-2","og_site_name":"Partido del Trabajo (EMEP)","article_published_time":"2018-12-03T11:28:48+00:00","og_image":[{"width":896,"height":485,"url":"https:\/\/emep.org\/es\/wp-content\/uploads\/2018\/12\/1.jpg","type":"image\/jpeg"}],"author":"cogbs","twitter_card":"summary_large_image","twitter_misc":{"Yazan:":"cogbs","Tahmini okuma s\u00fcresi":"6 dakika"},"schema":{"@context":"https:\/\/schema.org","@graph":[{"@type":"Article","@id":"https:\/\/emep.org\/es\/la-lucha-contra-el-regimen-unipersonal-y-sus-nuevos-ataques-2#article","isPartOf":{"@id":"https:\/\/emep.org\/es\/la-lucha-contra-el-regimen-unipersonal-y-sus-nuevos-ataques-2"},"author":{"name":"cogbs","@id":"https:\/\/emep.org\/es\/#\/schema\/person\/2de7e62bd3cb0bafdbe6b129009be3d0"},"headline":"La lucha contra el r\u00e9gimen unipersonal y sus nuevos ataques","datePublished":"2018-12-03T11:28:48+00:00","mainEntityOfPage":{"@id":"https:\/\/emep.org\/es\/la-lucha-contra-el-regimen-unipersonal-y-sus-nuevos-ataques-2"},"wordCount":1179,"image":{"@id":"https:\/\/emep.org\/es\/la-lucha-contra-el-regimen-unipersonal-y-sus-nuevos-ataques-2#primaryimage"},"thumbnailUrl":"https:\/\/emep.org\/es\/wp-content\/uploads\/2018\/12\/1.jpg","articleSection":["espanol","Uncategorized"],"inLanguage":"tr"},{"@type":"WebPage","@id":"https:\/\/emep.org\/es\/la-lucha-contra-el-regimen-unipersonal-y-sus-nuevos-ataques-2","url":"https:\/\/emep.org\/es\/la-lucha-contra-el-regimen-unipersonal-y-sus-nuevos-ataques-2","name":"La lucha contra el r\u00e9gimen unipersonal y sus nuevos ataques - Partido del Trabajo (EMEP)","isPartOf":{"@id":"https:\/\/emep.org\/es\/#website"},"primaryImageOfPage":{"@id":"https:\/\/emep.org\/es\/la-lucha-contra-el-regimen-unipersonal-y-sus-nuevos-ataques-2#primaryimage"},"image":{"@id":"https:\/\/emep.org\/es\/la-lucha-contra-el-regimen-unipersonal-y-sus-nuevos-ataques-2#primaryimage"},"thumbnailUrl":"https:\/\/emep.org\/es\/wp-content\/uploads\/2018\/12\/1.jpg","datePublished":"2018-12-03T11:28:48+00:00","author":{"@id":"https:\/\/emep.org\/es\/#\/schema\/person\/2de7e62bd3cb0bafdbe6b129009be3d0"},"breadcrumb":{"@id":"https:\/\/emep.org\/es\/la-lucha-contra-el-regimen-unipersonal-y-sus-nuevos-ataques-2#breadcrumb"},"inLanguage":"tr","potentialAction":[{"@type":"ReadAction","target":["https:\/\/emep.org\/es\/la-lucha-contra-el-regimen-unipersonal-y-sus-nuevos-ataques-2"]}]},{"@type":"ImageObject","inLanguage":"tr","@id":"https:\/\/emep.org\/es\/la-lucha-contra-el-regimen-unipersonal-y-sus-nuevos-ataques-2#primaryimage","url":"https:\/\/emep.org\/es\/wp-content\/uploads\/2018\/12\/1.jpg","contentUrl":"https:\/\/emep.org\/es\/wp-content\/uploads\/2018\/12\/1.jpg","width":896,"height":485},{"@type":"BreadcrumbList","@id":"https:\/\/emep.org\/es\/la-lucha-contra-el-regimen-unipersonal-y-sus-nuevos-ataques-2#breadcrumb","itemListElement":[{"@type":"ListItem","position":1,"name":"Home","item":"https:\/\/emep.org\/es\/"},{"@type":"ListItem","position":2,"name":"La lucha contra el r\u00e9gimen unipersonal y sus nuevos ataques"}]},{"@type":"WebSite","@id":"https:\/\/emep.org\/es\/#website","url":"https:\/\/emep.org\/es\/","name":"Partido del Trabajo (EMEP)","description":"\u00a1Trabajadores del mundo, \u00fananse!","potentialAction":[{"@type":"SearchAction","target":{"@type":"EntryPoint","urlTemplate":"https:\/\/emep.org\/es\/?s={search_term_string}"},"query-input":{"@type":"PropertyValueSpecification","valueRequired":true,"valueName":"search_term_string"}}],"inLanguage":"tr"},{"@type":"Person","@id":"https:\/\/emep.org\/es\/#\/schema\/person\/2de7e62bd3cb0bafdbe6b129009be3d0","name":"cogbs","sameAs":["https:\/\/emep.org\/es"],"url":"https:\/\/emep.org\/es\/author\/cogbs"}]}},"_links":{"self":[{"href":"https:\/\/emep.org\/es\/wp-json\/wp\/v2\/posts\/3066","targetHints":{"allow":["GET"]}}],"collection":[{"href":"https:\/\/emep.org\/es\/wp-json\/wp\/v2\/posts"}],"about":[{"href":"https:\/\/emep.org\/es\/wp-json\/wp\/v2\/types\/post"}],"author":[{"embeddable":true,"href":"https:\/\/emep.org\/es\/wp-json\/wp\/v2\/users\/1"}],"replies":[{"embeddable":true,"href":"https:\/\/emep.org\/es\/wp-json\/wp\/v2\/comments?post=3066"}],"version-history":[{"count":0,"href":"https:\/\/emep.org\/es\/wp-json\/wp\/v2\/posts\/3066\/revisions"}],"wp:featuredmedia":[{"embeddable":true,"href":"https:\/\/emep.org\/es\/wp-json\/wp\/v2\/media\/3068"}],"wp:attachment":[{"href":"https:\/\/emep.org\/es\/wp-json\/wp\/v2\/media?parent=3066"}],"wp:term":[{"taxonomy":"category","embeddable":true,"href":"https:\/\/emep.org\/es\/wp-json\/wp\/v2\/categories?post=3066"},{"taxonomy":"post_tag","embeddable":true,"href":"https:\/\/emep.org\/es\/wp-json\/wp\/v2\/tags?post=3066"}],"curies":[{"name":"wp","href":"https:\/\/api.w.org\/{rel}","templated":true}]}}