{"id":3082,"date":"2018-11-27T00:29:26","date_gmt":"2018-11-26T21:29:26","guid":{"rendered":"https:\/\/www.emep.org\/?p=3082"},"modified":"2018-11-27T00:29:26","modified_gmt":"2018-11-26T21:29:26","slug":"basta-de-violencia-contra-las-mujeres-basta-de-pagar-la-facture-de-la-crisis","status":"publish","type":"post","link":"https:\/\/emep.org\/es\/basta-de-violencia-contra-las-mujeres-basta-de-pagar-la-facture-de-la-crisis","title":{"rendered":"Basta de violencia contra las mujeres, basta de pagar la facture de la crisis"},"content":{"rendered":"<style type=\"text\/css\" data-type=\"vc_cmsms_shortcodes-custom-css\"><\/style>\n<p>Las mujeres en Turqu\u00eda se enfrentan al D\u00eda para la Eliminaci\u00f3n de la Violencia Contra las Mujeres en condiciones m\u00e1s dif\u00edciles. La creciente pobreza causada por la crisis est\u00e1 provocando m\u00e1s violencia contra las mujeres. Las mujeres se enfrentan al hambre, a las migraciones y al tr\u00e1fico de personas.<br>La violencia se incrementa mediante el deterioro de las condiciones de vida, la desigualdad salarial, los despidos ilegales y el trabajo flexible e inseguro. Al intentar evitar las reacciones contra la crisis y la pobreza manteniendo intacta la \u201cfamilia\u201d, el gobierno ha puesto sus ojos en los derechos de las mujeres: se bendicen las ni\u00f1as novias y se facilitan los matrimonios infantiles; hay intentos para erradicar el derecho a los pagos de manutenci\u00f3n a las mujeres; es m\u00e1s dif\u00edcil divorciarse; se legaliza la violencia mediante la mediaci\u00f3n.<br>En un pa\u00eds en el que el jefe del estado habla de \u201cla naturaleza de las cosas\u201d y etiqueta la igualdad con un \u201cenvoltorio\u201d, no debe sorprender que los asesinatos de mujeres se hayan cuadruplicado en los \u00faltimos 14 a\u00f1os. Al contrario, es un reflejo de que el incremento de la violencia, las violaciones y los asesinatos de mujeres no son una coincidencia.<br>En la cumbre de \u201cMujeres y Justicia\u201d organizada por la Asociaci\u00f3n Mujer y Democracia (KADEM) \u2013una organizaci\u00f3n pro-gubernamental que nunca ha participado en la lucha por la igualdad de las mujeres, que no representa de ninguna manera al movimiento de mujeres y que siempre ha trabajado para justificar las pol\u00edticas gubernamentales que encierran a la mujer en la familia- el Presidente dijo: \u201cHay quien dice que son iguales, pero \u00bfser\u00eda justo permitir que un hombre y una mujer compitiera en una carrera de 100 metros?\u201d<br>Es justo decir \u201c\u00bfte dejaremos correr igual que a los hombres\u201d a una mujer que va a su trabajo cada ma\u00f1ana bajo la amenaza del abuso, que trabajo duro 10-12 horas al d\u00eda, preocupada por la seguridad de sus hijos que han quedado a cargo de alg\u00fan familiar, vecino o guarder\u00eda, para quien los objetivos de producci\u00f3n significan que incluso se controla el tiempo que pasa en el ba\u00f1o, que tiene que hacer las tareas de casa al volver del trabajo? Explotadas en el trabajo, trabajando para la familia en casa a cambio de nada, las mujeres, no s\u00f3lo comienzan la carrera de los 100 metros en condiciones desiguales, sino que se les obliga a correr m\u00e1s r\u00e1pido, incluso hasta la muerte. Por la tanto, no se puede hablar de \u201cjusticia\u201d sin \u201cigualdad\u201d. Las cifras muestran la violencia causada por la desigualdad.<br>La administraci\u00f3n unipersonal de Erdogan, a la vez que carga a los trabajadores con las consecuencias de la crisis, otorga a las mujeres una \u201ctarea\u201d especial. Como se puede aprecia en el plan anual para 2019, quiere que los desastres causados por la crisis sean solucionadas en el \u00e1mbito familiar. La familia ser\u00e1 la locomotora que se enfrente a la crisis causada por la subida de precios, la alta inflaci\u00f3n y el desempleo: y las mujeres desempe\u00f1ar\u00e1n el trabajo esclavo creado por la crisis.<br>Se sabe que todo tipo de violencia contra las mujeres aumenta durante la crisis. Dificultar los divorcios en tales circunstancias tiene como objetivo convertir a la mujer en prisionera dentro de este ciclo de violencia. El 36.4% de las mujeres que quieren divorciarse es debido a la violencia. El decir que \u201cla mujer es una parte integral de la familia y su locomotora\u201d es una promesa de crisis para la familia y esclavitud para la mujer.<br>Para menoscabar la demanda de igualdad de las mujeres \u2013la agenda m\u00e1s importante en la lucha de las mujeres durante siglos- Erdogan utiliza el t\u00e9rmino hip\u00f3crita de \u201cigualdad\u201d tal y como es entendido en el sistema capitalista imperialista. Intenta dirigir la ira popular contra los pa\u00edses e instituciones imperialistas y socavar y derrotar los derechos de las mujeres y la lucha por la igualdad. \u00a1Pero las mujeres no se rendir\u00e1n ni a la hipocres\u00eda de la igualdad bajo el sistema imperialista-capitalista ni a la imposici\u00f3n del gobierno de justicia sin igualdad! Este a\u00f1o, al igual que otros, en Turqu\u00eda y en todo el mundo saldr\u00e1n a las calles en solidaridad, exigiendo una vida igual y libre, un futuro sin violencia.<br>En nombre del Partido del Trabajo (EMEP), saludo a todas las mujeres que luchan por la igualdad salarial en Europa, que resisten y luchan contra la prohibici\u00f3n de abortar y contra la violencia creciente y la reacci\u00f3n fascista en Am\u00e9rica Latina; que luchan por la paz y la democracia contra los yihadistas en las guerras civiles en \u00c1frica; que llenan las calles de los Estados Unidos contra los ataques imperialistas de Trump contra las mujeres del mundo.<br>Hago un llamamiento a las mujeres de Turqu\u00eda para que se nieguen a pagar la factura y soportar el peso de la crisis, a romper el ciclo de violencia econ\u00f3mica, psicol\u00f3gica y f\u00edsica.<br>Estamos juntas por nuestros Derechos y nuestras Vidas contra la Pobreza, la Explotaci\u00f3n y la Violencia.<\/p>\n\n\n\n<p><br>Viva la Solidaridad de las Mujeres.<\/p>\n\n\n\n<p><br><strong>SELMA G\u00dcRKAN<br>Presidenta.<\/strong><\/p>\n","protected":false},"excerpt":{"rendered":"<p>Las mujeres en Turqu\u00eda se enfrentan al D\u00eda para la Eliminaci\u00f3n de la Violencia Contra las Mujeres en condiciones m\u00e1s dif\u00edciles. La creciente pobreza causada por la crisis est\u00e1 provocando m\u00e1s violencia contra las mujeres. Las mujeres se enfrentan al hambre, a las migraciones y al tr\u00e1fico de personas.La violencia se incrementa mediante el deterioro&#8230;<\/p>\n","protected":false},"author":1,"featured_media":2844,"comment_status":"closed","ping_status":"open","sticky":false,"template":"","format":"standard","meta":{"footnotes":""},"categories":[33],"tags":[],"class_list":["post-3082","post","type-post","status-publish","format-standard","has-post-thumbnail","hentry","category-espanol"],"yoast_head":"<!-- This site is optimized with the Yoast SEO plugin v27.2 - https:\/\/yoast.com\/product\/yoast-seo-wordpress\/ -->\n<title>Basta de violencia contra las mujeres, basta de pagar la facture de la crisis - Partido del Trabajo (EMEP)<\/title>\n<meta name=\"robots\" content=\"index, follow, max-snippet:-1, max-image-preview:large, max-video-preview:-1\" \/>\n<link rel=\"canonical\" href=\"https:\/\/emep.org\/es\/basta-de-violencia-contra-las-mujeres-basta-de-pagar-la-facture-de-la-crisis\" \/>\n<meta property=\"og:locale\" content=\"tr_TR\" \/>\n<meta property=\"og:type\" content=\"article\" \/>\n<meta property=\"og:title\" content=\"Basta de violencia contra las mujeres, basta de pagar la facture de la crisis - Partido del Trabajo (EMEP)\" \/>\n<meta property=\"og:description\" content=\"Las mujeres en Turqu\u00eda se enfrentan al D\u00eda para la Eliminaci\u00f3n de la Violencia Contra las Mujeres en condiciones m\u00e1s dif\u00edciles. La creciente pobreza causada por la crisis est\u00e1 provocando m\u00e1s violencia contra las mujeres. Las mujeres se enfrentan al hambre, a las migraciones y al tr\u00e1fico de personas.La violencia se incrementa mediante el deterioro...\" \/>\n<meta property=\"og:url\" content=\"https:\/\/emep.org\/es\/basta-de-violencia-contra-las-mujeres-basta-de-pagar-la-facture-de-la-crisis\" \/>\n<meta property=\"og:site_name\" content=\"Partido del Trabajo (EMEP)\" \/>\n<meta property=\"article:published_time\" content=\"2018-11-26T21:29:26+00:00\" \/>\n<meta property=\"og:image\" content=\"https:\/\/emep.org\/es\/wp-content\/uploads\/2018\/05\/selma-gurkan.jpg\" \/>\n\t<meta property=\"og:image:width\" content=\"685\" \/>\n\t<meta property=\"og:image:height\" content=\"365\" \/>\n\t<meta property=\"og:image:type\" content=\"image\/jpeg\" \/>\n<meta name=\"author\" content=\"cogbs\" \/>\n<meta name=\"twitter:card\" content=\"summary_large_image\" \/>\n<meta name=\"twitter:label1\" content=\"Yazan:\" \/>\n\t<meta name=\"twitter:data1\" content=\"cogbs\" \/>\n\t<meta name=\"twitter:label2\" content=\"Tahmini okuma s\u00fcresi\" \/>\n\t<meta name=\"twitter:data2\" content=\"4 dakika\" \/>\n<script type=\"application\/ld+json\" class=\"yoast-schema-graph\">{\"@context\":\"https:\/\/schema.org\",\"@graph\":[{\"@type\":\"Article\",\"@id\":\"https:\/\/emep.org\/es\/basta-de-violencia-contra-las-mujeres-basta-de-pagar-la-facture-de-la-crisis#article\",\"isPartOf\":{\"@id\":\"https:\/\/emep.org\/es\/basta-de-violencia-contra-las-mujeres-basta-de-pagar-la-facture-de-la-crisis\"},\"author\":{\"name\":\"cogbs\",\"@id\":\"https:\/\/emep.org\/es\/#\/schema\/person\/2de7e62bd3cb0bafdbe6b129009be3d0\"},\"headline\":\"Basta de violencia contra las mujeres, basta de pagar la facture de la crisis\",\"datePublished\":\"2018-11-26T21:29:26+00:00\",\"mainEntityOfPage\":{\"@id\":\"https:\/\/emep.org\/es\/basta-de-violencia-contra-las-mujeres-basta-de-pagar-la-facture-de-la-crisis\"},\"wordCount\":899,\"image\":{\"@id\":\"https:\/\/emep.org\/es\/basta-de-violencia-contra-las-mujeres-basta-de-pagar-la-facture-de-la-crisis#primaryimage\"},\"thumbnailUrl\":\"https:\/\/emep.org\/es\/wp-content\/uploads\/2018\/05\/selma-gurkan.jpg\",\"articleSection\":[\"espanol\"],\"inLanguage\":\"tr\"},{\"@type\":\"WebPage\",\"@id\":\"https:\/\/emep.org\/es\/basta-de-violencia-contra-las-mujeres-basta-de-pagar-la-facture-de-la-crisis\",\"url\":\"https:\/\/emep.org\/es\/basta-de-violencia-contra-las-mujeres-basta-de-pagar-la-facture-de-la-crisis\",\"name\":\"Basta de violencia contra las mujeres, basta de pagar la facture de la crisis - Partido del Trabajo (EMEP)\",\"isPartOf\":{\"@id\":\"https:\/\/emep.org\/es\/#website\"},\"primaryImageOfPage\":{\"@id\":\"https:\/\/emep.org\/es\/basta-de-violencia-contra-las-mujeres-basta-de-pagar-la-facture-de-la-crisis#primaryimage\"},\"image\":{\"@id\":\"https:\/\/emep.org\/es\/basta-de-violencia-contra-las-mujeres-basta-de-pagar-la-facture-de-la-crisis#primaryimage\"},\"thumbnailUrl\":\"https:\/\/emep.org\/es\/wp-content\/uploads\/2018\/05\/selma-gurkan.jpg\",\"datePublished\":\"2018-11-26T21:29:26+00:00\",\"author\":{\"@id\":\"https:\/\/emep.org\/es\/#\/schema\/person\/2de7e62bd3cb0bafdbe6b129009be3d0\"},\"breadcrumb\":{\"@id\":\"https:\/\/emep.org\/es\/basta-de-violencia-contra-las-mujeres-basta-de-pagar-la-facture-de-la-crisis#breadcrumb\"},\"inLanguage\":\"tr\",\"potentialAction\":[{\"@type\":\"ReadAction\",\"target\":[\"https:\/\/emep.org\/es\/basta-de-violencia-contra-las-mujeres-basta-de-pagar-la-facture-de-la-crisis\"]}]},{\"@type\":\"ImageObject\",\"inLanguage\":\"tr\",\"@id\":\"https:\/\/emep.org\/es\/basta-de-violencia-contra-las-mujeres-basta-de-pagar-la-facture-de-la-crisis#primaryimage\",\"url\":\"https:\/\/emep.org\/es\/wp-content\/uploads\/2018\/05\/selma-gurkan.jpg\",\"contentUrl\":\"https:\/\/emep.org\/es\/wp-content\/uploads\/2018\/05\/selma-gurkan.jpg\",\"width\":685,\"height\":365},{\"@type\":\"BreadcrumbList\",\"@id\":\"https:\/\/emep.org\/es\/basta-de-violencia-contra-las-mujeres-basta-de-pagar-la-facture-de-la-crisis#breadcrumb\",\"itemListElement\":[{\"@type\":\"ListItem\",\"position\":1,\"name\":\"Home\",\"item\":\"https:\/\/emep.org\/es\/\"},{\"@type\":\"ListItem\",\"position\":2,\"name\":\"Basta de violencia contra las mujeres, basta de pagar la facture de la crisis\"}]},{\"@type\":\"WebSite\",\"@id\":\"https:\/\/emep.org\/es\/#website\",\"url\":\"https:\/\/emep.org\/es\/\",\"name\":\"Partido del Trabajo (EMEP)\",\"description\":\"\u00a1Trabajadores del mundo, \u00fananse!\",\"potentialAction\":[{\"@type\":\"SearchAction\",\"target\":{\"@type\":\"EntryPoint\",\"urlTemplate\":\"https:\/\/emep.org\/es\/?s={search_term_string}\"},\"query-input\":{\"@type\":\"PropertyValueSpecification\",\"valueRequired\":true,\"valueName\":\"search_term_string\"}}],\"inLanguage\":\"tr\"},{\"@type\":\"Person\",\"@id\":\"https:\/\/emep.org\/es\/#\/schema\/person\/2de7e62bd3cb0bafdbe6b129009be3d0\",\"name\":\"cogbs\",\"sameAs\":[\"https:\/\/emep.org\/es\"],\"url\":\"https:\/\/emep.org\/es\/author\/cogbs\"}]}<\/script>\n<!-- \/ Yoast SEO plugin. -->","yoast_head_json":{"title":"Basta de violencia contra las mujeres, basta de pagar la facture de la crisis - Partido del Trabajo (EMEP)","robots":{"index":"index","follow":"follow","max-snippet":"max-snippet:-1","max-image-preview":"max-image-preview:large","max-video-preview":"max-video-preview:-1"},"canonical":"https:\/\/emep.org\/es\/basta-de-violencia-contra-las-mujeres-basta-de-pagar-la-facture-de-la-crisis","og_locale":"tr_TR","og_type":"article","og_title":"Basta de violencia contra las mujeres, basta de pagar la facture de la crisis - Partido del Trabajo (EMEP)","og_description":"Las mujeres en Turqu\u00eda se enfrentan al D\u00eda para la Eliminaci\u00f3n de la Violencia Contra las Mujeres en condiciones m\u00e1s dif\u00edciles. La creciente pobreza causada por la crisis est\u00e1 provocando m\u00e1s violencia contra las mujeres. Las mujeres se enfrentan al hambre, a las migraciones y al tr\u00e1fico de personas.La violencia se incrementa mediante el deterioro...","og_url":"https:\/\/emep.org\/es\/basta-de-violencia-contra-las-mujeres-basta-de-pagar-la-facture-de-la-crisis","og_site_name":"Partido del Trabajo (EMEP)","article_published_time":"2018-11-26T21:29:26+00:00","og_image":[{"width":685,"height":365,"url":"https:\/\/emep.org\/es\/wp-content\/uploads\/2018\/05\/selma-gurkan.jpg","type":"image\/jpeg"}],"author":"cogbs","twitter_card":"summary_large_image","twitter_misc":{"Yazan:":"cogbs","Tahmini okuma s\u00fcresi":"4 dakika"},"schema":{"@context":"https:\/\/schema.org","@graph":[{"@type":"Article","@id":"https:\/\/emep.org\/es\/basta-de-violencia-contra-las-mujeres-basta-de-pagar-la-facture-de-la-crisis#article","isPartOf":{"@id":"https:\/\/emep.org\/es\/basta-de-violencia-contra-las-mujeres-basta-de-pagar-la-facture-de-la-crisis"},"author":{"name":"cogbs","@id":"https:\/\/emep.org\/es\/#\/schema\/person\/2de7e62bd3cb0bafdbe6b129009be3d0"},"headline":"Basta de violencia contra las mujeres, basta de pagar la facture de la crisis","datePublished":"2018-11-26T21:29:26+00:00","mainEntityOfPage":{"@id":"https:\/\/emep.org\/es\/basta-de-violencia-contra-las-mujeres-basta-de-pagar-la-facture-de-la-crisis"},"wordCount":899,"image":{"@id":"https:\/\/emep.org\/es\/basta-de-violencia-contra-las-mujeres-basta-de-pagar-la-facture-de-la-crisis#primaryimage"},"thumbnailUrl":"https:\/\/emep.org\/es\/wp-content\/uploads\/2018\/05\/selma-gurkan.jpg","articleSection":["espanol"],"inLanguage":"tr"},{"@type":"WebPage","@id":"https:\/\/emep.org\/es\/basta-de-violencia-contra-las-mujeres-basta-de-pagar-la-facture-de-la-crisis","url":"https:\/\/emep.org\/es\/basta-de-violencia-contra-las-mujeres-basta-de-pagar-la-facture-de-la-crisis","name":"Basta de violencia contra las mujeres, basta de pagar la facture de la crisis - Partido del Trabajo (EMEP)","isPartOf":{"@id":"https:\/\/emep.org\/es\/#website"},"primaryImageOfPage":{"@id":"https:\/\/emep.org\/es\/basta-de-violencia-contra-las-mujeres-basta-de-pagar-la-facture-de-la-crisis#primaryimage"},"image":{"@id":"https:\/\/emep.org\/es\/basta-de-violencia-contra-las-mujeres-basta-de-pagar-la-facture-de-la-crisis#primaryimage"},"thumbnailUrl":"https:\/\/emep.org\/es\/wp-content\/uploads\/2018\/05\/selma-gurkan.jpg","datePublished":"2018-11-26T21:29:26+00:00","author":{"@id":"https:\/\/emep.org\/es\/#\/schema\/person\/2de7e62bd3cb0bafdbe6b129009be3d0"},"breadcrumb":{"@id":"https:\/\/emep.org\/es\/basta-de-violencia-contra-las-mujeres-basta-de-pagar-la-facture-de-la-crisis#breadcrumb"},"inLanguage":"tr","potentialAction":[{"@type":"ReadAction","target":["https:\/\/emep.org\/es\/basta-de-violencia-contra-las-mujeres-basta-de-pagar-la-facture-de-la-crisis"]}]},{"@type":"ImageObject","inLanguage":"tr","@id":"https:\/\/emep.org\/es\/basta-de-violencia-contra-las-mujeres-basta-de-pagar-la-facture-de-la-crisis#primaryimage","url":"https:\/\/emep.org\/es\/wp-content\/uploads\/2018\/05\/selma-gurkan.jpg","contentUrl":"https:\/\/emep.org\/es\/wp-content\/uploads\/2018\/05\/selma-gurkan.jpg","width":685,"height":365},{"@type":"BreadcrumbList","@id":"https:\/\/emep.org\/es\/basta-de-violencia-contra-las-mujeres-basta-de-pagar-la-facture-de-la-crisis#breadcrumb","itemListElement":[{"@type":"ListItem","position":1,"name":"Home","item":"https:\/\/emep.org\/es\/"},{"@type":"ListItem","position":2,"name":"Basta de violencia contra las mujeres, basta de pagar la facture de la crisis"}]},{"@type":"WebSite","@id":"https:\/\/emep.org\/es\/#website","url":"https:\/\/emep.org\/es\/","name":"Partido del Trabajo (EMEP)","description":"\u00a1Trabajadores del mundo, \u00fananse!","potentialAction":[{"@type":"SearchAction","target":{"@type":"EntryPoint","urlTemplate":"https:\/\/emep.org\/es\/?s={search_term_string}"},"query-input":{"@type":"PropertyValueSpecification","valueRequired":true,"valueName":"search_term_string"}}],"inLanguage":"tr"},{"@type":"Person","@id":"https:\/\/emep.org\/es\/#\/schema\/person\/2de7e62bd3cb0bafdbe6b129009be3d0","name":"cogbs","sameAs":["https:\/\/emep.org\/es"],"url":"https:\/\/emep.org\/es\/author\/cogbs"}]}},"_links":{"self":[{"href":"https:\/\/emep.org\/es\/wp-json\/wp\/v2\/posts\/3082","targetHints":{"allow":["GET"]}}],"collection":[{"href":"https:\/\/emep.org\/es\/wp-json\/wp\/v2\/posts"}],"about":[{"href":"https:\/\/emep.org\/es\/wp-json\/wp\/v2\/types\/post"}],"author":[{"embeddable":true,"href":"https:\/\/emep.org\/es\/wp-json\/wp\/v2\/users\/1"}],"replies":[{"embeddable":true,"href":"https:\/\/emep.org\/es\/wp-json\/wp\/v2\/comments?post=3082"}],"version-history":[{"count":0,"href":"https:\/\/emep.org\/es\/wp-json\/wp\/v2\/posts\/3082\/revisions"}],"wp:featuredmedia":[{"embeddable":true,"href":"https:\/\/emep.org\/es\/wp-json\/wp\/v2\/media\/2844"}],"wp:attachment":[{"href":"https:\/\/emep.org\/es\/wp-json\/wp\/v2\/media?parent=3082"}],"wp:term":[{"taxonomy":"category","embeddable":true,"href":"https:\/\/emep.org\/es\/wp-json\/wp\/v2\/categories?post=3082"},{"taxonomy":"post_tag","embeddable":true,"href":"https:\/\/emep.org\/es\/wp-json\/wp\/v2\/tags?post=3082"}],"curies":[{"name":"wp","href":"https:\/\/api.w.org\/{rel}","templated":true}]}}