{"id":3784,"date":"2020-10-17T15:43:03","date_gmt":"2020-10-17T12:43:03","guid":{"rendered":"https:\/\/www.emep.org\/?p=3784"},"modified":"2020-10-17T15:43:03","modified_gmt":"2020-10-17T12:43:03","slug":"no-olvidaremos-la-lucha-y-la-memoria-del-camarada-raul","status":"publish","type":"post","link":"https:\/\/emep.org\/es\/no-olvidaremos-la-lucha-y-la-memoria-del-camarada-raul","title":{"rendered":"No olvidaremos la lucha y la memoria del camarada Ra\u00fal"},"content":{"rendered":"<style type=\"text\/css\" data-type=\"vc_cmsms_shortcodes-custom-css\"><\/style>\n<p>Al Partido Comunista de Espa\u00f1a (marxista-leninista) y a la clase obrera de Espa\u00f1a:<\/p>\n\n\n\n<p>Estimados camaradas,<\/p>\n\n\n\n<p>Hemos sabido del fallecimiento del camarada Ra\u00fal Marco, por el que sentimos un profundo dolor.<\/p>\n\n\n\n<p>Los miembros de nuestro partido y nuestra clase obrera conocen bien al camarada Ra\u00fal. Le\u00edmos sus art\u00edculos. Escuchamos los discursos que pronunci\u00f3 en los Congresos del Partido del Trabajo y en las reuniones de la CIPOML. Fue uno de los l\u00edderes m\u00e1s experimentados del Movimiento Comunista Internacional.<\/p>\n\n\n\n<p>El camarada Marco se uni\u00f3 al movimiento comunista en los a\u00f1os cincuenta; como trabajador comunista, particip\u00f3 en la lucha organizada. En los a\u00f1os sesenta, levant\u00f3 la bandera del Marxismo-Leninismo contra Jruschov-Brezhnev y contra los revisionistas espa\u00f1oles. Los comunistas de Turqu\u00eda de los a\u00f1os setenta tomaron ejemplo de la lucha de los espa\u00f1oles comunistas, dirigidos por Ra\u00fal Marco, contra el fascismo franquista, y la observaron atentamente. Las manifestaciones masivas ilegales nos inspiraron. Como los camaradas espa\u00f1oles, perdimos a muchos de nuestros camaradas en la lucha contra el fascismo en esos mismos a\u00f1os.<\/p>\n\n\n\n<p>El camarada Ra\u00fal Marco fue uno de los l\u00edderes de la Conferencia Internacional de Partidos y Organizaciones Marxistas-Leninistas (CIPOML). La clase obrera ha tenido una organizaci\u00f3n y un liderazgo comunista mundial desde 1994, y el camarada Ra\u00fal era uno de los l\u00edderes de esta organizaci\u00f3n.<\/p>\n\n\n\n<p>Los miembros del Partido del Trabajo consideran al camarada Ra\u00fal como uno de ellos. Ojal\u00e1 pudi\u00e9ramos despedir al camarada Ra\u00fal.<\/p>\n\n\n\n<p>A nuestros camaradas, a la clase obrera de Turqu\u00eda y a las futuras generaciones les contaremos la vida y la lucha del camarada Ra\u00fal Marco.<\/p>\n\n\n\n<p>Est\u00e9n seguros, camaradas: mientras exista el Partido del Trabajo, el camarada Ra\u00fal estar\u00e1 con nosotros. Nos inspirar\u00e1 su lucha.<\/p>\n\n\n\n<p>Expresamos nuestro m\u00e1s profundo dolor a la clase obrera y a los comunistas de Espa\u00f1a.<\/p>\n\n\n\n<p>\u00a1Gloria al camarada Ra\u00fal Marco!<\/p>\n\n\n\n<p>\u00a1Gloria a la lucha del Partido Comunista de Espa\u00f1a (m-l) y a la clase obrera de Espa\u00f1a!<\/p>\n\n\n\n<p>No olvidaremos la lucha y la memoria del camarada Ra\u00fal Marco.<\/p>\n\n\n\n<p>Selma Gurkan<\/p>\n\n\n\n<p>Presidenta<\/p>\n\n\n\n<p>Partido del Trabajo (EMEP)<\/p>\n","protected":false},"excerpt":{"rendered":"<p>Al Partido Comunista de Espa\u00f1a (marxista-leninista) y a la clase obrera de Espa\u00f1a: Estimados camaradas, Hemos sabido del fallecimiento del camarada Ra\u00fal Marco, por el que sentimos un profundo dolor. Los miembros de nuestro partido y nuestra clase obrera conocen bien al camarada Ra\u00fal. Le\u00edmos sus art\u00edculos. Escuchamos los discursos que pronunci\u00f3 en los Congresos&#8230;<\/p>\n","protected":false},"author":1,"featured_media":3785,"comment_status":"closed","ping_status":"open","sticky":false,"template":"","format":"standard","meta":{"footnotes":""},"categories":[33],"tags":[],"class_list":["post-3784","post","type-post","status-publish","format-standard","has-post-thumbnail","hentry","category-espanol"],"yoast_head":"<!-- This site is optimized with the Yoast SEO plugin v27.2 - https:\/\/yoast.com\/product\/yoast-seo-wordpress\/ -->\n<title>No olvidaremos la lucha y la memoria del camarada Ra\u00fal - Partido del Trabajo (EMEP)<\/title>\n<meta name=\"robots\" content=\"index, follow, max-snippet:-1, max-image-preview:large, max-video-preview:-1\" \/>\n<link rel=\"canonical\" href=\"https:\/\/emep.org\/es\/no-olvidaremos-la-lucha-y-la-memoria-del-camarada-raul\" \/>\n<meta property=\"og:locale\" content=\"tr_TR\" \/>\n<meta property=\"og:type\" content=\"article\" \/>\n<meta property=\"og:title\" content=\"No olvidaremos la lucha y la memoria del camarada Ra\u00fal - Partido del Trabajo (EMEP)\" \/>\n<meta property=\"og:description\" content=\"Al Partido Comunista de Espa\u00f1a (marxista-leninista) y a la clase obrera de Espa\u00f1a: Estimados camaradas, Hemos sabido del fallecimiento del camarada Ra\u00fal Marco, por el que sentimos un profundo dolor. Los miembros de nuestro partido y nuestra clase obrera conocen bien al camarada Ra\u00fal. Le\u00edmos sus art\u00edculos. Escuchamos los discursos que pronunci\u00f3 en los Congresos...\" \/>\n<meta property=\"og:url\" content=\"https:\/\/emep.org\/es\/no-olvidaremos-la-lucha-y-la-memoria-del-camarada-raul\" \/>\n<meta property=\"og:site_name\" content=\"Partido del Trabajo (EMEP)\" \/>\n<meta property=\"article:published_time\" content=\"2020-10-17T12:43:03+00:00\" \/>\n<meta property=\"og:image\" content=\"https:\/\/emep.org\/es\/wp-content\/uploads\/2020\/10\/Raul-Marco-emep-1.jpg\" \/>\n\t<meta property=\"og:image:width\" content=\"696\" \/>\n\t<meta property=\"og:image:height\" content=\"453\" \/>\n\t<meta property=\"og:image:type\" content=\"image\/jpeg\" \/>\n<meta name=\"author\" content=\"cogbs\" \/>\n<meta name=\"twitter:card\" content=\"summary_large_image\" \/>\n<meta name=\"twitter:label1\" content=\"Yazan:\" \/>\n\t<meta name=\"twitter:data1\" content=\"cogbs\" \/>\n\t<meta name=\"twitter:label2\" content=\"Tahmini okuma s\u00fcresi\" \/>\n\t<meta name=\"twitter:data2\" content=\"2 dakika\" \/>\n<script type=\"application\/ld+json\" class=\"yoast-schema-graph\">{\"@context\":\"https:\/\/schema.org\",\"@graph\":[{\"@type\":\"Article\",\"@id\":\"https:\/\/emep.org\/es\/no-olvidaremos-la-lucha-y-la-memoria-del-camarada-raul#article\",\"isPartOf\":{\"@id\":\"https:\/\/emep.org\/es\/no-olvidaremos-la-lucha-y-la-memoria-del-camarada-raul\"},\"author\":{\"name\":\"cogbs\",\"@id\":\"https:\/\/emep.org\/es\/#\/schema\/person\/2de7e62bd3cb0bafdbe6b129009be3d0\"},\"headline\":\"No olvidaremos la lucha y la memoria del camarada Ra\u00fal\",\"datePublished\":\"2020-10-17T12:43:03+00:00\",\"mainEntityOfPage\":{\"@id\":\"https:\/\/emep.org\/es\/no-olvidaremos-la-lucha-y-la-memoria-del-camarada-raul\"},\"wordCount\":378,\"image\":{\"@id\":\"https:\/\/emep.org\/es\/no-olvidaremos-la-lucha-y-la-memoria-del-camarada-raul#primaryimage\"},\"thumbnailUrl\":\"https:\/\/emep.org\/es\/wp-content\/uploads\/2020\/10\/Raul-Marco-emep-1.jpg\",\"articleSection\":[\"espanol\"],\"inLanguage\":\"tr\"},{\"@type\":\"WebPage\",\"@id\":\"https:\/\/emep.org\/es\/no-olvidaremos-la-lucha-y-la-memoria-del-camarada-raul\",\"url\":\"https:\/\/emep.org\/es\/no-olvidaremos-la-lucha-y-la-memoria-del-camarada-raul\",\"name\":\"No olvidaremos la lucha y la memoria del camarada Ra\u00fal - Partido del Trabajo (EMEP)\",\"isPartOf\":{\"@id\":\"https:\/\/emep.org\/es\/#website\"},\"primaryImageOfPage\":{\"@id\":\"https:\/\/emep.org\/es\/no-olvidaremos-la-lucha-y-la-memoria-del-camarada-raul#primaryimage\"},\"image\":{\"@id\":\"https:\/\/emep.org\/es\/no-olvidaremos-la-lucha-y-la-memoria-del-camarada-raul#primaryimage\"},\"thumbnailUrl\":\"https:\/\/emep.org\/es\/wp-content\/uploads\/2020\/10\/Raul-Marco-emep-1.jpg\",\"datePublished\":\"2020-10-17T12:43:03+00:00\",\"author\":{\"@id\":\"https:\/\/emep.org\/es\/#\/schema\/person\/2de7e62bd3cb0bafdbe6b129009be3d0\"},\"breadcrumb\":{\"@id\":\"https:\/\/emep.org\/es\/no-olvidaremos-la-lucha-y-la-memoria-del-camarada-raul#breadcrumb\"},\"inLanguage\":\"tr\",\"potentialAction\":[{\"@type\":\"ReadAction\",\"target\":[\"https:\/\/emep.org\/es\/no-olvidaremos-la-lucha-y-la-memoria-del-camarada-raul\"]}]},{\"@type\":\"ImageObject\",\"inLanguage\":\"tr\",\"@id\":\"https:\/\/emep.org\/es\/no-olvidaremos-la-lucha-y-la-memoria-del-camarada-raul#primaryimage\",\"url\":\"https:\/\/emep.org\/es\/wp-content\/uploads\/2020\/10\/Raul-Marco-emep-1.jpg\",\"contentUrl\":\"https:\/\/emep.org\/es\/wp-content\/uploads\/2020\/10\/Raul-Marco-emep-1.jpg\",\"width\":696,\"height\":453},{\"@type\":\"BreadcrumbList\",\"@id\":\"https:\/\/emep.org\/es\/no-olvidaremos-la-lucha-y-la-memoria-del-camarada-raul#breadcrumb\",\"itemListElement\":[{\"@type\":\"ListItem\",\"position\":1,\"name\":\"Home\",\"item\":\"https:\/\/emep.org\/es\/\"},{\"@type\":\"ListItem\",\"position\":2,\"name\":\"No olvidaremos la lucha y la memoria del camarada Ra\u00fal\"}]},{\"@type\":\"WebSite\",\"@id\":\"https:\/\/emep.org\/es\/#website\",\"url\":\"https:\/\/emep.org\/es\/\",\"name\":\"Partido del Trabajo (EMEP)\",\"description\":\"\u00a1Trabajadores del mundo, \u00fananse!\",\"potentialAction\":[{\"@type\":\"SearchAction\",\"target\":{\"@type\":\"EntryPoint\",\"urlTemplate\":\"https:\/\/emep.org\/es\/?s={search_term_string}\"},\"query-input\":{\"@type\":\"PropertyValueSpecification\",\"valueRequired\":true,\"valueName\":\"search_term_string\"}}],\"inLanguage\":\"tr\"},{\"@type\":\"Person\",\"@id\":\"https:\/\/emep.org\/es\/#\/schema\/person\/2de7e62bd3cb0bafdbe6b129009be3d0\",\"name\":\"cogbs\",\"sameAs\":[\"https:\/\/emep.org\/es\"],\"url\":\"https:\/\/emep.org\/es\/author\/cogbs\"}]}<\/script>\n<!-- \/ Yoast SEO plugin. -->","yoast_head_json":{"title":"No olvidaremos la lucha y la memoria del camarada Ra\u00fal - Partido del Trabajo (EMEP)","robots":{"index":"index","follow":"follow","max-snippet":"max-snippet:-1","max-image-preview":"max-image-preview:large","max-video-preview":"max-video-preview:-1"},"canonical":"https:\/\/emep.org\/es\/no-olvidaremos-la-lucha-y-la-memoria-del-camarada-raul","og_locale":"tr_TR","og_type":"article","og_title":"No olvidaremos la lucha y la memoria del camarada Ra\u00fal - Partido del Trabajo (EMEP)","og_description":"Al Partido Comunista de Espa\u00f1a (marxista-leninista) y a la clase obrera de Espa\u00f1a: Estimados camaradas, Hemos sabido del fallecimiento del camarada Ra\u00fal Marco, por el que sentimos un profundo dolor. Los miembros de nuestro partido y nuestra clase obrera conocen bien al camarada Ra\u00fal. Le\u00edmos sus art\u00edculos. Escuchamos los discursos que pronunci\u00f3 en los Congresos...","og_url":"https:\/\/emep.org\/es\/no-olvidaremos-la-lucha-y-la-memoria-del-camarada-raul","og_site_name":"Partido del Trabajo (EMEP)","article_published_time":"2020-10-17T12:43:03+00:00","og_image":[{"width":696,"height":453,"url":"https:\/\/emep.org\/es\/wp-content\/uploads\/2020\/10\/Raul-Marco-emep-1.jpg","type":"image\/jpeg"}],"author":"cogbs","twitter_card":"summary_large_image","twitter_misc":{"Yazan:":"cogbs","Tahmini okuma s\u00fcresi":"2 dakika"},"schema":{"@context":"https:\/\/schema.org","@graph":[{"@type":"Article","@id":"https:\/\/emep.org\/es\/no-olvidaremos-la-lucha-y-la-memoria-del-camarada-raul#article","isPartOf":{"@id":"https:\/\/emep.org\/es\/no-olvidaremos-la-lucha-y-la-memoria-del-camarada-raul"},"author":{"name":"cogbs","@id":"https:\/\/emep.org\/es\/#\/schema\/person\/2de7e62bd3cb0bafdbe6b129009be3d0"},"headline":"No olvidaremos la lucha y la memoria del camarada Ra\u00fal","datePublished":"2020-10-17T12:43:03+00:00","mainEntityOfPage":{"@id":"https:\/\/emep.org\/es\/no-olvidaremos-la-lucha-y-la-memoria-del-camarada-raul"},"wordCount":378,"image":{"@id":"https:\/\/emep.org\/es\/no-olvidaremos-la-lucha-y-la-memoria-del-camarada-raul#primaryimage"},"thumbnailUrl":"https:\/\/emep.org\/es\/wp-content\/uploads\/2020\/10\/Raul-Marco-emep-1.jpg","articleSection":["espanol"],"inLanguage":"tr"},{"@type":"WebPage","@id":"https:\/\/emep.org\/es\/no-olvidaremos-la-lucha-y-la-memoria-del-camarada-raul","url":"https:\/\/emep.org\/es\/no-olvidaremos-la-lucha-y-la-memoria-del-camarada-raul","name":"No olvidaremos la lucha y la memoria del camarada Ra\u00fal - Partido del Trabajo (EMEP)","isPartOf":{"@id":"https:\/\/emep.org\/es\/#website"},"primaryImageOfPage":{"@id":"https:\/\/emep.org\/es\/no-olvidaremos-la-lucha-y-la-memoria-del-camarada-raul#primaryimage"},"image":{"@id":"https:\/\/emep.org\/es\/no-olvidaremos-la-lucha-y-la-memoria-del-camarada-raul#primaryimage"},"thumbnailUrl":"https:\/\/emep.org\/es\/wp-content\/uploads\/2020\/10\/Raul-Marco-emep-1.jpg","datePublished":"2020-10-17T12:43:03+00:00","author":{"@id":"https:\/\/emep.org\/es\/#\/schema\/person\/2de7e62bd3cb0bafdbe6b129009be3d0"},"breadcrumb":{"@id":"https:\/\/emep.org\/es\/no-olvidaremos-la-lucha-y-la-memoria-del-camarada-raul#breadcrumb"},"inLanguage":"tr","potentialAction":[{"@type":"ReadAction","target":["https:\/\/emep.org\/es\/no-olvidaremos-la-lucha-y-la-memoria-del-camarada-raul"]}]},{"@type":"ImageObject","inLanguage":"tr","@id":"https:\/\/emep.org\/es\/no-olvidaremos-la-lucha-y-la-memoria-del-camarada-raul#primaryimage","url":"https:\/\/emep.org\/es\/wp-content\/uploads\/2020\/10\/Raul-Marco-emep-1.jpg","contentUrl":"https:\/\/emep.org\/es\/wp-content\/uploads\/2020\/10\/Raul-Marco-emep-1.jpg","width":696,"height":453},{"@type":"BreadcrumbList","@id":"https:\/\/emep.org\/es\/no-olvidaremos-la-lucha-y-la-memoria-del-camarada-raul#breadcrumb","itemListElement":[{"@type":"ListItem","position":1,"name":"Home","item":"https:\/\/emep.org\/es\/"},{"@type":"ListItem","position":2,"name":"No olvidaremos la lucha y la memoria del camarada Ra\u00fal"}]},{"@type":"WebSite","@id":"https:\/\/emep.org\/es\/#website","url":"https:\/\/emep.org\/es\/","name":"Partido del Trabajo (EMEP)","description":"\u00a1Trabajadores del mundo, \u00fananse!","potentialAction":[{"@type":"SearchAction","target":{"@type":"EntryPoint","urlTemplate":"https:\/\/emep.org\/es\/?s={search_term_string}"},"query-input":{"@type":"PropertyValueSpecification","valueRequired":true,"valueName":"search_term_string"}}],"inLanguage":"tr"},{"@type":"Person","@id":"https:\/\/emep.org\/es\/#\/schema\/person\/2de7e62bd3cb0bafdbe6b129009be3d0","name":"cogbs","sameAs":["https:\/\/emep.org\/es"],"url":"https:\/\/emep.org\/es\/author\/cogbs"}]}},"_links":{"self":[{"href":"https:\/\/emep.org\/es\/wp-json\/wp\/v2\/posts\/3784","targetHints":{"allow":["GET"]}}],"collection":[{"href":"https:\/\/emep.org\/es\/wp-json\/wp\/v2\/posts"}],"about":[{"href":"https:\/\/emep.org\/es\/wp-json\/wp\/v2\/types\/post"}],"author":[{"embeddable":true,"href":"https:\/\/emep.org\/es\/wp-json\/wp\/v2\/users\/1"}],"replies":[{"embeddable":true,"href":"https:\/\/emep.org\/es\/wp-json\/wp\/v2\/comments?post=3784"}],"version-history":[{"count":0,"href":"https:\/\/emep.org\/es\/wp-json\/wp\/v2\/posts\/3784\/revisions"}],"wp:featuredmedia":[{"embeddable":true,"href":"https:\/\/emep.org\/es\/wp-json\/wp\/v2\/media\/3785"}],"wp:attachment":[{"href":"https:\/\/emep.org\/es\/wp-json\/wp\/v2\/media?parent=3784"}],"wp:term":[{"taxonomy":"category","embeddable":true,"href":"https:\/\/emep.org\/es\/wp-json\/wp\/v2\/categories?post=3784"},{"taxonomy":"post_tag","embeddable":true,"href":"https:\/\/emep.org\/es\/wp-json\/wp\/v2\/tags?post=3784"}],"curies":[{"name":"wp","href":"https:\/\/api.w.org\/{rel}","templated":true}]}}