{"id":8690,"date":"2018-01-22T13:16:04","date_gmt":"2018-01-22T10:16:04","guid":{"rendered":"https:\/\/www.emep.org\/?p=2716"},"modified":"2018-01-22T13:16:04","modified_gmt":"2018-01-22T10:16:04","slug":"la-fraternidad-de-pueblos-es-bombardeada-en-afrin","status":"publish","type":"post","link":"https:\/\/emep.org\/es\/la-fraternidad-de-pueblos-es-bombardeada-en-afrin","title":{"rendered":"La fraternidad de pueblos es bombardeada en Afrin"},"content":{"rendered":"<style type=\"text\/css\" data-type=\"vc_cmsms_shortcodes-custom-css\"><\/style><p>La fraternidad de pueblos es bombardeada en Afrin, \u00a1y Turqu\u00eda es arrastrada al atolladero de una guerra regional!<\/p>\n<p><strong><em>Como Partido del Trabajo (EMEP), hacemos un llamamiento a los pueblos de Turqu\u00eda y a los trabajadores de todas las nacionalidades para exigir el &#8216;FIN&#8217; a la operaci\u00f3n de Afrin, que empuja al pa\u00eds a un c\u00edrculo de fuego por los intereses del gobierno<\/em><\/strong><\/p>\n<p>La Operaci\u00f3n Afrin, que comenz\u00f3 el s\u00e1bado despu\u00e9s de largos preparativos, es celebrada por el gobierno turco y sus medios de comunicaci\u00f3n como una victoria. Afrin est\u00e1 gobernado democr\u00e1ticamente por los kurdos y otros pueblos de la regi\u00f3n. Mientr\u00e1s las bombas caen sobre la ciudad, donde viven hasta un mill\u00f3n de civiles, entre ellos hay quienes escapan de la guerra civil siria, los representantes del r\u00e9gimen de Erdo\u011fan -m\u00e1s bien burlonamente- afirman que &#8220;liberar\u00e1n a Afrin&#8221;. Por el contrario, la operaci\u00f3n &#8216;Rama de Olivo\u2019 aviva las llamas de la enemistad entre kurdos y turcos, y arrastra a Turqu\u00eda al centro del atolladero de la guerra en la regi\u00f3n.<\/p>\n<p><strong>\u00a1La amenaza no viene de los pueblos de la regi\u00f3n sino del imperialismo y sus conspiradores!<\/strong><\/p>\n<p>El presidente Erdo\u011fan y representantes del gobierno afirman que el objetivo de la operaci\u00f3n es la \u00ab\u00a0seguridad nacional\u00a0\u00bb, y comenz\u00f3 despu\u00e9s de las negociaciones y la retirada de las fuerzas rusas de la ciudad. Es decir, Rusia, en una lucha con los Estados Unidos para controlar a Siria, ha dado permiso para \u00e9sta operaci\u00f3n solo porque sirve a sus intereses. Con esta \u00ab\u00a0luz verde\u00a0\u00bb, Rusia tiene como objetivo enfrentar a Turqu\u00eda y los EE. UU. Unos contra otros en la regi\u00f3n, as\u00ed como empujar a los kurdos sirios a una esquina para que est\u00e9n dispuestos a aceptar una soluci\u00f3n bajo la tutela de Rusia.<\/p>\n<p>Est\u00e1 claro que aquellos que arrastran al pa\u00eds al coraz\u00f3n de esta guerra de dominaci\u00f3n entre los imperialistas y bombardean a nuestros hermanos y hermanas en Siria con la &#8220;luz verde&#8221; de una potencia imperialista, aumentar\u00e1 la amenaza y el peligro para nuestro pa\u00eds. Por lo tanto, la verdadera amenaza para los pueblos de Turqu\u00eda no son nuestros vecinos kurdos que lucharon contra el Estado Isl\u00e1mico y otras bandas yihadistas en el norte de Siria y Rojava y que construyeron reg\u00edmenes democr\u00e1ticos con otros pueblos de la regi\u00f3n. La verdadera amenaza son los imperialistas y sus conspiradores regionales, que incitan a la enemistad entre los pueblos oprimidos del Medio Oriente durante los \u00faltimos 100 a\u00f1os y usan la enemisdad hacia los kurdos para servir a sus propios intereses.<\/p>\n<p><strong>\u00a1La guerra con los kurdos sabotea la convivencia!<\/strong><\/p>\n<p>Hoy, el sistema democr\u00e1tico de los kurdos sirios, que siempre declararon que est\u00e1n abiertos al di\u00e1logo con Turqu\u00eda, es visto como una amenaza por parte del gobierno de Erdo\u011fan. Esto es porque que el gobierno no ha dejado lugar a una soluci\u00f3n al problema kurdo y ha insistido en su pol\u00edtica de opresi\u00f3n y violencia.<\/p>\n<p>Sin embargo, esta l\u00ednea de pol\u00edtica est\u00e1 arrastrando al pa\u00eds al atolladero de la guerra en la regi\u00f3n y sabotea las condiciones para la convivencia pac\u00edfica dentro de nuestras fronteras entre los turcos y los kurdos.<\/p>\n<p><strong>\u00a0<\/strong><strong>\u00a1El gobierno empuja para que la guerra sirva a sus propios intereses!<\/strong><\/p>\n<p>Aunque existe la opci\u00f3n de una soluci\u00f3n que podr\u00eda significar la paz con los kurdos sirios y otros pueblos de la regi\u00f3n y una soluci\u00f3n democr\u00e1tica en el pa\u00eds, el gobierno intenta convertir a Turqu\u00eda en parte de los planes de los imperialistas.<\/p>\n<p>El gobierno de Erdo\u011fan, en un pacto con el partido ultranacionalista del MHP, ve la operaci\u00f3n de Afrin como un paso necesario para la supervivencia de su propio gobierno, m\u00e1s que del pa\u00eds. Al presentar esto como una operaci\u00f3n para la \u00ab\u00a0seguridad nacional\u00a0\u00bb, intenta forzar a todos a que se pongan detr\u00e1s de ellos y opriman no solo a los kurdos, sino a todos aquellos que defienden un estilo de vida pac\u00edfico y humano. Est\u00e1 claro que quieren usar para este prop\u00f3sito tanto el estado de emergencia como el decreto estatutario que otorga inmunidad legal -en nombre de \u00ab\u00a0combatir el terror\u00a0\u00bb &#8211; a aquellos que apoyan al gobierno.<\/p>\n<p><strong>Debemos elevar la lucha por la paz en la regi\u00f3n y la democracia en el pa\u00eds.<\/strong><\/p>\n<p>Como Partido del Trabajo (EMEP), llamamos a los pueblos de Turqu\u00eda y a los trabajadores de todas las nacionalidades a exigir un \u00ab\u00a0FIN\u00a0\u00bb a la operaci\u00f3n Afrin, que empuja al pa\u00eds a un c\u00edrculo de fuego por los intereses del gobierno.<\/p>\n<p>Llamamos a todas las fuerzas democr\u00e1ticas a levantar la lucha contra bombardear la \u00ab\u00a0fraternidad de pueblos\u00a0\u00bb en Afrin, contra arrastrar al pa\u00eds al atolladero de la guerra, y levantar la lucha por la en la regi\u00f3n y por la democracia en el pa\u00eds.<\/p>\n<p><strong>Mehmet T\u00fcrkmen<br \/>\n<\/strong>Vicepresidente<\/p>\n","protected":false},"excerpt":{"rendered":"<p>La fraternidad de pueblos es bombardeada en Afrin, \u00a1y Turqu\u00eda es arrastrada al atolladero de una guerra regional! Como Partido del Trabajo (EMEP), hacemos un llamamiento a los pueblos de Turqu\u00eda y a los trabajadores de todas las nacionalidades para exigir el &#8216;FIN&#8217; a la operaci\u00f3n de Afrin, que empuja al pa\u00eds a un c\u00edrculo&#8230;<\/p>\n","protected":false},"author":1,"featured_media":1726,"comment_status":"closed","ping_status":"open","sticky":false,"template":"","format":"standard","meta":{"footnotes":""},"categories":[33],"tags":[],"class_list":["post-8690","post","type-post","status-publish","format-standard","has-post-thumbnail","hentry","category-espanol"],"yoast_head":"<!-- This site is optimized with the Yoast SEO plugin v27.2 - https:\/\/yoast.com\/product\/yoast-seo-wordpress\/ -->\n<title>La fraternidad de pueblos es bombardeada en Afrin - Partido del Trabajo (EMEP)<\/title>\n<meta name=\"robots\" content=\"index, follow, max-snippet:-1, max-image-preview:large, max-video-preview:-1\" \/>\n<link rel=\"canonical\" href=\"https:\/\/emep.org\/es\/la-fraternidad-de-pueblos-es-bombardeada-en-afrin\" \/>\n<meta property=\"og:locale\" content=\"tr_TR\" \/>\n<meta property=\"og:type\" content=\"article\" \/>\n<meta property=\"og:title\" content=\"La fraternidad de pueblos es bombardeada en Afrin - Partido del Trabajo (EMEP)\" \/>\n<meta property=\"og:description\" content=\"La fraternidad de pueblos es bombardeada en Afrin, \u00a1y Turqu\u00eda es arrastrada al atolladero de una guerra regional! Como Partido del Trabajo (EMEP), hacemos un llamamiento a los pueblos de Turqu\u00eda y a los trabajadores de todas las nacionalidades para exigir el &#8216;FIN&#8217; a la operaci\u00f3n de Afrin, que empuja al pa\u00eds a un c\u00edrculo...\" \/>\n<meta property=\"og:url\" content=\"https:\/\/emep.org\/es\/la-fraternidad-de-pueblos-es-bombardeada-en-afrin\" \/>\n<meta property=\"og:site_name\" content=\"Partido del Trabajo (EMEP)\" \/>\n<meta property=\"article:published_time\" content=\"2018-01-22T10:16:04+00:00\" \/>\n<meta property=\"og:image\" content=\"https:\/\/emep.org\/es\/wp-content\/uploads\/2016\/08\/osonun-ilk-icraati-sinirdaki-isid-bayragini-indirmek-oldu_dhapt12-1.jpg\" \/>\n\t<meta property=\"og:image:width\" content=\"900\" \/>\n\t<meta property=\"og:image:height\" content=\"600\" \/>\n\t<meta property=\"og:image:type\" content=\"image\/jpeg\" \/>\n<meta name=\"author\" content=\"cogbs\" \/>\n<meta name=\"twitter:card\" content=\"summary_large_image\" \/>\n<meta name=\"twitter:label1\" content=\"Yazan:\" \/>\n\t<meta name=\"twitter:data1\" content=\"cogbs\" \/>\n\t<meta name=\"twitter:label2\" content=\"Tahmini okuma s\u00fcresi\" \/>\n\t<meta name=\"twitter:data2\" content=\"4 dakika\" \/>\n<script type=\"application\/ld+json\" class=\"yoast-schema-graph\">{\"@context\":\"https:\/\/schema.org\",\"@graph\":[{\"@type\":\"Article\",\"@id\":\"https:\/\/emep.org\/es\/la-fraternidad-de-pueblos-es-bombardeada-en-afrin#article\",\"isPartOf\":{\"@id\":\"https:\/\/emep.org\/es\/la-fraternidad-de-pueblos-es-bombardeada-en-afrin\"},\"author\":{\"name\":\"cogbs\",\"@id\":\"https:\/\/emep.org\/es\/#\/schema\/person\/2de7e62bd3cb0bafdbe6b129009be3d0\"},\"headline\":\"La fraternidad de pueblos es bombardeada en Afrin\",\"datePublished\":\"2018-01-22T10:16:04+00:00\",\"mainEntityOfPage\":{\"@id\":\"https:\/\/emep.org\/es\/la-fraternidad-de-pueblos-es-bombardeada-en-afrin\"},\"wordCount\":869,\"image\":{\"@id\":\"https:\/\/emep.org\/es\/la-fraternidad-de-pueblos-es-bombardeada-en-afrin#primaryimage\"},\"thumbnailUrl\":\"https:\/\/emep.org\/es\/wp-content\/uploads\/2016\/08\/osonun-ilk-icraati-sinirdaki-isid-bayragini-indirmek-oldu_dhapt12-1.jpg\",\"articleSection\":[\"espanol\"],\"inLanguage\":\"tr\"},{\"@type\":\"WebPage\",\"@id\":\"https:\/\/emep.org\/es\/la-fraternidad-de-pueblos-es-bombardeada-en-afrin\",\"url\":\"https:\/\/emep.org\/es\/la-fraternidad-de-pueblos-es-bombardeada-en-afrin\",\"name\":\"La fraternidad de pueblos es bombardeada en Afrin - Partido del Trabajo (EMEP)\",\"isPartOf\":{\"@id\":\"https:\/\/emep.org\/es\/#website\"},\"primaryImageOfPage\":{\"@id\":\"https:\/\/emep.org\/es\/la-fraternidad-de-pueblos-es-bombardeada-en-afrin#primaryimage\"},\"image\":{\"@id\":\"https:\/\/emep.org\/es\/la-fraternidad-de-pueblos-es-bombardeada-en-afrin#primaryimage\"},\"thumbnailUrl\":\"https:\/\/emep.org\/es\/wp-content\/uploads\/2016\/08\/osonun-ilk-icraati-sinirdaki-isid-bayragini-indirmek-oldu_dhapt12-1.jpg\",\"datePublished\":\"2018-01-22T10:16:04+00:00\",\"author\":{\"@id\":\"https:\/\/emep.org\/es\/#\/schema\/person\/2de7e62bd3cb0bafdbe6b129009be3d0\"},\"breadcrumb\":{\"@id\":\"https:\/\/emep.org\/es\/la-fraternidad-de-pueblos-es-bombardeada-en-afrin#breadcrumb\"},\"inLanguage\":\"tr\",\"potentialAction\":[{\"@type\":\"ReadAction\",\"target\":[\"https:\/\/emep.org\/es\/la-fraternidad-de-pueblos-es-bombardeada-en-afrin\"]}]},{\"@type\":\"ImageObject\",\"inLanguage\":\"tr\",\"@id\":\"https:\/\/emep.org\/es\/la-fraternidad-de-pueblos-es-bombardeada-en-afrin#primaryimage\",\"url\":\"https:\/\/emep.org\/es\/wp-content\/uploads\/2016\/08\/osonun-ilk-icraati-sinirdaki-isid-bayragini-indirmek-oldu_dhapt12-1.jpg\",\"contentUrl\":\"https:\/\/emep.org\/es\/wp-content\/uploads\/2016\/08\/osonun-ilk-icraati-sinirdaki-isid-bayragini-indirmek-oldu_dhapt12-1.jpg\",\"width\":900,\"height\":600},{\"@type\":\"BreadcrumbList\",\"@id\":\"https:\/\/emep.org\/es\/la-fraternidad-de-pueblos-es-bombardeada-en-afrin#breadcrumb\",\"itemListElement\":[{\"@type\":\"ListItem\",\"position\":1,\"name\":\"Home\",\"item\":\"https:\/\/emep.org\/es\/\"},{\"@type\":\"ListItem\",\"position\":2,\"name\":\"La fraternidad de pueblos es bombardeada en Afrin\"}]},{\"@type\":\"WebSite\",\"@id\":\"https:\/\/emep.org\/es\/#website\",\"url\":\"https:\/\/emep.org\/es\/\",\"name\":\"Partido del Trabajo (EMEP)\",\"description\":\"\u00a1Trabajadores del mundo, \u00fananse!\",\"potentialAction\":[{\"@type\":\"SearchAction\",\"target\":{\"@type\":\"EntryPoint\",\"urlTemplate\":\"https:\/\/emep.org\/es\/?s={search_term_string}\"},\"query-input\":{\"@type\":\"PropertyValueSpecification\",\"valueRequired\":true,\"valueName\":\"search_term_string\"}}],\"inLanguage\":\"tr\"},{\"@type\":\"Person\",\"@id\":\"https:\/\/emep.org\/es\/#\/schema\/person\/2de7e62bd3cb0bafdbe6b129009be3d0\",\"name\":\"cogbs\",\"sameAs\":[\"https:\/\/emep.org\/es\"],\"url\":\"https:\/\/emep.org\/es\/author\/cogbs\"}]}<\/script>\n<!-- \/ Yoast SEO plugin. -->","yoast_head_json":{"title":"La fraternidad de pueblos es bombardeada en Afrin - Partido del Trabajo (EMEP)","robots":{"index":"index","follow":"follow","max-snippet":"max-snippet:-1","max-image-preview":"max-image-preview:large","max-video-preview":"max-video-preview:-1"},"canonical":"https:\/\/emep.org\/es\/la-fraternidad-de-pueblos-es-bombardeada-en-afrin","og_locale":"tr_TR","og_type":"article","og_title":"La fraternidad de pueblos es bombardeada en Afrin - Partido del Trabajo (EMEP)","og_description":"La fraternidad de pueblos es bombardeada en Afrin, \u00a1y Turqu\u00eda es arrastrada al atolladero de una guerra regional! Como Partido del Trabajo (EMEP), hacemos un llamamiento a los pueblos de Turqu\u00eda y a los trabajadores de todas las nacionalidades para exigir el &#8216;FIN&#8217; a la operaci\u00f3n de Afrin, que empuja al pa\u00eds a un c\u00edrculo...","og_url":"https:\/\/emep.org\/es\/la-fraternidad-de-pueblos-es-bombardeada-en-afrin","og_site_name":"Partido del Trabajo (EMEP)","article_published_time":"2018-01-22T10:16:04+00:00","og_image":[{"width":900,"height":600,"url":"https:\/\/emep.org\/es\/wp-content\/uploads\/2016\/08\/osonun-ilk-icraati-sinirdaki-isid-bayragini-indirmek-oldu_dhapt12-1.jpg","type":"image\/jpeg"}],"author":"cogbs","twitter_card":"summary_large_image","twitter_misc":{"Yazan:":"cogbs","Tahmini okuma s\u00fcresi":"4 dakika"},"schema":{"@context":"https:\/\/schema.org","@graph":[{"@type":"Article","@id":"https:\/\/emep.org\/es\/la-fraternidad-de-pueblos-es-bombardeada-en-afrin#article","isPartOf":{"@id":"https:\/\/emep.org\/es\/la-fraternidad-de-pueblos-es-bombardeada-en-afrin"},"author":{"name":"cogbs","@id":"https:\/\/emep.org\/es\/#\/schema\/person\/2de7e62bd3cb0bafdbe6b129009be3d0"},"headline":"La fraternidad de pueblos es bombardeada en Afrin","datePublished":"2018-01-22T10:16:04+00:00","mainEntityOfPage":{"@id":"https:\/\/emep.org\/es\/la-fraternidad-de-pueblos-es-bombardeada-en-afrin"},"wordCount":869,"image":{"@id":"https:\/\/emep.org\/es\/la-fraternidad-de-pueblos-es-bombardeada-en-afrin#primaryimage"},"thumbnailUrl":"https:\/\/emep.org\/es\/wp-content\/uploads\/2016\/08\/osonun-ilk-icraati-sinirdaki-isid-bayragini-indirmek-oldu_dhapt12-1.jpg","articleSection":["espanol"],"inLanguage":"tr"},{"@type":"WebPage","@id":"https:\/\/emep.org\/es\/la-fraternidad-de-pueblos-es-bombardeada-en-afrin","url":"https:\/\/emep.org\/es\/la-fraternidad-de-pueblos-es-bombardeada-en-afrin","name":"La fraternidad de pueblos es bombardeada en Afrin - Partido del Trabajo (EMEP)","isPartOf":{"@id":"https:\/\/emep.org\/es\/#website"},"primaryImageOfPage":{"@id":"https:\/\/emep.org\/es\/la-fraternidad-de-pueblos-es-bombardeada-en-afrin#primaryimage"},"image":{"@id":"https:\/\/emep.org\/es\/la-fraternidad-de-pueblos-es-bombardeada-en-afrin#primaryimage"},"thumbnailUrl":"https:\/\/emep.org\/es\/wp-content\/uploads\/2016\/08\/osonun-ilk-icraati-sinirdaki-isid-bayragini-indirmek-oldu_dhapt12-1.jpg","datePublished":"2018-01-22T10:16:04+00:00","author":{"@id":"https:\/\/emep.org\/es\/#\/schema\/person\/2de7e62bd3cb0bafdbe6b129009be3d0"},"breadcrumb":{"@id":"https:\/\/emep.org\/es\/la-fraternidad-de-pueblos-es-bombardeada-en-afrin#breadcrumb"},"inLanguage":"tr","potentialAction":[{"@type":"ReadAction","target":["https:\/\/emep.org\/es\/la-fraternidad-de-pueblos-es-bombardeada-en-afrin"]}]},{"@type":"ImageObject","inLanguage":"tr","@id":"https:\/\/emep.org\/es\/la-fraternidad-de-pueblos-es-bombardeada-en-afrin#primaryimage","url":"https:\/\/emep.org\/es\/wp-content\/uploads\/2016\/08\/osonun-ilk-icraati-sinirdaki-isid-bayragini-indirmek-oldu_dhapt12-1.jpg","contentUrl":"https:\/\/emep.org\/es\/wp-content\/uploads\/2016\/08\/osonun-ilk-icraati-sinirdaki-isid-bayragini-indirmek-oldu_dhapt12-1.jpg","width":900,"height":600},{"@type":"BreadcrumbList","@id":"https:\/\/emep.org\/es\/la-fraternidad-de-pueblos-es-bombardeada-en-afrin#breadcrumb","itemListElement":[{"@type":"ListItem","position":1,"name":"Home","item":"https:\/\/emep.org\/es\/"},{"@type":"ListItem","position":2,"name":"La fraternidad de pueblos es bombardeada en Afrin"}]},{"@type":"WebSite","@id":"https:\/\/emep.org\/es\/#website","url":"https:\/\/emep.org\/es\/","name":"Partido del Trabajo (EMEP)","description":"\u00a1Trabajadores del mundo, \u00fananse!","potentialAction":[{"@type":"SearchAction","target":{"@type":"EntryPoint","urlTemplate":"https:\/\/emep.org\/es\/?s={search_term_string}"},"query-input":{"@type":"PropertyValueSpecification","valueRequired":true,"valueName":"search_term_string"}}],"inLanguage":"tr"},{"@type":"Person","@id":"https:\/\/emep.org\/es\/#\/schema\/person\/2de7e62bd3cb0bafdbe6b129009be3d0","name":"cogbs","sameAs":["https:\/\/emep.org\/es"],"url":"https:\/\/emep.org\/es\/author\/cogbs"}]}},"_links":{"self":[{"href":"https:\/\/emep.org\/es\/wp-json\/wp\/v2\/posts\/8690","targetHints":{"allow":["GET"]}}],"collection":[{"href":"https:\/\/emep.org\/es\/wp-json\/wp\/v2\/posts"}],"about":[{"href":"https:\/\/emep.org\/es\/wp-json\/wp\/v2\/types\/post"}],"author":[{"embeddable":true,"href":"https:\/\/emep.org\/es\/wp-json\/wp\/v2\/users\/1"}],"replies":[{"embeddable":true,"href":"https:\/\/emep.org\/es\/wp-json\/wp\/v2\/comments?post=8690"}],"version-history":[{"count":0,"href":"https:\/\/emep.org\/es\/wp-json\/wp\/v2\/posts\/8690\/revisions"}],"wp:featuredmedia":[{"embeddable":true,"href":"https:\/\/emep.org\/es\/wp-json\/wp\/v2\/media\/1726"}],"wp:attachment":[{"href":"https:\/\/emep.org\/es\/wp-json\/wp\/v2\/media?parent=8690"}],"wp:term":[{"taxonomy":"category","embeddable":true,"href":"https:\/\/emep.org\/es\/wp-json\/wp\/v2\/categories?post=8690"},{"taxonomy":"post_tag","embeddable":true,"href":"https:\/\/emep.org\/es\/wp-json\/wp\/v2\/tags?post=8690"}],"curies":[{"name":"wp","href":"https:\/\/api.w.org\/{rel}","templated":true}]}}