{"id":874,"date":"2010-12-10T15:49:32","date_gmt":"2010-12-10T12:49:32","guid":{"rendered":"http:\/\/emep.org\/?p=874"},"modified":"2010-12-10T15:49:32","modified_gmt":"2010-12-10T12:49:32","slug":"1-2","status":"publish","type":"post","link":"https:\/\/emep.org\/es\/1-2","title":{"rendered":"\u00bfEs posible un nuevo per\u00edodo otomano?"},"content":{"rendered":"<style type=\"text\/css\" data-type=\"vc_cmsms_shortcodes-custom-css\"><\/style><p>Los dirigentes del PJD (Partido Justicia y Desarrollo \u2013AKP en sus siglas en turco) llevan un tiempo hablando del Imperio Otomano como un modelo a seguir, y comparando la pol\u00edtica de Turqu\u00eda con el poder y autoconfianza de la \u00e9poca otomana. El Primer Ministro, Tayyip Erdogan acaba de declarar: \u201cTenemos que llevar a la Rep\u00fablica a esa posici\u00f3n\u201d, refiri\u00e9ndose al Imperio. Adem\u00e1s, el Ministro de Asuntos Exteriores Ahmet Davutoglu relaciona su gobierno con la capacidad omnipotente de poner orden en la regi\u00f3n. Fetullah Gulen, que tiene una estrecha relaci\u00f3n con los gobernantes turcos al igual que con el gobierno de USA, ruega que Turqu\u00eda siga una pol\u00edtica basada \u201cen el cr\u00e9dito heredado del Imperio Otomano\u201d. En la charla que el General Basbug dio en Mardin (una ciudad kurda) puso mucho \u00e9nfasis al hablar de \u201cla poderosa Turqu\u00eda\u201d. Tambi\u00e9n dirigentes de USA y de NATO han realizado declaraciones poniendo a Turqu\u00eda como ejemplo de un pa\u00eds poderoso y \u201cmodal\u201d en la regi\u00f3n. Turqu\u00eda se ha convertido en un \u201cpa\u00eds central\u201d o, como la Secretaria de Estado de USA declar\u00f3 cuando estuvo en Turqu\u00eda, \u201cTurqu\u00eda es el pa\u00eds fuerte de la zona\u201d.<\/p>\n<p>Las declaraciones que enfatizan el \u201cpoder\u201d de Turqu\u00eda de acuerdo con su papel futuro en la regi\u00f3n son apoyadas desde la perspectiva diplom\u00e1tica, militar, pol\u00edtica y, en parte, econ\u00f3mica. Las negociaciones con pa\u00edses de la regi\u00f3n han sido frecuentes en a\u00f1os recientes. Se han mantenido negociaciones con Irak, el Kurdist\u00e1n iraqu\u00ed, Ir\u00e1n, Siria, Palestina, Azerbaijan y Georgia en un breve periodo de tiempo. Pese a las tensiones derivadas del \u201cProblema de Karabakh\u201d y del \u201cgenocidio\u201d, se han dado los primeros pasos para mejorar las relaciones con Armenia y abrir las fronteras. Contin\u00faa la pol\u00edtica de considerar a Azerbaijan como un \u201cpeque\u00f1o hermano\u201d. Se mantiene el \u201cpatrocinio\u201d sobre Georgia en colaboraci\u00f3n con USA. Las relaciones con Irak y con el gobierno federal del Kurdist\u00e1n iraqu\u00ed han sido modificadas de cara a \u201celiminar\u201d la resistencia kurda en Turqu\u00eda, capitalizando recursos energ\u00e9ticos y obteniendo su parte del pastel al ser una ruta de paso hacia los mercados occidentales. Se han firmado acuerdos. Se ha asumido un papel en \u201cla reconstrucci\u00f3n de Irak y la regi\u00f3n kurda\u201d. El Ministro de Asuntos Exteriores declar\u00f3 que \u201ctrabajan como un gobierno\u201d y que su objetivo es la \u201ccompleta integraci\u00f3n\u201d (del Irak kurdo en el estado iraqu\u00ed). Se ha suprimido la necesidad de visado en la frontera con Siria. Se busca una \u201crelaci\u00f3n bilateral amistosa\u201d entre Rusia e Ir\u00e1n y se negocia sobre la extensi\u00f3n de acuerdos comerciales, etc.<\/p>\n<p>Estos contactos, que los portavoces del gobierno muestran como \u201cpol\u00edtica exterior de profundidad estrat\u00e9gica\u201d y fundamentados en la propaganda de que \u201cTurqu\u00eda es fuerte y es el pa\u00eds l\u00edder de la regi\u00f3n\u201d (Oriente Medio)\u201d se muestran efectivos no s\u00f3lo entre la peque\u00f1a burgues\u00eda y las clases medias, si no tambi\u00e9n entre los pueblos. Han dado origen a la falacia de que Turqu\u00eda se ha convertido en \u201cun pa\u00eds poderoso y el l\u00edder en toda la regi\u00f3n\u201d, por lo que es necesario contar con el apoyo popular para que esta pol\u00edtica sea m\u00e1s efectiva.<\/p>\n<p><strong>LA ORGANIZACI\u00d3N DE<\/strong><strong> LA REGI\u00d3N Y EL PAPEL DE TURQU\u00cdA<\/strong><\/p>\n<p>El proceso, que empez\u00f3 con la revoluci\u00f3n iran\u00ed de 1979 y se aceler\u00f3 con la disoluci\u00f3n de la URSS y los pa\u00edses del Este, ha desvelado nuevamente a las potencias \u201corganizadoras\u201d de las dos \u00faltimas d\u00e9cadas en un una regi\u00f3n enormemente extensa, desde los Balcanes a Oriente Medio \u2013 Sud\u00e1frica y el C\u00e1ucaso. Este asunto ha sido analizado en numerosos art\u00edculos, por lo que no es objeto de estudio de este art\u00edculo. No obstante, cabe resaltar la existencia de dos potencias sobre todo: USA y Rusia.<\/p>\n<p>Dejando de lado si Turqu\u00eda es una \u201cgran\u201d potencia \u201corganizadora\u201d, Turqu\u00eda se ha convertido en un \u201cpa\u00eds organizado\u201d. A pesar de la arrogante propaganda, Turqu\u00eda no podr\u00eda ser ni siquiera \u201ccomo\u201d Ir\u00e1n. La pol\u00edtica antiamericana y antiimperialista se ha vuelto fuerte en Ir\u00e1n. La administraci\u00f3n cooperacionista del Sha ha sido destruida, y el r\u00e9gimen islamista bajo control de los \u201cmul\u00e1s\u201d ha incrementado su prestigio entre los pueblos de la regi\u00f3n. USA se ha encontrado con la oposici\u00f3n de Ir\u00e1n en casi todas sus propuestas en la regi\u00f3n.<\/p>\n<p>Por otra parte, los gobernantes de Turqu\u00eda contin\u00faan los sesenta a\u00f1os de subcontrataci\u00f3n acompa\u00f1ados de una propaganda que le define como \u201csocio estrat\u00e9gico\u201d. Son presa del miedo a la Revoluci\u00f3n Iran\u00ed y del aumento del poder de Ir\u00e1n en la regi\u00f3n. Refuerzan la cooperaci\u00f3n estrat\u00e9gica con los sionistas israel\u00edes contra los pueblos \u00e1rabes comprometi\u00e9ndose m\u00e1s efectivamente con la estrategia hegem\u00f3nica de USA. Permiten la utilizaci\u00f3n del territorio de Turqu\u00eda por parte de los invasores americanos apoyando la ocupaci\u00f3n de Irak. A los Estados Unidos les interesa fomentar la idea del \u201cIslam secular\u201d de Turqu\u00eda frente al denominado \u201cIslam radical\u201d de Ir\u00e1n y de algunos otros pa\u00edses de Oriente Medio que \u201cpermiten\u201d pol\u00edticas antiamericanas. Adem\u00e1s cuentan con la absoluta fidelidad de sus colaboradores turcos. Es en virtud de los intereses de Estados Unidos que se produce esta exaltaci\u00f3n de Turqu\u00eda como \u201cpa\u00eds poderoso y ejemplar en la regi\u00f3n\u201d<\/p>\n<p>Sin embargo, el prestigio de Estados Unidos a los ojos de los pueblos de la regi\u00f3n ha sido da\u00f1ado. El que millones de musulmanes hayan sido asesinados en Irak y Afganist\u00e1n en nombre de la \u201clucha contra el terrorismo\u201d ha levantado las iras contra la hipocres\u00eda imperialista puesto que la raz\u00f3n fundamenta de la ocupaci\u00f3n ha sido la apropiaci\u00f3n del petr\u00f3leo y otros recursos energ\u00e9ticos. La administraci\u00f3n de Estados Unidos ha sido forzada a realizar un cambio t\u00e1ctico. Las denominadas pol\u00edticas de paz iniciadas por la administraci\u00f3n Obama son el resultado de esta situaci\u00f3n. Esta pol\u00edtica ha sido vista como \u201cnecesaria\u201d para que la pol\u00edtica expansionista tenga \u00e9xito. Lo que se espera de los gobernantes de Turqu\u00eda es que se adapten y apoyen esta pol\u00edtica.<\/p>\n<p>El papel y el poder de Turqu\u00eda cobran sentido dentro de las pol\u00edticas estadounidenses. A Turqu\u00eda se le pide que \u201cdesarrolle relaciones amistosas\u201d con los pa\u00edses de la regi\u00f3n. As\u00ed, la imagen de Turqu\u00eda como \u201cun pa\u00eds indispensable\u201d crecer\u00e1 y los portavoces del gobierno podr\u00e1n mantener la afirmaci\u00f3n \u2013hasta el punto de ser convincentes- de ser \u201cel pa\u00eds m\u00e1s fuerte de la regi\u00f3n\u201d poniendo como ejemplo los negociaciones con los pa\u00edses vecinos comentadas anteriormente. Los Estados Unidos pidieron la \u201cnormalizaci\u00f3n de las relaciones\u201d. Consecuentemente, los gobernantes turcos se pusieron r\u00e1pidamente manos a la obra. La cerradura de este arrogante \u201cNuevo Pro-Otomanismo\u201d est\u00e1 en manos del gobierno, mientras que la llave se encuentra en el bolsillo de la administraci\u00f3n Obama.<\/p>\n<p><strong>\u00a0<\/strong><strong>LA ERA<\/strong><strong> OTOMANA<\/strong><strong> NO PUEDE SER REVITALIZADA<\/strong><\/p>\n<p>El imperio Otomano, militarista, feudal y poderoso, domin\u00f3 un \u00e1rea enorme extendiendo su hegemon\u00eda mediante la ocupaci\u00f3n de territorios y pa\u00edses que, despu\u00e9s, cayeron en \u201cla basura de la historia\u201d al vivir un innegable colapso en t\u00e9rminos de desarrollo hist\u00f3rico y social. Es imposible dar vida de nuevo a ese cad\u00e1ver. Las nuevas potencias hegem\u00f3nicas imperialistas del mundo se han convertido en los \u201cimperios\u201d capitalistas del \u00faltimo siglo. Ellos son los que tienen el poder real mientras que el \u201cNuevo Pro-Otamanismo\u201d tan solo se pavonea.<\/p>\n<p><u>\u00a0<\/u><\/p>\n<p>Lo que quieren quienes defienden la fantas\u00eda del nuevo otomanismo es tener acceso a una parte del petr\u00f3leo y recursos energ\u00e9ticos de la zona, reivindican que Mosul y Kirkuk son \u201ctierras turcas\u201d y pretenden recuperar su influencia sobre el C\u00e1ucaso y los Balcanes agitando el \u201cAsunto de la <em>Turquicidad<a href=\"#_ftn1\" name=\"_ftnref1\"><strong>[1]<\/strong><\/a><\/em>\u201d. Sin embargo, est\u00e1n obligados a contentarse con las d\u00e1divas que se les da a cambio de cumplir con la misi\u00f3n que se les encomienda. No pueden ir m\u00e1s lejos: los \u201csacos<a href=\"#_ftn2\" name=\"_ftnref2\">[2]<\/a>\u201d est\u00e1n preparados caso de que lo intenten.<\/p>\n<p><strong>LA CLASE<\/strong><strong> TRABAJADORA<\/strong><strong> DEBE VER LA REALIDAD<\/strong><\/p>\n<p>La propaganda sobre \u201cel poder de Turqu\u00eda\u201d, aunque corre el riesgo de tensar las relaciones con los pa\u00edses y pueblos vecinos, puede ser efectiva para las masas. El camino que va de \u201cestar a punto del conflicto\u201d a la limpieza de minas y entrada y salida sin necesidad de visa crea una expectativa de mejores relaciones. El desarrollo de pol\u00edticas pro-estadounidenses en Irak, Siria, Armenia y el Kurdist\u00e1n iraqu\u00ed son vistas como un \u201c\u00e9xito del gobierno y del estado.\u201d Estamos cara a cara ante un tejido pol\u00edtico-militarista y diplom\u00e1tico-econ\u00f3mico cuyo escaparate est\u00e1 decorado con el color verde oliva. El gobierno afirma que est\u00e1 desarrollando el pa\u00eds y la sociedad y que su poder garantiza una vida en paz y seguridad. La trastienda de este escaparate es un completo arsenal.<\/p>\n<p>A los misiles nucleares \u201cdesplegados\u201d en Incirlik y otras 20 bases americanas aproximadamente, se a\u00f1adir\u00e1n los \u201cPatriots\u201d. Mientras aumenta la pobreza, el hambre y el desempleo, se est\u00e1n despilfarrando recursos presupuestarios en el terreno militar. La pol\u00edtica colaboracionista se refuerza de acuerdo con la estrategia de USA y la OTAN seg\u00fan la cual \u201ctodo es negociable, desde la diplomacia hasta las ocupaciones\u201d. Esta pol\u00edtica lleva inexorablemente a tensar las relaciones con Rusia e Ir\u00e1n<strong>.<\/strong> La ofensiva contra la lucha kurda revela la hipocres\u00eda de una ilusoria pacificaci\u00f3n.<\/p>\n<p>La burgues\u00eda y su gobierno luchan por sus intereses. Su pol\u00edtica \u201cde paz\u201d no puede depender de intenciones y deseos. La cuesti\u00f3n determinante es la relaci\u00f3n de poderes. La burgues\u00eda y sus representantes quieren transformar las demandas de las masas en fuerzas impulsoras de sus pol\u00edticas. Va en inter\u00e9s de la clase trabajadora el no permitirles hacer esto y desvelar la verdad.<\/p>\n<p><a href=\"#_ftnref1\" name=\"_ftn1\">[1]<\/a> Se refiere al hecho de la existencia de muchos turcomanos en los pa\u00edses vecinos, que son utilizados por Turqu\u00eda para defender sus intereses en la zona.<\/p>\n<p><a href=\"#_ftnref2\" name=\"_ftn2\">[2]<\/a> El 4 de junio de 2003, soldados americanos cubrieron con sacos las cabezas de soldados turcos.<\/p>\n","protected":false},"excerpt":{"rendered":"<p>Los dirigentes del PJD (Partido Justicia y Desarrollo \u2013AKP en sus siglas en turco) llevan un tiempo hablando del Imperio Otomano como un modelo a seguir, y comparando la pol\u00edtica de Turqu\u00eda con el poder y autoconfianza de la \u00e9poca otomana. El Primer Ministro, Tayyip Erdogan acaba de declarar: \u201cTenemos que llevar a la Rep\u00fablica&#8230;<\/p>\n","protected":false},"author":1,"featured_media":0,"comment_status":"closed","ping_status":"open","sticky":false,"template":"","format":"standard","meta":{"footnotes":""},"categories":[33],"tags":[],"class_list":["post-874","post","type-post","status-publish","format-standard","hentry","category-espanol"],"yoast_head":"<!-- This site is optimized with the Yoast SEO plugin v27.2 - https:\/\/yoast.com\/product\/yoast-seo-wordpress\/ -->\n<title>\u00bfEs posible un nuevo per\u00edodo otomano? - Partido del Trabajo (EMEP)<\/title>\n<meta name=\"robots\" content=\"index, follow, max-snippet:-1, max-image-preview:large, max-video-preview:-1\" \/>\n<link rel=\"canonical\" href=\"https:\/\/emep.org\/es\/1-2\" \/>\n<meta property=\"og:locale\" content=\"tr_TR\" \/>\n<meta property=\"og:type\" content=\"article\" \/>\n<meta property=\"og:title\" content=\"\u00bfEs posible un nuevo per\u00edodo otomano? - Partido del Trabajo (EMEP)\" \/>\n<meta property=\"og:description\" content=\"Los dirigentes del PJD (Partido Justicia y Desarrollo \u2013AKP en sus siglas en turco) llevan un tiempo hablando del Imperio Otomano como un modelo a seguir, y comparando la pol\u00edtica de Turqu\u00eda con el poder y autoconfianza de la \u00e9poca otomana. El Primer Ministro, Tayyip Erdogan acaba de declarar: \u201cTenemos que llevar a la Rep\u00fablica...\" \/>\n<meta property=\"og:url\" content=\"https:\/\/emep.org\/es\/1-2\" \/>\n<meta property=\"og:site_name\" content=\"Partido del Trabajo (EMEP)\" \/>\n<meta property=\"article:published_time\" content=\"2010-12-10T12:49:32+00:00\" \/>\n<meta name=\"author\" content=\"cogbs\" \/>\n<meta name=\"twitter:card\" content=\"summary_large_image\" \/>\n<meta name=\"twitter:label1\" content=\"Yazan:\" \/>\n\t<meta name=\"twitter:data1\" content=\"cogbs\" \/>\n\t<meta name=\"twitter:label2\" content=\"Tahmini okuma s\u00fcresi\" \/>\n\t<meta name=\"twitter:data2\" content=\"9 dakika\" \/>\n<script type=\"application\/ld+json\" class=\"yoast-schema-graph\">{\"@context\":\"https:\/\/schema.org\",\"@graph\":[{\"@type\":\"Article\",\"@id\":\"https:\/\/emep.org\/es\/1-2#article\",\"isPartOf\":{\"@id\":\"https:\/\/emep.org\/es\/1-2\"},\"author\":{\"name\":\"cogbs\",\"@id\":\"https:\/\/emep.org\/es\/#\/schema\/person\/2de7e62bd3cb0bafdbe6b129009be3d0\"},\"headline\":\"\u00bfEs posible un nuevo per\u00edodo otomano?\",\"datePublished\":\"2010-12-10T12:49:32+00:00\",\"mainEntityOfPage\":{\"@id\":\"https:\/\/emep.org\/es\/1-2\"},\"wordCount\":1787,\"articleSection\":[\"espanol\"],\"inLanguage\":\"tr\"},{\"@type\":\"WebPage\",\"@id\":\"https:\/\/emep.org\/es\/1-2\",\"url\":\"https:\/\/emep.org\/es\/1-2\",\"name\":\"\u00bfEs posible un nuevo per\u00edodo otomano? - Partido del Trabajo (EMEP)\",\"isPartOf\":{\"@id\":\"https:\/\/emep.org\/es\/#website\"},\"datePublished\":\"2010-12-10T12:49:32+00:00\",\"author\":{\"@id\":\"https:\/\/emep.org\/es\/#\/schema\/person\/2de7e62bd3cb0bafdbe6b129009be3d0\"},\"breadcrumb\":{\"@id\":\"https:\/\/emep.org\/es\/1-2#breadcrumb\"},\"inLanguage\":\"tr\",\"potentialAction\":[{\"@type\":\"ReadAction\",\"target\":[\"https:\/\/emep.org\/es\/1-2\"]}]},{\"@type\":\"BreadcrumbList\",\"@id\":\"https:\/\/emep.org\/es\/1-2#breadcrumb\",\"itemListElement\":[{\"@type\":\"ListItem\",\"position\":1,\"name\":\"Home\",\"item\":\"https:\/\/emep.org\/es\/\"},{\"@type\":\"ListItem\",\"position\":2,\"name\":\"\u00bfEs posible un nuevo per\u00edodo otomano?\"}]},{\"@type\":\"WebSite\",\"@id\":\"https:\/\/emep.org\/es\/#website\",\"url\":\"https:\/\/emep.org\/es\/\",\"name\":\"Partido del Trabajo (EMEP)\",\"description\":\"\u00a1Trabajadores del mundo, \u00fananse!\",\"potentialAction\":[{\"@type\":\"SearchAction\",\"target\":{\"@type\":\"EntryPoint\",\"urlTemplate\":\"https:\/\/emep.org\/es\/?s={search_term_string}\"},\"query-input\":{\"@type\":\"PropertyValueSpecification\",\"valueRequired\":true,\"valueName\":\"search_term_string\"}}],\"inLanguage\":\"tr\"},{\"@type\":\"Person\",\"@id\":\"https:\/\/emep.org\/es\/#\/schema\/person\/2de7e62bd3cb0bafdbe6b129009be3d0\",\"name\":\"cogbs\",\"sameAs\":[\"https:\/\/emep.org\/es\"],\"url\":\"https:\/\/emep.org\/es\/author\/cogbs\"}]}<\/script>\n<!-- \/ Yoast SEO plugin. -->","yoast_head_json":{"title":"\u00bfEs posible un nuevo per\u00edodo otomano? - Partido del Trabajo (EMEP)","robots":{"index":"index","follow":"follow","max-snippet":"max-snippet:-1","max-image-preview":"max-image-preview:large","max-video-preview":"max-video-preview:-1"},"canonical":"https:\/\/emep.org\/es\/1-2","og_locale":"tr_TR","og_type":"article","og_title":"\u00bfEs posible un nuevo per\u00edodo otomano? - Partido del Trabajo (EMEP)","og_description":"Los dirigentes del PJD (Partido Justicia y Desarrollo \u2013AKP en sus siglas en turco) llevan un tiempo hablando del Imperio Otomano como un modelo a seguir, y comparando la pol\u00edtica de Turqu\u00eda con el poder y autoconfianza de la \u00e9poca otomana. El Primer Ministro, Tayyip Erdogan acaba de declarar: \u201cTenemos que llevar a la Rep\u00fablica...","og_url":"https:\/\/emep.org\/es\/1-2","og_site_name":"Partido del Trabajo (EMEP)","article_published_time":"2010-12-10T12:49:32+00:00","author":"cogbs","twitter_card":"summary_large_image","twitter_misc":{"Yazan:":"cogbs","Tahmini okuma s\u00fcresi":"9 dakika"},"schema":{"@context":"https:\/\/schema.org","@graph":[{"@type":"Article","@id":"https:\/\/emep.org\/es\/1-2#article","isPartOf":{"@id":"https:\/\/emep.org\/es\/1-2"},"author":{"name":"cogbs","@id":"https:\/\/emep.org\/es\/#\/schema\/person\/2de7e62bd3cb0bafdbe6b129009be3d0"},"headline":"\u00bfEs posible un nuevo per\u00edodo otomano?","datePublished":"2010-12-10T12:49:32+00:00","mainEntityOfPage":{"@id":"https:\/\/emep.org\/es\/1-2"},"wordCount":1787,"articleSection":["espanol"],"inLanguage":"tr"},{"@type":"WebPage","@id":"https:\/\/emep.org\/es\/1-2","url":"https:\/\/emep.org\/es\/1-2","name":"\u00bfEs posible un nuevo per\u00edodo otomano? - Partido del Trabajo (EMEP)","isPartOf":{"@id":"https:\/\/emep.org\/es\/#website"},"datePublished":"2010-12-10T12:49:32+00:00","author":{"@id":"https:\/\/emep.org\/es\/#\/schema\/person\/2de7e62bd3cb0bafdbe6b129009be3d0"},"breadcrumb":{"@id":"https:\/\/emep.org\/es\/1-2#breadcrumb"},"inLanguage":"tr","potentialAction":[{"@type":"ReadAction","target":["https:\/\/emep.org\/es\/1-2"]}]},{"@type":"BreadcrumbList","@id":"https:\/\/emep.org\/es\/1-2#breadcrumb","itemListElement":[{"@type":"ListItem","position":1,"name":"Home","item":"https:\/\/emep.org\/es\/"},{"@type":"ListItem","position":2,"name":"\u00bfEs posible un nuevo per\u00edodo otomano?"}]},{"@type":"WebSite","@id":"https:\/\/emep.org\/es\/#website","url":"https:\/\/emep.org\/es\/","name":"Partido del Trabajo (EMEP)","description":"\u00a1Trabajadores del mundo, \u00fananse!","potentialAction":[{"@type":"SearchAction","target":{"@type":"EntryPoint","urlTemplate":"https:\/\/emep.org\/es\/?s={search_term_string}"},"query-input":{"@type":"PropertyValueSpecification","valueRequired":true,"valueName":"search_term_string"}}],"inLanguage":"tr"},{"@type":"Person","@id":"https:\/\/emep.org\/es\/#\/schema\/person\/2de7e62bd3cb0bafdbe6b129009be3d0","name":"cogbs","sameAs":["https:\/\/emep.org\/es"],"url":"https:\/\/emep.org\/es\/author\/cogbs"}]}},"_links":{"self":[{"href":"https:\/\/emep.org\/es\/wp-json\/wp\/v2\/posts\/874","targetHints":{"allow":["GET"]}}],"collection":[{"href":"https:\/\/emep.org\/es\/wp-json\/wp\/v2\/posts"}],"about":[{"href":"https:\/\/emep.org\/es\/wp-json\/wp\/v2\/types\/post"}],"author":[{"embeddable":true,"href":"https:\/\/emep.org\/es\/wp-json\/wp\/v2\/users\/1"}],"replies":[{"embeddable":true,"href":"https:\/\/emep.org\/es\/wp-json\/wp\/v2\/comments?post=874"}],"version-history":[{"count":0,"href":"https:\/\/emep.org\/es\/wp-json\/wp\/v2\/posts\/874\/revisions"}],"wp:attachment":[{"href":"https:\/\/emep.org\/es\/wp-json\/wp\/v2\/media?parent=874"}],"wp:term":[{"taxonomy":"category","embeddable":true,"href":"https:\/\/emep.org\/es\/wp-json\/wp\/v2\/categories?post=874"},{"taxonomy":"post_tag","embeddable":true,"href":"https:\/\/emep.org\/es\/wp-json\/wp\/v2\/tags?post=874"}],"curies":[{"name":"wp","href":"https:\/\/api.w.org\/{rel}","templated":true}]}}