{"id":876,"date":"2010-12-15T15:53:41","date_gmt":"2010-12-15T12:53:41","guid":{"rendered":"http:\/\/emep.org\/?p=876"},"modified":"2010-12-15T15:53:41","modified_gmt":"2010-12-15T12:53:41","slug":"2-2","status":"publish","type":"post","link":"https:\/\/emep.org\/es\/2-2","title":{"rendered":"No a la OTAN y a su Sistema de Defensa Antimisiles"},"content":{"rendered":"<style type=\"text\/css\" data-type=\"vc_cmsms_shortcodes-custom-css\"><\/style><p>066El gobierno del Partido Justicia y Desarrollo (PJD) sigue mintiendo a los pueblos de Turqu\u00eda. Antes de la reuni\u00f3n de la OTAN en Lisboa, las autoridades del PJD, el Primer Ministro Erdogan y el Ministro de Asuntos Exteriores Davutoglu declararon que ten\u00edan objeciones a ciertos art\u00edculos del Proyecto del Sistema de Defensa Antimisiles incluido en la agenda de la OTAN. Tras la reuni\u00f3n de Lisboa, en la que Turqu\u00eda estuvo representada por el Presidente Abdullah G\u00fcl, las declaraciones oficiales dec\u00edan que Turqu\u00eda hab\u00eda tenido \u00e9xito en sus propuestas, como si las objeciones al proyecto hubieran sido tenidas en cuenta realmente. Durante el encuentro de Lisboa, se aprob\u00f3 el Proyecto de Defensa Antimisiles; se debati\u00f3 sobre las relaciones entre la OTAN y la UE tanto con pa\u00edses europeos que no pertenecen a la OTAN, como con miembros no europeos que forman parte de la OTAN, y se actualiz\u00f3 la hoja de ruta y adoptaron nuevas decisiones sobre la ocupaci\u00f3n de Afganist\u00e1n. Las objeciones del gobierno del PJD al proyecto consist\u00edan en la no menci\u00f3n del nombre de ning\u00fan pa\u00eds, que no se organizara contra ning\u00fan pa\u00eds en particular (enti\u00e9ndase Ir\u00e1n) y especificando exactamente d\u00f3nde ser\u00edan emplazados los Sistemas de Defensa Antimisiles y d\u00f3nde ser\u00edan alcanzados los misiles disparados por el enemigo.<\/p>\n<p>Ninguna de estas objeciones fue incluida en la agenda durante la cumbre de Lisboa. A pesar de no mencionar el nombre de ning\u00fan pa\u00eds en concreto, es obvio que Proyecto del Sistema de Defensa Antimisiles se organiza contra los pueblos del Medio Oriente, en particular de Ir\u00e1n y de Siria. Algunos asuntos esenciales como d\u00f3nde ser\u00edan interceptados exactamente los misiles enemigos, en que pa\u00eds se emplazar\u00eda el Sistema y qui\u00e9n apretar\u00eda el bot\u00f3n de disparo no fueron negociados durante la cumbre de Lisboa. Una vez que el Sistema est\u00e9 en funcionamiento, sean cuales sean las objeciones del gobierno del PJD, ser\u00e1 la administraci\u00f3n de Estados Unidos, como l\u00edder de la OTAN, la que est\u00e9 a cargo de la toma de decisiones y de apretar el bot\u00f3n de disparo.<\/p>\n<p>Este Proyecto tambi\u00e9n allana el camino para la venta de misiles y su correspondiente software a Turqu\u00eda y a otros miembros de la OTAN. Los monopolios armament\u00edsticos de USA son ciertamente los verdaderos beneficiarios del Proyecto. El Proyecto de Defensa Antimisiles caus\u00f3 el colapso de la pol\u00edtica exterior del PJD. La pol\u00edtica denominada \u201ccero problemas con los pa\u00edses vecinos\u201d, supuestamente desarrollada por el Ministro de Asuntos Exteriores Davutoglu, tambi\u00e9n ha resultado ser una mentira monstruosa. El Proyecto de Defensa Antimisiles significa problemas con los vecinos; supone la participaci\u00f3n de Turqu\u00eda como polic\u00eda de fronteras en la amenaza impuesta por la UE y USA a los pa\u00edses vecinos.<\/p>\n<p>Tambi\u00e9n significa tomar parte en el conflicto en el lado de Israel en apoyo a USA. Desde el d\u00eda de su fundaci\u00f3n, nuestro partido (EMEP) defiende la idea de que Turqu\u00eda deber\u00eda de abandonar la OTAN. La OTAN no es una organizaci\u00f3n de defensa; es una m\u00e1quina de guerra que amenaza a los pueblos del mundo y que act\u00faa como gendarme del capital imperialista internacional. La OTAN, que durante mucho tiempo trat\u00f3 de enga\u00f1ar a los pueblos del mundo con la gran mentira de que defend\u00eda la denominada Paz Mundial contra la amenaza que supon\u00eda la URSS y el Tratado de Varsovia, ha incrementado su poder y reforzado su presencia tras el colapso de la URSS y del Tratado de Varsovia. Cuando se tiene en cuenta el papel de la OTAN en las recientes ocupaciones y ataques, queda claro que la OTAN no es una organizaci\u00f3n que proteja la Paz Mundial, sino que la amenaza. Turqu\u00eda deber\u00eda abandonar inmediatamente su pertenencia a la OTAN y centrarse en fomentar la paz y las pol\u00edticas de amistad con sus vecinos.<\/p>\n<p>La OTAN debe de ser desmantelada.<\/p>\n<p>Las armas nucleares deben de ser erradicadas.<\/p>\n<p>La carrera armament\u00edstica provocada por los monopolios imperialistas debe acabar.<\/p>\n<p><strong>Kamil Tekin Surek<\/strong><strong><br \/>\n<strong>Vice-Presidente<\/strong><\/strong><\/p>\n","protected":false},"excerpt":{"rendered":"<p>066El gobierno del Partido Justicia y Desarrollo (PJD) sigue mintiendo a los pueblos de Turqu\u00eda. Antes de la reuni\u00f3n de la OTAN en Lisboa, las autoridades del PJD, el Primer Ministro Erdogan y el Ministro de Asuntos Exteriores Davutoglu declararon que ten\u00edan objeciones a ciertos art\u00edculos del Proyecto del Sistema de Defensa Antimisiles incluido en&#8230;<\/p>\n","protected":false},"author":1,"featured_media":0,"comment_status":"closed","ping_status":"open","sticky":false,"template":"","format":"standard","meta":{"footnotes":""},"categories":[33],"tags":[],"class_list":["post-876","post","type-post","status-publish","format-standard","hentry","category-espanol"],"yoast_head":"<!-- This site is optimized with the Yoast SEO plugin v27.2 - https:\/\/yoast.com\/product\/yoast-seo-wordpress\/ -->\n<title>No a la OTAN y a su Sistema de Defensa Antimisiles - Partido del Trabajo (EMEP)<\/title>\n<meta name=\"robots\" content=\"index, follow, max-snippet:-1, max-image-preview:large, max-video-preview:-1\" \/>\n<link rel=\"canonical\" href=\"https:\/\/emep.org\/es\/2-2\" \/>\n<meta property=\"og:locale\" content=\"tr_TR\" \/>\n<meta property=\"og:type\" content=\"article\" \/>\n<meta property=\"og:title\" content=\"No a la OTAN y a su Sistema de Defensa Antimisiles - Partido del Trabajo (EMEP)\" \/>\n<meta property=\"og:description\" content=\"066El gobierno del Partido Justicia y Desarrollo (PJD) sigue mintiendo a los pueblos de Turqu\u00eda. Antes de la reuni\u00f3n de la OTAN en Lisboa, las autoridades del PJD, el Primer Ministro Erdogan y el Ministro de Asuntos Exteriores Davutoglu declararon que ten\u00edan objeciones a ciertos art\u00edculos del Proyecto del Sistema de Defensa Antimisiles incluido en...\" \/>\n<meta property=\"og:url\" content=\"https:\/\/emep.org\/es\/2-2\" \/>\n<meta property=\"og:site_name\" content=\"Partido del Trabajo (EMEP)\" \/>\n<meta property=\"article:published_time\" content=\"2010-12-15T12:53:41+00:00\" \/>\n<meta name=\"author\" content=\"cogbs\" \/>\n<meta name=\"twitter:card\" content=\"summary_large_image\" \/>\n<meta name=\"twitter:label1\" content=\"Yazan:\" \/>\n\t<meta name=\"twitter:data1\" content=\"cogbs\" \/>\n\t<meta name=\"twitter:label2\" content=\"Tahmini okuma s\u00fcresi\" \/>\n\t<meta name=\"twitter:data2\" content=\"4 dakika\" \/>\n<script type=\"application\/ld+json\" class=\"yoast-schema-graph\">{\"@context\":\"https:\/\/schema.org\",\"@graph\":[{\"@type\":\"Article\",\"@id\":\"https:\/\/emep.org\/es\/2-2#article\",\"isPartOf\":{\"@id\":\"https:\/\/emep.org\/es\/2-2\"},\"author\":{\"name\":\"cogbs\",\"@id\":\"https:\/\/emep.org\/es\/#\/schema\/person\/2de7e62bd3cb0bafdbe6b129009be3d0\"},\"headline\":\"No a la OTAN y a su Sistema de Defensa Antimisiles\",\"datePublished\":\"2010-12-15T12:53:41+00:00\",\"mainEntityOfPage\":{\"@id\":\"https:\/\/emep.org\/es\/2-2\"},\"wordCount\":726,\"articleSection\":[\"espanol\"],\"inLanguage\":\"tr\"},{\"@type\":\"WebPage\",\"@id\":\"https:\/\/emep.org\/es\/2-2\",\"url\":\"https:\/\/emep.org\/es\/2-2\",\"name\":\"No a la OTAN y a su Sistema de Defensa Antimisiles - Partido del Trabajo (EMEP)\",\"isPartOf\":{\"@id\":\"https:\/\/emep.org\/es\/#website\"},\"datePublished\":\"2010-12-15T12:53:41+00:00\",\"author\":{\"@id\":\"https:\/\/emep.org\/es\/#\/schema\/person\/2de7e62bd3cb0bafdbe6b129009be3d0\"},\"breadcrumb\":{\"@id\":\"https:\/\/emep.org\/es\/2-2#breadcrumb\"},\"inLanguage\":\"tr\",\"potentialAction\":[{\"@type\":\"ReadAction\",\"target\":[\"https:\/\/emep.org\/es\/2-2\"]}]},{\"@type\":\"BreadcrumbList\",\"@id\":\"https:\/\/emep.org\/es\/2-2#breadcrumb\",\"itemListElement\":[{\"@type\":\"ListItem\",\"position\":1,\"name\":\"Home\",\"item\":\"https:\/\/emep.org\/es\/\"},{\"@type\":\"ListItem\",\"position\":2,\"name\":\"No a la OTAN y a su Sistema de Defensa Antimisiles\"}]},{\"@type\":\"WebSite\",\"@id\":\"https:\/\/emep.org\/es\/#website\",\"url\":\"https:\/\/emep.org\/es\/\",\"name\":\"Partido del Trabajo (EMEP)\",\"description\":\"\u00a1Trabajadores del mundo, \u00fananse!\",\"potentialAction\":[{\"@type\":\"SearchAction\",\"target\":{\"@type\":\"EntryPoint\",\"urlTemplate\":\"https:\/\/emep.org\/es\/?s={search_term_string}\"},\"query-input\":{\"@type\":\"PropertyValueSpecification\",\"valueRequired\":true,\"valueName\":\"search_term_string\"}}],\"inLanguage\":\"tr\"},{\"@type\":\"Person\",\"@id\":\"https:\/\/emep.org\/es\/#\/schema\/person\/2de7e62bd3cb0bafdbe6b129009be3d0\",\"name\":\"cogbs\",\"sameAs\":[\"https:\/\/emep.org\/es\"],\"url\":\"https:\/\/emep.org\/es\/author\/cogbs\"}]}<\/script>\n<!-- \/ Yoast SEO plugin. -->","yoast_head_json":{"title":"No a la OTAN y a su Sistema de Defensa Antimisiles - Partido del Trabajo (EMEP)","robots":{"index":"index","follow":"follow","max-snippet":"max-snippet:-1","max-image-preview":"max-image-preview:large","max-video-preview":"max-video-preview:-1"},"canonical":"https:\/\/emep.org\/es\/2-2","og_locale":"tr_TR","og_type":"article","og_title":"No a la OTAN y a su Sistema de Defensa Antimisiles - Partido del Trabajo (EMEP)","og_description":"066El gobierno del Partido Justicia y Desarrollo (PJD) sigue mintiendo a los pueblos de Turqu\u00eda. Antes de la reuni\u00f3n de la OTAN en Lisboa, las autoridades del PJD, el Primer Ministro Erdogan y el Ministro de Asuntos Exteriores Davutoglu declararon que ten\u00edan objeciones a ciertos art\u00edculos del Proyecto del Sistema de Defensa Antimisiles incluido en...","og_url":"https:\/\/emep.org\/es\/2-2","og_site_name":"Partido del Trabajo (EMEP)","article_published_time":"2010-12-15T12:53:41+00:00","author":"cogbs","twitter_card":"summary_large_image","twitter_misc":{"Yazan:":"cogbs","Tahmini okuma s\u00fcresi":"4 dakika"},"schema":{"@context":"https:\/\/schema.org","@graph":[{"@type":"Article","@id":"https:\/\/emep.org\/es\/2-2#article","isPartOf":{"@id":"https:\/\/emep.org\/es\/2-2"},"author":{"name":"cogbs","@id":"https:\/\/emep.org\/es\/#\/schema\/person\/2de7e62bd3cb0bafdbe6b129009be3d0"},"headline":"No a la OTAN y a su Sistema de Defensa Antimisiles","datePublished":"2010-12-15T12:53:41+00:00","mainEntityOfPage":{"@id":"https:\/\/emep.org\/es\/2-2"},"wordCount":726,"articleSection":["espanol"],"inLanguage":"tr"},{"@type":"WebPage","@id":"https:\/\/emep.org\/es\/2-2","url":"https:\/\/emep.org\/es\/2-2","name":"No a la OTAN y a su Sistema de Defensa Antimisiles - Partido del Trabajo (EMEP)","isPartOf":{"@id":"https:\/\/emep.org\/es\/#website"},"datePublished":"2010-12-15T12:53:41+00:00","author":{"@id":"https:\/\/emep.org\/es\/#\/schema\/person\/2de7e62bd3cb0bafdbe6b129009be3d0"},"breadcrumb":{"@id":"https:\/\/emep.org\/es\/2-2#breadcrumb"},"inLanguage":"tr","potentialAction":[{"@type":"ReadAction","target":["https:\/\/emep.org\/es\/2-2"]}]},{"@type":"BreadcrumbList","@id":"https:\/\/emep.org\/es\/2-2#breadcrumb","itemListElement":[{"@type":"ListItem","position":1,"name":"Home","item":"https:\/\/emep.org\/es\/"},{"@type":"ListItem","position":2,"name":"No a la OTAN y a su Sistema de Defensa Antimisiles"}]},{"@type":"WebSite","@id":"https:\/\/emep.org\/es\/#website","url":"https:\/\/emep.org\/es\/","name":"Partido del Trabajo (EMEP)","description":"\u00a1Trabajadores del mundo, \u00fananse!","potentialAction":[{"@type":"SearchAction","target":{"@type":"EntryPoint","urlTemplate":"https:\/\/emep.org\/es\/?s={search_term_string}"},"query-input":{"@type":"PropertyValueSpecification","valueRequired":true,"valueName":"search_term_string"}}],"inLanguage":"tr"},{"@type":"Person","@id":"https:\/\/emep.org\/es\/#\/schema\/person\/2de7e62bd3cb0bafdbe6b129009be3d0","name":"cogbs","sameAs":["https:\/\/emep.org\/es"],"url":"https:\/\/emep.org\/es\/author\/cogbs"}]}},"_links":{"self":[{"href":"https:\/\/emep.org\/es\/wp-json\/wp\/v2\/posts\/876","targetHints":{"allow":["GET"]}}],"collection":[{"href":"https:\/\/emep.org\/es\/wp-json\/wp\/v2\/posts"}],"about":[{"href":"https:\/\/emep.org\/es\/wp-json\/wp\/v2\/types\/post"}],"author":[{"embeddable":true,"href":"https:\/\/emep.org\/es\/wp-json\/wp\/v2\/users\/1"}],"replies":[{"embeddable":true,"href":"https:\/\/emep.org\/es\/wp-json\/wp\/v2\/comments?post=876"}],"version-history":[{"count":0,"href":"https:\/\/emep.org\/es\/wp-json\/wp\/v2\/posts\/876\/revisions"}],"wp:attachment":[{"href":"https:\/\/emep.org\/es\/wp-json\/wp\/v2\/media?parent=876"}],"wp:term":[{"taxonomy":"category","embeddable":true,"href":"https:\/\/emep.org\/es\/wp-json\/wp\/v2\/categories?post=876"},{"taxonomy":"post_tag","embeddable":true,"href":"https:\/\/emep.org\/es\/wp-json\/wp\/v2\/tags?post=876"}],"curies":[{"name":"wp","href":"https:\/\/api.w.org\/{rel}","templated":true}]}}