{"id":884,"date":"2013-06-16T16:04:29","date_gmt":"2013-06-16T13:04:29","guid":{"rendered":"http:\/\/emep.org\/?p=884"},"modified":"2013-06-16T16:04:29","modified_gmt":"2013-06-16T13:04:29","slug":"5","status":"publish","type":"post","link":"https:\/\/emep.org\/es\/5","title":{"rendered":"La resistencia entorno al Parque Gezi necesita crecer"},"content":{"rendered":"<style type=\"text\/css\" data-type=\"vc_cmsms_shortcodes-custom-css\"><\/style><p>&nbsp;<\/p>\n<p>La dirigente del Partido del Trabajo (EMEP), Selma G\u00fcrkan, declar\u00f3 que la resistencia que comenz\u00f3 en el Parque Gezi se ampli\u00f3 hasta convertirse en una oposici\u00f3n a las pol\u00edticas del gobierno del AKP (partido de derecha). En cuanto a la postura del primer ministro, Selma dijo: &#8220;Esto no es solo insistencia en el asunto del edificio-cuartel [proyecto a construir en el parque]. El primer ministro sabe que si da un paso atr\u00e1s otras luchas tomar\u00e1n ejemplo&#8221;. Selma respondi\u00f3 a nuestras preguntas, dejando claro que la desarrollo de esta lucha es la responsabilidad inmediata de todas las fuerzas obreras y democr\u00e1ticas.<\/p>\n<p>&nbsp;<\/p>\n<p>\u00bfQu\u00e9 piensa sobre el movimiento popular iniciado por la defensa de los \u00e1rboles en el Parque Gezi?<\/p>\n<p>La voluntad y la resistencia demostrada por el pueblo ante la intervenci\u00f3n fluctuante y los ataques no se han desarrollado de la noche a la ma\u00f1ana. Es una manifestaci\u00f3n de la reacci\u00f3n acumulada por las pol\u00edticas del gobierno que hace v\u00edctima a su propia poblaci\u00f3n. Es un reflejo de los ataques pol\u00edticos.<\/p>\n<p>&nbsp;<\/p>\n<p><strong>El movimiento parece estar en contra del Primer Ministro. Las masas marchan a la oficina del primer ministro en lugar de al Parlamento. Las consignas sobre la dimisi\u00f3n del Erdogan son los m\u00e1s comunes &#8230;<\/strong><\/p>\n<p>La raz\u00f3n es la posici\u00f3n del primer ministro y sus declaraciones; agresivas y provocadoras. Por esto el primer ministro es la cara visible de las pol\u00edticas del gobierno y el objeto de las protestas. Tanto en sus discursos en T\u00fanez como en su regreso a Estambul, as\u00ed como con sus declaraciones p\u00fablicas en Mersin, Adana y Ankara; la definici\u00f3n m\u00e1s suave que dio de los manifestantes fue bandidos, saqueadores, sinverg\u00fcenzas &#8230; Desde el principio, se ha utilizado un lenguaje similar en contra de todo lo que se ha opuesto o resistido a \u00e9l. Por ejemplo diciendo a los agricultores que &#8220;se vayan con su madre&#8221;, tildando las protestas de los ciudadanos como &#8220;ideol\u00f3gicas, agitaci\u00f3n&#8221;, etc. \u00c9l est\u00e1 utilizando definiciones completamente falsas contra la Resistencia en Gezi. El p\u00fablico ha sido testigo de la dosis de violencia desplegada por la polic\u00eda y sus acompa\u00f1antes civiles armados con palos. Por supuesto, cualquier movimiento que consiste s\u00f3lo en vandalismo no se puede aceptar y da\u00f1ar\u00e1 su legitimidad. Pero, qu\u00e9 deber\u00eda hacer la gente al enfrentarse con bombas de gas, <strong>TOMAs<\/strong> y balas de goma. Ellos resisten con raz\u00f3n. Se trata de que los ataques policiales se ensa\u00f1an en aquellas personas que utilizan como escudo tableros publicitarios y paradas de autob\u00fas. Estos ataques no provocados son la raz\u00f3n de que esta lucha a sea tan popular entre la gente.<\/p>\n<p>&nbsp;<\/p>\n<p><strong>Adem\u00e1s de &#8220;agitaci\u00f3n por influencias externas&#8221;, el primer ministro tambi\u00e9n est\u00e1 hablando internamente sobre el vest\u00edbulo inter\u00e9s, Ergenekon y los partidarios de un golpe de Estado. \u00bfHay algo de cierto en esto?<\/strong><\/p>\n<p>La historia se repite. Son las mismas mentiras del gobierno que sol\u00eda escuchar en mi infancia. Si tenemos que llamar la atenci\u00f3n sobre alguna propaganda debe ser sobre la del pensamiento que bloquea los sentidos y los corazones de la gente, que les oprime, sobre los gases, las porras y sus asesinatos. Si existe un lobby de inter\u00e9s, entonces el gobierno debe mirar a sus propias relaciones financieras. No son los manifestantes del Parque Gezi los que\u00a0 intercambian dinero con las instituciones financieras internacionales. Ver este movimiento, estas luchas, como un intento de golpe de Estado es una absoluta falta de sentido com\u00fan. El primer ministro cree que su interpretaci\u00f3n como la v\u00edctima de un golpe de Estado aumentar\u00e1 su reputaci\u00f3n pol\u00edtica. Por el contrario, es bien sabido que para poner en orden la opini\u00f3n p\u00fablica, la oposici\u00f3n, los medios de comunicaci\u00f3n, el poder judicial, las universidades, etc., \u00a0Erdo\u011fan utiliza t\u00e1cticas que no difieren mucho de las de un golpe de Estado. Estos m\u00e9todos cl\u00e1sicos para desacreditar a la resistencia popular simplemente ya no funcionan.<\/p>\n<p>&nbsp;<\/p>\n<p><strong>La postura del Primer Ministro era dura antes de ir a T\u00fanez. La expectativa de una moderaci\u00f3n en su postura, a su regreso tambi\u00e9n se demostr\u00f3 inv\u00e1lida. De hecho, hubo una fuerte intervenci\u00f3n en Taksim el 11 de junio.<\/strong><\/p>\n<p>S\u00ed, \u00e9l menciona constantemente su determinaci\u00f3n de reconstruir el cuartel pero esto, como dije antes, no es un empecinamiento con el cuartel. El primer ministro sabe que si da un paso atr\u00e1s otros tomar\u00e1n ejemplo de que se pueden lograr cosas con la lucha. Este es el \u00e9nfasis de toda de su pol\u00edtica en este asunto. Como resultado, se produjo el ataque imprudente del 11 de junio, bajo el pretexto de garantizar la seguridad en Taksim.<\/p>\n<p>&nbsp;<\/p>\n<p><strong>El nivel de participaci\u00f3n entre los j\u00f3venes sorprendi\u00f3 a todos. La juventud las acciones centrales y las mujeres en las acciones locales son destacables. \u00bfQu\u00e9 les ha colocado en un primer plano?<\/strong><\/p>\n<p>Las pol\u00edticas gubernamentales afectan principalmente a j\u00f3venes y mujeres. Los j\u00f3venes, por su car\u00e1cter, rompiendo con lo tradicional; no quieren intervenciones \u00a0en sus vidas como las que estaban produci\u00e9ndose. Est\u00e1n hartos de los cambios en el sistema educativo, de los problemas en la educaci\u00f3n superior y las universidades, del desempleo y de tener un futuro incierto; y las mujeres de la intrusi\u00f3n en sus vidas, de la violencia y de la pobreza.<\/p>\n<p>&nbsp;<\/p>\n<p><strong>Cu\u00e9ntanos sobre las extensi\u00f3n de las protestas del Parque Gezi a 70 ciudades de todo el pa\u00eds.<\/strong><\/p>\n<p>Lo que dijimos sobre los j\u00f3venes y las mujeres podr\u00eda ampliarse a todos los sectores de la sociedad. Todo el mundo sale a las calles en funci\u00f3n de sus propios problemas. Las pol\u00edticas del gobierno afectan negativamente a todos los sectores de la sociedad.<\/p>\n<p>&nbsp;<\/p>\n<p><strong>\u00bfCu\u00e1l ser\u00eda la influencia del proceso de negociaciones de alto el fuego en la resistencia del Parque Gezi o el impacto de esta lucha en el proceso de paz?<\/strong><\/p>\n<p>Definitivamente podemos hablar de un efecto positivo rec\u00edproco. El alto el fuego de los \u00faltimos cinco meses se debilit\u00f3 las posiciones racistas y chovinistas y reforz\u00f3 el surgimiento de este movimiento. Por otro lado, las protestas del Parque Gezi tambi\u00e9n han puesto de manifiesto el anhelo y la demanda popular de democracia, de derechos y libertades. Podemos decir con seguridad que nada va a ser igual a partir de ahora. Durante el proceso de paz, se dijo de la lucha kurda que es un punto de no retorno. Ahora podemos decir lo mismo de la voluntad y la energ\u00eda mostrada por la gente en las calles en la lucha por los derechos y libertades. Los gobiernos tienen que darse cuenta de que no se puede gobernar sin el reconocimiento de la voluntad del pueblo.<\/p>\n<p>&nbsp;<\/p>\n<p><strong>Seg\u00fan \u00a0la llamada a la moderaci\u00f3n &#8211; dirigida principalmente a los manifestantes &#8211; por el sindicato T\u00fcrk-Is (Federaci\u00f3n Sindical de Trabajadores P\u00fablicos), TZOB (Uni\u00f3n de C\u00e1maras de Agricultura), TOBB (Uni\u00f3n de C\u00e1maras de Comerciantes), Hak-Is (Otra federaci\u00f3n de trabajadores pero muy cercana al gobierno) y MEMUR-Sen (Sindicato de Funcionarios del Estado, cercano al gobierno) \u00bfno han tardado demasiado los otros sindicatos en mostrar su reacci\u00f3n?<\/strong><\/p>\n<p>La \u00a0llamada a la moderaci\u00f3n de la gente despu\u00e9s del sufrimiento de los ataques, las lesiones, las muertes y la violencia no va a encontrar buena acogida. Las llamadas a la moderaci\u00f3n deben ser lanzadas desde el gobierno, el Ministerio del Interior, los gobernadores y la polic\u00eda. Tambi\u00e9n hay que se\u00f1alar el apoyo de los sindicatos de oposici\u00f3n; entre los que est\u00e1n TMMOB (Uni\u00f3n de Arquitectos e Ingenieros), TTB (Asociaci\u00f3n M\u00e9dica de Turqu\u00eda) y DISK (Confederaci\u00f3n de Sindicatos de Trabajadores Revolucionarios); y el sindicato Turk-Is a la decisi\u00f3n inicial de ir a la huelga que lanz\u00f3 KESK (Confederaci\u00f3n de Sindicatos de Empleados P\u00fablicos) y el apoyo, aunque t\u00edmido, de esos sindicatos a las protestas en la calle en los primeros momentos del movimiento. Este apoyo fue importante y significativo, a pesar de su timidez. Pero esta unidad no se ha desarrollado m\u00e1s all\u00e1. Las plataformas y comit\u00e9s locales y los sindicatos deben establecer de inmediato una unidad que impulse e incremente el poder de esta lucha.<\/p>\n<p>&nbsp;<\/p>\n<p><strong>\u00bfQu\u00e9 tipo de lecciones se deben aprender de la lucha de los sindicalistas y los trabajadores m\u00e1s conscientes?<\/strong><\/p>\n<p>Los sindicatos deben avanzar r\u00e1pidamente en la organizaci\u00f3n de la unidad entre los trabajadores y los trabajadores p\u00fablicos para desarrollar la unidad de clase. Ahora bien, la organizaci\u00f3n no debe limitarse a esto, todos los sectores de la poblaci\u00f3n involucrados en la lucha -los l\u00edderes locales, asociaciones de vecinos, centros comunitarios, centros religiosos, etc.- que defendieron sus derechos y libertades en las calles y los barrios deben desarrollar y fortalecer su propia organizaci\u00f3n. Desarrollar esta lucha y convertirla en una verdadera oposici\u00f3n popular, difundir la lucha por la democracia en el pa\u00eds, crear la m\u00e1s amplia unidad de los movimientos por la igualdad, la democracia y la paz; estas son las tareas inmediatas que enfrentan las organizaciones obreras, pacifistas y democtr\u00e1ticas, as\u00ed como nuestro partido.<\/p>\n<p>&nbsp;<\/p>\n<p><strong>La reacci\u00f3n a la declaraci\u00f3n de Erdogan &#8220;apenas puedo ahorrar el 50% de mis ingresos&#8221; le ha llevado tener que recordar el resultado electoral en siete ocasiones y a organizar grandes manifestaciones en su apoyo en las principales ciudades. \u00bfQu\u00e9 significa esto?<\/strong><\/p>\n<p>Esto nunca se ha visto en la historia. El gobierno tiene la oportunidad de comunicarse con la poblaci\u00f3n en el momento que quiera. Todo lo que dice aparece\u00a0 en todo tipo de medios de comunicaci\u00f3n. Ya lanz\u00f3 un amenaza a los estudiantes que protestaban contra las irregularidades en los \u00a0ex\u00e1menes. Ahora est\u00e1 organizando m\u00edtines y marchas que generar\u00e1n un enfrentamiento social entre partidarios y detractores. La convocatoria gubernamental del AKP para estas manifestaciones son una llamada a las armas. Por otra parte, est\u00e1 abusando del poder que le proporciona su cargo, chantajeando a trabajadores del sector p\u00fablico que le dan la &#8220;bienvenida&#8221; en las calles, y abusando de los servicios p\u00fablicos como con el uso de veh\u00edculos de transporte p\u00fablico para fines privados. \u00bfD\u00f3nde est\u00e1 la igualdad, la democracia, la justicia en esto? Estas demostraciones no se ve\u00edan desde que Kenan Evren (dictador turco en los a\u00f1os 80) organizara marchas como estas tras el golpe del 12 de septiembre como una demostraci\u00f3n de fuerza y del poder del nuevo gobierno. Si el gobierno de turno realiza marchas como estas, \u00bfen qu\u00e9 se diferencian de las demostraciones de fuerza de unos golpistas?<\/p>\n<p>&nbsp;<\/p>\n<p><strong>Incluso si el Primer Ministro tiene 70% de los votos, \u00bfesto justifica la opresi\u00f3n del otro 30%?<\/strong><\/p>\n<p>Tenemos que examinar esta cuesti\u00f3n -la de la legitimidad del 50% de los votos a la que se refiere Erdogan- \u00a0desde diferentes perspectivas. En primer lugar, \u00bfqu\u00e9 realidad representa esto? Una vez que descontamos los votos que quedan fuera por el umbral electoral, y una vez descontada la abstenci\u00f3n, la participaci\u00f3n se reduce al 49,5%. Por lo tanto, no est\u00e1 claro hasta qu\u00e9 punto \u00e9l representa la voluntad popular. Supongamos que obtuvo el 50%, incluso 90% de los votos. \u00bfEsto significa que el gobierno puede hacer lo que quiere? Veamos el programa electoral del AKP. Acaso fue a la opini\u00f3n p\u00fablica diciendo: &#8220;Vamos a fijar el salario m\u00ednimo en el umbral del hambre. A aumentar el precio de la gasolina, de la electricidad y el agua. Vamos a prohibir el alcohol y los cigarrillos. Vamos a desalojaros de vuestras casas mediante un plan de &#8220;transformaci\u00f3n urbana&#8221;. Vamos a abrir las minas que envenenar\u00e1n vuestras tierras y agua y a arruinar el medio ambiente con nuevas presas. Vamos a reducir las oportunidades de trabajo de vuestros hijos con nuestras pol\u00edticas de empleo. Tendr\u00e1n que pagar m\u00e1s por los servicios de educaci\u00f3n y salud. \u00bfVotar\u00e9is por estas pol\u00edticas?&#8221;. Entre lo que se ha prometido y lo que se hace hay una gran diferencia. \u00bfEn qu\u00e9 fase de la aplicaci\u00f3n de estas medidas ha habido alguna consulta popular? \u00c9l est\u00e1 hablando de un 50% como si hubiera cumplido con sus promesas. La segunda cuesti\u00f3n es la mentira de que una minor\u00eda pretende obligar a una mayor\u00eda. Los manifestantes del Parque Gezi no se quejan de tal o cual aspecto de la mayor\u00eda. Adem\u00e1s, \u00e9l est\u00e1 hablando de mayor\u00edas y minor\u00edas \u00bfde acuerdo con qu\u00e9 criterios? Lo que es importante es que los derechos de la mayor\u00eda y la minor\u00eda est\u00e9n asegurados. \u00c9l est\u00e1 tratando de dividir a la sociedad entre ellos y nosotros, pero los manifestantes del Parque Gezi est\u00e1n dando a su pol\u00edtica la mejor respuesta con variedad y color.<\/p>\n<p>&nbsp;<\/p>\n<p><strong>\u00bfPodr\u00edan las demandas del movimiento del Parque Gezi ser vistas como demandas democr\u00e1ticas? \u00bfC\u00f3mo se puede establecer un v\u00ednculo entre los unos y los otros?<\/strong><\/p>\n<p>Son las demandas m\u00e1s democr\u00e1ticas. Lo que no es democr\u00e1tico es la postura del Primer Ministro, sus pol\u00edticas y su gobierno. Llamar a &#8220;Paralizar la construcci\u00f3n del Cuartel en el Parque Gezi, la demolici\u00f3n del Centro Cultural AKM y la construcci\u00f3n de un tercer puente&#8221; significa detener todas las pol\u00edticas similares del gobierno tales como la construcci\u00f3n de represas, plantas de energ\u00eda, la transformaci\u00f3n urbana y la privatizaci\u00f3n de los bosques y en cambio pasar a proteger tu historia, la naturaleza y el medio ambiente.<\/p>\n<p>La investigaci\u00f3n, expulsi\u00f3n y procesamiento de los gobernadores, jefes de polic\u00eda y secretarios de Estado responsables de los ataques es una reivindicaci\u00f3n hacia el gobierno para no seguir amenazando al pueblo, investigar a los responsables de las agresiones \u00a0y no usar productos qu\u00edmicos contra su propio pueblo .<\/p>\n<p>Es m\u00e1s, las fotos del agente de polic\u00eda que mat\u00f3 a Ethem Sar\u0131s\u00fcl\u00fck en Ankara hab\u00edan sido compartidas en las redes sociales durante d\u00edas y finalmente difundidas por los medios de comunicaci\u00f3n nacionales. Las acciones irresponsables y la hostilidad de este agente, que salt\u00f3 de entre los manifestantes y simplemente dispar\u00f3 al joven trabajador, no pueden ser aceptadas. Interior y la polic\u00eda deben poner inmediatamente a este agente a disposici\u00f3n \u00a0de judicial.<\/p>\n<p>Exigir la libertad de los detenidos en prisi\u00f3n preventiva. No puede ser que el r\u00e9gimen investigue, encause y encarcele a la gente s\u00f3lo porque est\u00e1n en contra de las pol\u00edticas dominantes y por ser cr\u00edticos con ellas, al contrario se deber\u00edan replantear estas pol\u00edticas.<\/p>\n<p>La reivindicaci\u00f3n de abrir las plazas a las personas significa eliminar los obst\u00e1culos a los derechos de los ciudadanos a reunirse y manifestarse y eliminar aquellos contra los medios de comunicaci\u00f3n y la libertad de expresi\u00f3n, en definitiva, permitir espacios disponibles para las masas.<\/p>\n<p>Las reivindicaciones basadas en la igualdad, la solidaridad y la libertad de las protestas del Parque Gezi resumen la necesidad de m\u00e1s democracia en el pa\u00eds. Representa las exigencias b\u00e1sicas de las masas de justicia y libertad de todos los sectores de la sociedad, la igualdad entre turcos y kurdos, la solidaridad entre todas las minor\u00edas nacionales y la igualdad entre todas las creencias \u00a0religiosas.<\/p>\n","protected":false},"excerpt":{"rendered":"<p>&nbsp; La dirigente del Partido del Trabajo (EMEP), Selma G\u00fcrkan, declar\u00f3 que la resistencia que comenz\u00f3 en el Parque Gezi se ampli\u00f3 hasta convertirse en una oposici\u00f3n a las pol\u00edticas del gobierno del AKP (partido de derecha). En cuanto a la postura del primer ministro, Selma dijo: &#8220;Esto no es solo insistencia en el asunto&#8230;<\/p>\n","protected":false},"author":1,"featured_media":0,"comment_status":"closed","ping_status":"open","sticky":false,"template":"","format":"standard","meta":{"footnotes":""},"categories":[33],"tags":[],"class_list":["post-884","post","type-post","status-publish","format-standard","hentry","category-espanol"],"yoast_head":"<!-- This site is optimized with the Yoast SEO plugin v27.2 - https:\/\/yoast.com\/product\/yoast-seo-wordpress\/ -->\n<title>La resistencia entorno al Parque Gezi necesita crecer - Partido del Trabajo (EMEP)<\/title>\n<meta name=\"robots\" content=\"index, follow, max-snippet:-1, max-image-preview:large, max-video-preview:-1\" \/>\n<link rel=\"canonical\" href=\"https:\/\/emep.org\/es\/5\" \/>\n<meta property=\"og:locale\" content=\"tr_TR\" \/>\n<meta property=\"og:type\" content=\"article\" \/>\n<meta property=\"og:title\" content=\"La resistencia entorno al Parque Gezi necesita crecer - Partido del Trabajo (EMEP)\" \/>\n<meta property=\"og:description\" content=\"&nbsp; La dirigente del Partido del Trabajo (EMEP), Selma G\u00fcrkan, declar\u00f3 que la resistencia que comenz\u00f3 en el Parque Gezi se ampli\u00f3 hasta convertirse en una oposici\u00f3n a las pol\u00edticas del gobierno del AKP (partido de derecha). En cuanto a la postura del primer ministro, Selma dijo: &#8220;Esto no es solo insistencia en el asunto...\" \/>\n<meta property=\"og:url\" content=\"https:\/\/emep.org\/es\/5\" \/>\n<meta property=\"og:site_name\" content=\"Partido del Trabajo (EMEP)\" \/>\n<meta property=\"article:published_time\" content=\"2013-06-16T13:04:29+00:00\" \/>\n<meta name=\"author\" content=\"cogbs\" \/>\n<meta name=\"twitter:card\" content=\"summary_large_image\" \/>\n<meta name=\"twitter:label1\" content=\"Yazan:\" \/>\n\t<meta name=\"twitter:data1\" content=\"cogbs\" \/>\n\t<meta name=\"twitter:label2\" content=\"Tahmini okuma s\u00fcresi\" \/>\n\t<meta name=\"twitter:data2\" content=\"13 dakika\" \/>\n<script type=\"application\/ld+json\" class=\"yoast-schema-graph\">{\"@context\":\"https:\/\/schema.org\",\"@graph\":[{\"@type\":\"Article\",\"@id\":\"https:\/\/emep.org\/es\/5#article\",\"isPartOf\":{\"@id\":\"https:\/\/emep.org\/es\/5\"},\"author\":{\"name\":\"cogbs\",\"@id\":\"https:\/\/emep.org\/es\/#\/schema\/person\/2de7e62bd3cb0bafdbe6b129009be3d0\"},\"headline\":\"La resistencia entorno al Parque Gezi necesita crecer\",\"datePublished\":\"2013-06-16T13:04:29+00:00\",\"mainEntityOfPage\":{\"@id\":\"https:\/\/emep.org\/es\/5\"},\"wordCount\":2640,\"articleSection\":[\"espanol\"],\"inLanguage\":\"tr\"},{\"@type\":\"WebPage\",\"@id\":\"https:\/\/emep.org\/es\/5\",\"url\":\"https:\/\/emep.org\/es\/5\",\"name\":\"La resistencia entorno al Parque Gezi necesita crecer - Partido del Trabajo (EMEP)\",\"isPartOf\":{\"@id\":\"https:\/\/emep.org\/es\/#website\"},\"datePublished\":\"2013-06-16T13:04:29+00:00\",\"author\":{\"@id\":\"https:\/\/emep.org\/es\/#\/schema\/person\/2de7e62bd3cb0bafdbe6b129009be3d0\"},\"breadcrumb\":{\"@id\":\"https:\/\/emep.org\/es\/5#breadcrumb\"},\"inLanguage\":\"tr\",\"potentialAction\":[{\"@type\":\"ReadAction\",\"target\":[\"https:\/\/emep.org\/es\/5\"]}]},{\"@type\":\"BreadcrumbList\",\"@id\":\"https:\/\/emep.org\/es\/5#breadcrumb\",\"itemListElement\":[{\"@type\":\"ListItem\",\"position\":1,\"name\":\"Home\",\"item\":\"https:\/\/emep.org\/es\/\"},{\"@type\":\"ListItem\",\"position\":2,\"name\":\"La resistencia entorno al Parque Gezi necesita crecer\"}]},{\"@type\":\"WebSite\",\"@id\":\"https:\/\/emep.org\/es\/#website\",\"url\":\"https:\/\/emep.org\/es\/\",\"name\":\"Partido del Trabajo (EMEP)\",\"description\":\"\u00a1Trabajadores del mundo, \u00fananse!\",\"potentialAction\":[{\"@type\":\"SearchAction\",\"target\":{\"@type\":\"EntryPoint\",\"urlTemplate\":\"https:\/\/emep.org\/es\/?s={search_term_string}\"},\"query-input\":{\"@type\":\"PropertyValueSpecification\",\"valueRequired\":true,\"valueName\":\"search_term_string\"}}],\"inLanguage\":\"tr\"},{\"@type\":\"Person\",\"@id\":\"https:\/\/emep.org\/es\/#\/schema\/person\/2de7e62bd3cb0bafdbe6b129009be3d0\",\"name\":\"cogbs\",\"sameAs\":[\"https:\/\/emep.org\/es\"],\"url\":\"https:\/\/emep.org\/es\/author\/cogbs\"}]}<\/script>\n<!-- \/ Yoast SEO plugin. -->","yoast_head_json":{"title":"La resistencia entorno al Parque Gezi necesita crecer - Partido del Trabajo (EMEP)","robots":{"index":"index","follow":"follow","max-snippet":"max-snippet:-1","max-image-preview":"max-image-preview:large","max-video-preview":"max-video-preview:-1"},"canonical":"https:\/\/emep.org\/es\/5","og_locale":"tr_TR","og_type":"article","og_title":"La resistencia entorno al Parque Gezi necesita crecer - Partido del Trabajo (EMEP)","og_description":"&nbsp; La dirigente del Partido del Trabajo (EMEP), Selma G\u00fcrkan, declar\u00f3 que la resistencia que comenz\u00f3 en el Parque Gezi se ampli\u00f3 hasta convertirse en una oposici\u00f3n a las pol\u00edticas del gobierno del AKP (partido de derecha). En cuanto a la postura del primer ministro, Selma dijo: &#8220;Esto no es solo insistencia en el asunto...","og_url":"https:\/\/emep.org\/es\/5","og_site_name":"Partido del Trabajo (EMEP)","article_published_time":"2013-06-16T13:04:29+00:00","author":"cogbs","twitter_card":"summary_large_image","twitter_misc":{"Yazan:":"cogbs","Tahmini okuma s\u00fcresi":"13 dakika"},"schema":{"@context":"https:\/\/schema.org","@graph":[{"@type":"Article","@id":"https:\/\/emep.org\/es\/5#article","isPartOf":{"@id":"https:\/\/emep.org\/es\/5"},"author":{"name":"cogbs","@id":"https:\/\/emep.org\/es\/#\/schema\/person\/2de7e62bd3cb0bafdbe6b129009be3d0"},"headline":"La resistencia entorno al Parque Gezi necesita crecer","datePublished":"2013-06-16T13:04:29+00:00","mainEntityOfPage":{"@id":"https:\/\/emep.org\/es\/5"},"wordCount":2640,"articleSection":["espanol"],"inLanguage":"tr"},{"@type":"WebPage","@id":"https:\/\/emep.org\/es\/5","url":"https:\/\/emep.org\/es\/5","name":"La resistencia entorno al Parque Gezi necesita crecer - Partido del Trabajo (EMEP)","isPartOf":{"@id":"https:\/\/emep.org\/es\/#website"},"datePublished":"2013-06-16T13:04:29+00:00","author":{"@id":"https:\/\/emep.org\/es\/#\/schema\/person\/2de7e62bd3cb0bafdbe6b129009be3d0"},"breadcrumb":{"@id":"https:\/\/emep.org\/es\/5#breadcrumb"},"inLanguage":"tr","potentialAction":[{"@type":"ReadAction","target":["https:\/\/emep.org\/es\/5"]}]},{"@type":"BreadcrumbList","@id":"https:\/\/emep.org\/es\/5#breadcrumb","itemListElement":[{"@type":"ListItem","position":1,"name":"Home","item":"https:\/\/emep.org\/es\/"},{"@type":"ListItem","position":2,"name":"La resistencia entorno al Parque Gezi necesita crecer"}]},{"@type":"WebSite","@id":"https:\/\/emep.org\/es\/#website","url":"https:\/\/emep.org\/es\/","name":"Partido del Trabajo (EMEP)","description":"\u00a1Trabajadores del mundo, \u00fananse!","potentialAction":[{"@type":"SearchAction","target":{"@type":"EntryPoint","urlTemplate":"https:\/\/emep.org\/es\/?s={search_term_string}"},"query-input":{"@type":"PropertyValueSpecification","valueRequired":true,"valueName":"search_term_string"}}],"inLanguage":"tr"},{"@type":"Person","@id":"https:\/\/emep.org\/es\/#\/schema\/person\/2de7e62bd3cb0bafdbe6b129009be3d0","name":"cogbs","sameAs":["https:\/\/emep.org\/es"],"url":"https:\/\/emep.org\/es\/author\/cogbs"}]}},"_links":{"self":[{"href":"https:\/\/emep.org\/es\/wp-json\/wp\/v2\/posts\/884","targetHints":{"allow":["GET"]}}],"collection":[{"href":"https:\/\/emep.org\/es\/wp-json\/wp\/v2\/posts"}],"about":[{"href":"https:\/\/emep.org\/es\/wp-json\/wp\/v2\/types\/post"}],"author":[{"embeddable":true,"href":"https:\/\/emep.org\/es\/wp-json\/wp\/v2\/users\/1"}],"replies":[{"embeddable":true,"href":"https:\/\/emep.org\/es\/wp-json\/wp\/v2\/comments?post=884"}],"version-history":[{"count":0,"href":"https:\/\/emep.org\/es\/wp-json\/wp\/v2\/posts\/884\/revisions"}],"wp:attachment":[{"href":"https:\/\/emep.org\/es\/wp-json\/wp\/v2\/media?parent=884"}],"wp:term":[{"taxonomy":"category","embeddable":true,"href":"https:\/\/emep.org\/es\/wp-json\/wp\/v2\/categories?post=884"},{"taxonomy":"post_tag","embeddable":true,"href":"https:\/\/emep.org\/es\/wp-json\/wp\/v2\/tags?post=884"}],"curies":[{"name":"wp","href":"https:\/\/api.w.org\/{rel}","templated":true}]}}