{"id":888,"date":"2013-10-19T16:08:48","date_gmt":"2013-10-19T13:08:48","guid":{"rendered":"http:\/\/emep.org\/?p=888"},"modified":"2013-10-19T16:08:48","modified_gmt":"2013-10-19T13:08:48","slug":"7","status":"publish","type":"post","link":"https:\/\/emep.org\/es\/7","title":{"rendered":"El \u201cpaquete democr\u00e1tico\u201d: una operaci\u00f3n cosm\u00e9tica del AKP"},"content":{"rendered":"<style type=\"text\/css\" data-type=\"vc_cmsms_shortcodes-custom-css\"><\/style><p>&nbsp;<\/p>\n<p>Por fin, el Primer Ministro Erdo\u011fan ha dado a conocer \u201cel paquete democr\u00e1tico\u201d, del que hace d\u00edas se viene hablando. Cuando se examinan los contenidos, puede comprobarse que las los asuntos sobre la realidad democr\u00e1tica del pa\u00eds ni siquiera se mencionan.<\/p>\n<p>No solo no se habla sobre las derechos fundamentales y las libertades indispensables para desarrollar un proceso democr\u00e1tico como la cuesti\u00f3n kurda, el laicismo, el derecho a organizarse y la libertad de prensa, sino que se observa una actitud que agravia la cuesti\u00f3n sobre el secularismo (laicismo).<\/p>\n<p>Visto as\u00ed, es obvio que este paquete no es otra cosa m\u00e1s que una representaci\u00f3n para refrescar la imagen del AKP como \u201cun partido de cambio\u201d ante la opini\u00f3n p\u00fablica, en vez de un intento de dar respuesta a las exigencias democr\u00e1ticas de la gente. Tambi\u00e9n se puede ver como un intento de lavado de cara de un r\u00e9gimen autoritario y represivo que se ha desgastado por su propia dureza en relaci\u00f3n con los kurdos, la Resistencia de Gezi y la masiva respuesta popular a que dio lugar.<\/p>\n<p>Alguien tiene que explicarle al Primer Ministro Erdo\u011fan\u00a0 y al gobierno del AKP, que intenta hacernos comulgar con ruedas de molino con ese \u201cpaquete democr\u00e1tico\u201d, el significado de democracia.<\/p>\n<p>Esta situaci\u00f3n prueba una vez m\u00e1s que la democracia solo se alcanzar\u00e1 con las luchas de los trabajadores y del pueblo.<\/p>\n<p><strong>SELMA G\u00dcRKAN<br \/>\n<\/strong><strong>Presidenta<\/strong><\/p>\n","protected":false},"excerpt":{"rendered":"<p>&nbsp; Por fin, el Primer Ministro Erdo\u011fan ha dado a conocer \u201cel paquete democr\u00e1tico\u201d, del que hace d\u00edas se viene hablando. Cuando se examinan los contenidos, puede comprobarse que las los asuntos sobre la realidad democr\u00e1tica del pa\u00eds ni siquiera se mencionan. No solo no se habla sobre las derechos fundamentales y las libertades indispensables&#8230;<\/p>\n","protected":false},"author":1,"featured_media":0,"comment_status":"closed","ping_status":"open","sticky":false,"template":"","format":"standard","meta":{"footnotes":""},"categories":[33],"tags":[],"class_list":["post-888","post","type-post","status-publish","format-standard","hentry","category-espanol"],"yoast_head":"<!-- This site is optimized with the Yoast SEO plugin v27.2 - https:\/\/yoast.com\/product\/yoast-seo-wordpress\/ -->\n<title>El \u201cpaquete democr\u00e1tico\u201d: una operaci\u00f3n cosm\u00e9tica del AKP - Partido del Trabajo (EMEP)<\/title>\n<meta name=\"robots\" content=\"index, follow, max-snippet:-1, max-image-preview:large, max-video-preview:-1\" \/>\n<link rel=\"canonical\" href=\"https:\/\/emep.org\/es\/7\" \/>\n<meta property=\"og:locale\" content=\"tr_TR\" \/>\n<meta property=\"og:type\" content=\"article\" \/>\n<meta property=\"og:title\" content=\"El \u201cpaquete democr\u00e1tico\u201d: una operaci\u00f3n cosm\u00e9tica del AKP - Partido del Trabajo (EMEP)\" \/>\n<meta property=\"og:description\" content=\"&nbsp; Por fin, el Primer Ministro Erdo\u011fan ha dado a conocer \u201cel paquete democr\u00e1tico\u201d, del que hace d\u00edas se viene hablando. Cuando se examinan los contenidos, puede comprobarse que las los asuntos sobre la realidad democr\u00e1tica del pa\u00eds ni siquiera se mencionan. No solo no se habla sobre las derechos fundamentales y las libertades indispensables...\" \/>\n<meta property=\"og:url\" content=\"https:\/\/emep.org\/es\/7\" \/>\n<meta property=\"og:site_name\" content=\"Partido del Trabajo (EMEP)\" \/>\n<meta property=\"article:published_time\" content=\"2013-10-19T13:08:48+00:00\" \/>\n<meta name=\"author\" content=\"cogbs\" \/>\n<meta name=\"twitter:card\" content=\"summary_large_image\" \/>\n<meta name=\"twitter:label1\" content=\"Yazan:\" \/>\n\t<meta name=\"twitter:data1\" content=\"cogbs\" \/>\n\t<meta name=\"twitter:label2\" content=\"Tahmini okuma s\u00fcresi\" \/>\n\t<meta name=\"twitter:data2\" content=\"1 dakika\" \/>\n<script type=\"application\/ld+json\" class=\"yoast-schema-graph\">{\"@context\":\"https:\/\/schema.org\",\"@graph\":[{\"@type\":\"Article\",\"@id\":\"https:\/\/emep.org\/es\/7#article\",\"isPartOf\":{\"@id\":\"https:\/\/emep.org\/es\/7\"},\"author\":{\"name\":\"cogbs\",\"@id\":\"https:\/\/emep.org\/es\/#\/schema\/person\/2de7e62bd3cb0bafdbe6b129009be3d0\"},\"headline\":\"El \u201cpaquete democr\u00e1tico\u201d: una operaci\u00f3n cosm\u00e9tica del AKP\",\"datePublished\":\"2013-10-19T13:08:48+00:00\",\"mainEntityOfPage\":{\"@id\":\"https:\/\/emep.org\/es\/7\"},\"wordCount\":262,\"articleSection\":[\"espanol\"],\"inLanguage\":\"tr\"},{\"@type\":\"WebPage\",\"@id\":\"https:\/\/emep.org\/es\/7\",\"url\":\"https:\/\/emep.org\/es\/7\",\"name\":\"El \u201cpaquete democr\u00e1tico\u201d: una operaci\u00f3n cosm\u00e9tica del AKP - Partido del Trabajo (EMEP)\",\"isPartOf\":{\"@id\":\"https:\/\/emep.org\/es\/#website\"},\"datePublished\":\"2013-10-19T13:08:48+00:00\",\"author\":{\"@id\":\"https:\/\/emep.org\/es\/#\/schema\/person\/2de7e62bd3cb0bafdbe6b129009be3d0\"},\"breadcrumb\":{\"@id\":\"https:\/\/emep.org\/es\/7#breadcrumb\"},\"inLanguage\":\"tr\",\"potentialAction\":[{\"@type\":\"ReadAction\",\"target\":[\"https:\/\/emep.org\/es\/7\"]}]},{\"@type\":\"BreadcrumbList\",\"@id\":\"https:\/\/emep.org\/es\/7#breadcrumb\",\"itemListElement\":[{\"@type\":\"ListItem\",\"position\":1,\"name\":\"Home\",\"item\":\"https:\/\/emep.org\/es\/\"},{\"@type\":\"ListItem\",\"position\":2,\"name\":\"El \u201cpaquete democr\u00e1tico\u201d: una operaci\u00f3n cosm\u00e9tica del AKP\"}]},{\"@type\":\"WebSite\",\"@id\":\"https:\/\/emep.org\/es\/#website\",\"url\":\"https:\/\/emep.org\/es\/\",\"name\":\"Partido del Trabajo (EMEP)\",\"description\":\"\u00a1Trabajadores del mundo, \u00fananse!\",\"potentialAction\":[{\"@type\":\"SearchAction\",\"target\":{\"@type\":\"EntryPoint\",\"urlTemplate\":\"https:\/\/emep.org\/es\/?s={search_term_string}\"},\"query-input\":{\"@type\":\"PropertyValueSpecification\",\"valueRequired\":true,\"valueName\":\"search_term_string\"}}],\"inLanguage\":\"tr\"},{\"@type\":\"Person\",\"@id\":\"https:\/\/emep.org\/es\/#\/schema\/person\/2de7e62bd3cb0bafdbe6b129009be3d0\",\"name\":\"cogbs\",\"sameAs\":[\"https:\/\/emep.org\/es\"],\"url\":\"https:\/\/emep.org\/es\/author\/cogbs\"}]}<\/script>\n<!-- \/ Yoast SEO plugin. -->","yoast_head_json":{"title":"El \u201cpaquete democr\u00e1tico\u201d: una operaci\u00f3n cosm\u00e9tica del AKP - Partido del Trabajo (EMEP)","robots":{"index":"index","follow":"follow","max-snippet":"max-snippet:-1","max-image-preview":"max-image-preview:large","max-video-preview":"max-video-preview:-1"},"canonical":"https:\/\/emep.org\/es\/7","og_locale":"tr_TR","og_type":"article","og_title":"El \u201cpaquete democr\u00e1tico\u201d: una operaci\u00f3n cosm\u00e9tica del AKP - Partido del Trabajo (EMEP)","og_description":"&nbsp; Por fin, el Primer Ministro Erdo\u011fan ha dado a conocer \u201cel paquete democr\u00e1tico\u201d, del que hace d\u00edas se viene hablando. Cuando se examinan los contenidos, puede comprobarse que las los asuntos sobre la realidad democr\u00e1tica del pa\u00eds ni siquiera se mencionan. No solo no se habla sobre las derechos fundamentales y las libertades indispensables...","og_url":"https:\/\/emep.org\/es\/7","og_site_name":"Partido del Trabajo (EMEP)","article_published_time":"2013-10-19T13:08:48+00:00","author":"cogbs","twitter_card":"summary_large_image","twitter_misc":{"Yazan:":"cogbs","Tahmini okuma s\u00fcresi":"1 dakika"},"schema":{"@context":"https:\/\/schema.org","@graph":[{"@type":"Article","@id":"https:\/\/emep.org\/es\/7#article","isPartOf":{"@id":"https:\/\/emep.org\/es\/7"},"author":{"name":"cogbs","@id":"https:\/\/emep.org\/es\/#\/schema\/person\/2de7e62bd3cb0bafdbe6b129009be3d0"},"headline":"El \u201cpaquete democr\u00e1tico\u201d: una operaci\u00f3n cosm\u00e9tica del AKP","datePublished":"2013-10-19T13:08:48+00:00","mainEntityOfPage":{"@id":"https:\/\/emep.org\/es\/7"},"wordCount":262,"articleSection":["espanol"],"inLanguage":"tr"},{"@type":"WebPage","@id":"https:\/\/emep.org\/es\/7","url":"https:\/\/emep.org\/es\/7","name":"El \u201cpaquete democr\u00e1tico\u201d: una operaci\u00f3n cosm\u00e9tica del AKP - Partido del Trabajo (EMEP)","isPartOf":{"@id":"https:\/\/emep.org\/es\/#website"},"datePublished":"2013-10-19T13:08:48+00:00","author":{"@id":"https:\/\/emep.org\/es\/#\/schema\/person\/2de7e62bd3cb0bafdbe6b129009be3d0"},"breadcrumb":{"@id":"https:\/\/emep.org\/es\/7#breadcrumb"},"inLanguage":"tr","potentialAction":[{"@type":"ReadAction","target":["https:\/\/emep.org\/es\/7"]}]},{"@type":"BreadcrumbList","@id":"https:\/\/emep.org\/es\/7#breadcrumb","itemListElement":[{"@type":"ListItem","position":1,"name":"Home","item":"https:\/\/emep.org\/es\/"},{"@type":"ListItem","position":2,"name":"El \u201cpaquete democr\u00e1tico\u201d: una operaci\u00f3n cosm\u00e9tica del AKP"}]},{"@type":"WebSite","@id":"https:\/\/emep.org\/es\/#website","url":"https:\/\/emep.org\/es\/","name":"Partido del Trabajo (EMEP)","description":"\u00a1Trabajadores del mundo, \u00fananse!","potentialAction":[{"@type":"SearchAction","target":{"@type":"EntryPoint","urlTemplate":"https:\/\/emep.org\/es\/?s={search_term_string}"},"query-input":{"@type":"PropertyValueSpecification","valueRequired":true,"valueName":"search_term_string"}}],"inLanguage":"tr"},{"@type":"Person","@id":"https:\/\/emep.org\/es\/#\/schema\/person\/2de7e62bd3cb0bafdbe6b129009be3d0","name":"cogbs","sameAs":["https:\/\/emep.org\/es"],"url":"https:\/\/emep.org\/es\/author\/cogbs"}]}},"_links":{"self":[{"href":"https:\/\/emep.org\/es\/wp-json\/wp\/v2\/posts\/888","targetHints":{"allow":["GET"]}}],"collection":[{"href":"https:\/\/emep.org\/es\/wp-json\/wp\/v2\/posts"}],"about":[{"href":"https:\/\/emep.org\/es\/wp-json\/wp\/v2\/types\/post"}],"author":[{"embeddable":true,"href":"https:\/\/emep.org\/es\/wp-json\/wp\/v2\/users\/1"}],"replies":[{"embeddable":true,"href":"https:\/\/emep.org\/es\/wp-json\/wp\/v2\/comments?post=888"}],"version-history":[{"count":0,"href":"https:\/\/emep.org\/es\/wp-json\/wp\/v2\/posts\/888\/revisions"}],"wp:attachment":[{"href":"https:\/\/emep.org\/es\/wp-json\/wp\/v2\/media?parent=888"}],"wp:term":[{"taxonomy":"category","embeddable":true,"href":"https:\/\/emep.org\/es\/wp-json\/wp\/v2\/categories?post=888"},{"taxonomy":"post_tag","embeddable":true,"href":"https:\/\/emep.org\/es\/wp-json\/wp\/v2\/tags?post=888"}],"curies":[{"name":"wp","href":"https:\/\/api.w.org\/{rel}","templated":true}]}}