{"id":890,"date":"2014-05-16T16:10:34","date_gmt":"2014-05-16T13:10:34","guid":{"rendered":"http:\/\/emep.org\/?p=890"},"modified":"2014-05-16T16:10:34","modified_gmt":"2014-05-16T13:10:34","slug":"8","status":"publish","type":"post","link":"https:\/\/emep.org\/es\/8","title":{"rendered":"El motivo de la Masacre de Soma (Turqu\u00eda) es la indulgencia ante la explotaci\u00f3n por parte de la patronal"},"content":{"rendered":"<style type=\"text\/css\" data-type=\"vc_cmsms_shortcodes-custom-css\"><\/style><p>Muchos mineros han perdido la vida en Soma, Turqu\u00eda, en una mina propiedad de Soma Coal Inc. El n\u00famero oficial de fallecidos esta ma\u00f1ana estaba en 282 . Se espera que el n\u00famero de muertos aumente y hay un elevado n\u00famero de v\u00edctimas .<\/p>\n<p>Enviamos nuestras condolencias a la clase trabajadora y las familias de los fallecidos , y le deseamos una pronta recuperaci\u00f3n a los heridos.<\/p>\n<p>No podemos llamar a lo que sucedi\u00f3 en Soma un accidente, como hacen los representantes de los gobiernos. Por el contrario , el lugar de un accidente o del destino, \u00a1esta es una aut\u00e9ntica matanza!<\/p>\n<p>Seg\u00fan las cifras , durante los 12 a\u00f1os de gobierno del AKP , m\u00e1s de 14.000 trabajadores han perdido sus vidas. La Masacre de Soma se ha convertido en el remate de estos asesinatos .<\/p>\n<p>Todos estos asesinatos son el resultado de una pol\u00edtica anti-obrera. Las pol\u00edticas neoliberales del gobierno del AKP , as\u00ed como las de los que les precedieron ; la privatizaci\u00f3n , la subcontrataci\u00f3n , el aumento de la carga de trabajo con la reducci\u00f3n del n\u00famero de trabajadores , el aumento de la explotaci\u00f3n en nombre de un mejor desempe\u00f1o ; estas son todas las razones de estos asesinatos.<\/p>\n<p>Los diputados de los partidos pol\u00edticos de CHP , MHP y BDP presentaron en el parlamento una moci\u00f3n para establecer un &#8220;Comit\u00e9 de Investigaci\u00f3n&#8221; debido a las muertes frecuentes en Soma Coal Inc. , pero fue rechazada por los diputados del AKP hace s\u00f3lo 20 d\u00edas .<\/p>\n<p>Levent Tuzel, diputado del HDP por Estambul, plante\u00f3 la cuesti\u00f3n en el parlamento pero fue pr\u00e1cticamente descartado por el ministerio correspondiente , indicando que los lugares de trabajo son inspeccionados regularmente .<\/p>\n<p>Los directivos de la mina donde la Masacre de Soma tuvo lugar han alabado las virtudes de la privatizaci\u00f3n, que les permite reducir el precio del carb\u00f3n en un 60 %. As\u00ed debe ser c\u00f3mo se reduce el costo del carb\u00f3n: reduciendo el n\u00famero de trabajadores , lo que aumenta la carga de trabajo , la eliminaci\u00f3n de los trabajadores con experiencia para sustituirlos por trabajadores m\u00e1s baratos, con menos experiencia, incorporaci\u00f3n de trabajadores inexpertos a trav\u00e9s de subcontratas , lo que impide la sindicalizaci\u00f3n y privar a los trabajadores de sus derechos b\u00e1sicos , la reducci\u00f3n de los gastos en materia de seguridad en el nombre de la reducci\u00f3n de costos , incumpliendo las normas de seguridad de los trabajadores y de la salud, una estrecha relaci\u00f3n con el partido de gobierno que lleva a evitar las inspecciones , etc.; estas son las pr\u00e1cticas de las que se jactan en nombre de la reducci\u00f3n de costos y que llevaron a esta masacre descarada.<\/p>\n<p>Los asesinatos en el trabajo y esta \u00faltima masacre\u00a0 obviamente no son una cuesti\u00f3n del destino.<\/p>\n<p>Los asesinatos en el trabajo se detendr\u00e1n s\u00f3lo cuando la patronal, unida para el beneficio y la indulgencia ante la explotaci\u00f3n, se detenga. Nuestro partido est\u00e1 trabajando para poner fin a este sistema de explotaci\u00f3n .<\/p>\n<p>Lo sentimos mucho por los amigos de los trabajadores hemos perdido . Lo mejor que podemos hacer ahora es unirnos contra la explotaci\u00f3n e incrementar la lucha contra ella.<\/p>\n<p>Hacemos un llamado al gobierno para que detenga las pol\u00edticas que anti-obreras .<\/p>\n<p>Los ministros de Energ\u00eda y Recursos Naturales y el Ministro de de Trabajo y Pensiones deben ser los primeros en renunciar de inmediato . Los responsables deben ser condenados y recibir las penas m\u00e1s severas .<\/p>\n<p>La legislaci\u00f3n, actualmente inadecuada para garantizar la salud y seguridad del trabajador , debe ser revisada; los lugares de trabajo deben ser inspeccionados por expertos en materia de seguridad laboral. Debe haber sanciones graves para los due\u00f1os de las empresas que no cumplan con las medidas de seguridad de los trabajadores y de salud necesarios.<\/p>\n<p>Hacemos un llamamiento a los trabajadores y a los sindicatos para protestar por la masacre de Soma con huelgas y manifestaciones . No debemos permitir que una masacre como esta quede sepultada bajo mensajes de condolencias. Como pa\u00eds , es el momento adecuado para alcanzar el interruptor y lanzarnos a la lucha para evitar este tipo de masacres en el futuro.<\/p>\n<p>Partido del Trabajo ( EMEP ), Turqu\u00eda<\/p>\n","protected":false},"excerpt":{"rendered":"<p>Muchos mineros han perdido la vida en Soma, Turqu\u00eda, en una mina propiedad de Soma Coal Inc. El n\u00famero oficial de fallecidos esta ma\u00f1ana estaba en 282 . Se espera que el n\u00famero de muertos aumente y hay un elevado n\u00famero de v\u00edctimas . Enviamos nuestras condolencias a la clase trabajadora y las familias de&#8230;<\/p>\n","protected":false},"author":1,"featured_media":912,"comment_status":"closed","ping_status":"open","sticky":false,"template":"","format":"standard","meta":{"footnotes":""},"categories":[33],"tags":[],"class_list":["post-890","post","type-post","status-publish","format-standard","has-post-thumbnail","hentry","category-espanol"],"yoast_head":"<!-- This site is optimized with the Yoast SEO plugin v27.2 - https:\/\/yoast.com\/product\/yoast-seo-wordpress\/ -->\n<title>El motivo de la Masacre de Soma (Turqu\u00eda) es la indulgencia ante la explotaci\u00f3n por parte de la patronal - Partido del Trabajo (EMEP)<\/title>\n<meta name=\"robots\" content=\"index, follow, max-snippet:-1, max-image-preview:large, max-video-preview:-1\" \/>\n<link rel=\"canonical\" href=\"https:\/\/emep.org\/es\/8\" \/>\n<meta property=\"og:locale\" content=\"tr_TR\" \/>\n<meta property=\"og:type\" content=\"article\" \/>\n<meta property=\"og:title\" content=\"El motivo de la Masacre de Soma (Turqu\u00eda) es la indulgencia ante la explotaci\u00f3n por parte de la patronal - Partido del Trabajo (EMEP)\" \/>\n<meta property=\"og:description\" content=\"Muchos mineros han perdido la vida en Soma, Turqu\u00eda, en una mina propiedad de Soma Coal Inc. El n\u00famero oficial de fallecidos esta ma\u00f1ana estaba en 282 . Se espera que el n\u00famero de muertos aumente y hay un elevado n\u00famero de v\u00edctimas . Enviamos nuestras condolencias a la clase trabajadora y las familias de...\" \/>\n<meta property=\"og:url\" content=\"https:\/\/emep.org\/es\/8\" \/>\n<meta property=\"og:site_name\" content=\"Partido del Trabajo (EMEP)\" \/>\n<meta property=\"article:published_time\" content=\"2014-05-16T13:10:34+00:00\" \/>\n<meta property=\"og:image\" content=\"https:\/\/emep.org\/es\/wp-content\/uploads\/2014\/05\/soma.jpg\" \/>\n\t<meta property=\"og:image:width\" content=\"700\" \/>\n\t<meta property=\"og:image:height\" content=\"456\" \/>\n\t<meta property=\"og:image:type\" content=\"image\/jpeg\" \/>\n<meta name=\"author\" content=\"cogbs\" \/>\n<meta name=\"twitter:card\" content=\"summary_large_image\" \/>\n<meta name=\"twitter:label1\" content=\"Yazan:\" \/>\n\t<meta name=\"twitter:data1\" content=\"cogbs\" \/>\n\t<meta name=\"twitter:label2\" content=\"Tahmini okuma s\u00fcresi\" \/>\n\t<meta name=\"twitter:data2\" content=\"4 dakika\" \/>\n<script type=\"application\/ld+json\" class=\"yoast-schema-graph\">{\"@context\":\"https:\/\/schema.org\",\"@graph\":[{\"@type\":\"Article\",\"@id\":\"https:\/\/emep.org\/es\/8#article\",\"isPartOf\":{\"@id\":\"https:\/\/emep.org\/es\/8\"},\"author\":{\"name\":\"cogbs\",\"@id\":\"https:\/\/emep.org\/es\/#\/schema\/person\/2de7e62bd3cb0bafdbe6b129009be3d0\"},\"headline\":\"El motivo de la Masacre de Soma (Turqu\u00eda) es la indulgencia ante la explotaci\u00f3n por parte de la patronal\",\"datePublished\":\"2014-05-16T13:10:34+00:00\",\"mainEntityOfPage\":{\"@id\":\"https:\/\/emep.org\/es\/8\"},\"wordCount\":737,\"image\":{\"@id\":\"https:\/\/emep.org\/es\/8#primaryimage\"},\"thumbnailUrl\":\"https:\/\/emep.org\/es\/wp-content\/uploads\/2014\/05\/soma.jpg\",\"articleSection\":[\"espanol\"],\"inLanguage\":\"tr\"},{\"@type\":\"WebPage\",\"@id\":\"https:\/\/emep.org\/es\/8\",\"url\":\"https:\/\/emep.org\/es\/8\",\"name\":\"El motivo de la Masacre de Soma (Turqu\u00eda) es la indulgencia ante la explotaci\u00f3n por parte de la patronal - Partido del Trabajo (EMEP)\",\"isPartOf\":{\"@id\":\"https:\/\/emep.org\/es\/#website\"},\"primaryImageOfPage\":{\"@id\":\"https:\/\/emep.org\/es\/8#primaryimage\"},\"image\":{\"@id\":\"https:\/\/emep.org\/es\/8#primaryimage\"},\"thumbnailUrl\":\"https:\/\/emep.org\/es\/wp-content\/uploads\/2014\/05\/soma.jpg\",\"datePublished\":\"2014-05-16T13:10:34+00:00\",\"author\":{\"@id\":\"https:\/\/emep.org\/es\/#\/schema\/person\/2de7e62bd3cb0bafdbe6b129009be3d0\"},\"breadcrumb\":{\"@id\":\"https:\/\/emep.org\/es\/8#breadcrumb\"},\"inLanguage\":\"tr\",\"potentialAction\":[{\"@type\":\"ReadAction\",\"target\":[\"https:\/\/emep.org\/es\/8\"]}]},{\"@type\":\"ImageObject\",\"inLanguage\":\"tr\",\"@id\":\"https:\/\/emep.org\/es\/8#primaryimage\",\"url\":\"https:\/\/emep.org\/es\/wp-content\/uploads\/2014\/05\/soma.jpg\",\"contentUrl\":\"https:\/\/emep.org\/es\/wp-content\/uploads\/2014\/05\/soma.jpg\",\"width\":700,\"height\":456},{\"@type\":\"BreadcrumbList\",\"@id\":\"https:\/\/emep.org\/es\/8#breadcrumb\",\"itemListElement\":[{\"@type\":\"ListItem\",\"position\":1,\"name\":\"Home\",\"item\":\"https:\/\/emep.org\/es\/\"},{\"@type\":\"ListItem\",\"position\":2,\"name\":\"El motivo de la Masacre de Soma (Turqu\u00eda) es la indulgencia ante la explotaci\u00f3n por parte de la patronal\"}]},{\"@type\":\"WebSite\",\"@id\":\"https:\/\/emep.org\/es\/#website\",\"url\":\"https:\/\/emep.org\/es\/\",\"name\":\"Partido del Trabajo (EMEP)\",\"description\":\"\u00a1Trabajadores del mundo, \u00fananse!\",\"potentialAction\":[{\"@type\":\"SearchAction\",\"target\":{\"@type\":\"EntryPoint\",\"urlTemplate\":\"https:\/\/emep.org\/es\/?s={search_term_string}\"},\"query-input\":{\"@type\":\"PropertyValueSpecification\",\"valueRequired\":true,\"valueName\":\"search_term_string\"}}],\"inLanguage\":\"tr\"},{\"@type\":\"Person\",\"@id\":\"https:\/\/emep.org\/es\/#\/schema\/person\/2de7e62bd3cb0bafdbe6b129009be3d0\",\"name\":\"cogbs\",\"sameAs\":[\"https:\/\/emep.org\/es\"],\"url\":\"https:\/\/emep.org\/es\/author\/cogbs\"}]}<\/script>\n<!-- \/ Yoast SEO plugin. -->","yoast_head_json":{"title":"El motivo de la Masacre de Soma (Turqu\u00eda) es la indulgencia ante la explotaci\u00f3n por parte de la patronal - Partido del Trabajo (EMEP)","robots":{"index":"index","follow":"follow","max-snippet":"max-snippet:-1","max-image-preview":"max-image-preview:large","max-video-preview":"max-video-preview:-1"},"canonical":"https:\/\/emep.org\/es\/8","og_locale":"tr_TR","og_type":"article","og_title":"El motivo de la Masacre de Soma (Turqu\u00eda) es la indulgencia ante la explotaci\u00f3n por parte de la patronal - Partido del Trabajo (EMEP)","og_description":"Muchos mineros han perdido la vida en Soma, Turqu\u00eda, en una mina propiedad de Soma Coal Inc. El n\u00famero oficial de fallecidos esta ma\u00f1ana estaba en 282 . Se espera que el n\u00famero de muertos aumente y hay un elevado n\u00famero de v\u00edctimas . Enviamos nuestras condolencias a la clase trabajadora y las familias de...","og_url":"https:\/\/emep.org\/es\/8","og_site_name":"Partido del Trabajo (EMEP)","article_published_time":"2014-05-16T13:10:34+00:00","og_image":[{"width":700,"height":456,"url":"https:\/\/emep.org\/es\/wp-content\/uploads\/2014\/05\/soma.jpg","type":"image\/jpeg"}],"author":"cogbs","twitter_card":"summary_large_image","twitter_misc":{"Yazan:":"cogbs","Tahmini okuma s\u00fcresi":"4 dakika"},"schema":{"@context":"https:\/\/schema.org","@graph":[{"@type":"Article","@id":"https:\/\/emep.org\/es\/8#article","isPartOf":{"@id":"https:\/\/emep.org\/es\/8"},"author":{"name":"cogbs","@id":"https:\/\/emep.org\/es\/#\/schema\/person\/2de7e62bd3cb0bafdbe6b129009be3d0"},"headline":"El motivo de la Masacre de Soma (Turqu\u00eda) es la indulgencia ante la explotaci\u00f3n por parte de la patronal","datePublished":"2014-05-16T13:10:34+00:00","mainEntityOfPage":{"@id":"https:\/\/emep.org\/es\/8"},"wordCount":737,"image":{"@id":"https:\/\/emep.org\/es\/8#primaryimage"},"thumbnailUrl":"https:\/\/emep.org\/es\/wp-content\/uploads\/2014\/05\/soma.jpg","articleSection":["espanol"],"inLanguage":"tr"},{"@type":"WebPage","@id":"https:\/\/emep.org\/es\/8","url":"https:\/\/emep.org\/es\/8","name":"El motivo de la Masacre de Soma (Turqu\u00eda) es la indulgencia ante la explotaci\u00f3n por parte de la patronal - Partido del Trabajo (EMEP)","isPartOf":{"@id":"https:\/\/emep.org\/es\/#website"},"primaryImageOfPage":{"@id":"https:\/\/emep.org\/es\/8#primaryimage"},"image":{"@id":"https:\/\/emep.org\/es\/8#primaryimage"},"thumbnailUrl":"https:\/\/emep.org\/es\/wp-content\/uploads\/2014\/05\/soma.jpg","datePublished":"2014-05-16T13:10:34+00:00","author":{"@id":"https:\/\/emep.org\/es\/#\/schema\/person\/2de7e62bd3cb0bafdbe6b129009be3d0"},"breadcrumb":{"@id":"https:\/\/emep.org\/es\/8#breadcrumb"},"inLanguage":"tr","potentialAction":[{"@type":"ReadAction","target":["https:\/\/emep.org\/es\/8"]}]},{"@type":"ImageObject","inLanguage":"tr","@id":"https:\/\/emep.org\/es\/8#primaryimage","url":"https:\/\/emep.org\/es\/wp-content\/uploads\/2014\/05\/soma.jpg","contentUrl":"https:\/\/emep.org\/es\/wp-content\/uploads\/2014\/05\/soma.jpg","width":700,"height":456},{"@type":"BreadcrumbList","@id":"https:\/\/emep.org\/es\/8#breadcrumb","itemListElement":[{"@type":"ListItem","position":1,"name":"Home","item":"https:\/\/emep.org\/es\/"},{"@type":"ListItem","position":2,"name":"El motivo de la Masacre de Soma (Turqu\u00eda) es la indulgencia ante la explotaci\u00f3n por parte de la patronal"}]},{"@type":"WebSite","@id":"https:\/\/emep.org\/es\/#website","url":"https:\/\/emep.org\/es\/","name":"Partido del Trabajo (EMEP)","description":"\u00a1Trabajadores del mundo, \u00fananse!","potentialAction":[{"@type":"SearchAction","target":{"@type":"EntryPoint","urlTemplate":"https:\/\/emep.org\/es\/?s={search_term_string}"},"query-input":{"@type":"PropertyValueSpecification","valueRequired":true,"valueName":"search_term_string"}}],"inLanguage":"tr"},{"@type":"Person","@id":"https:\/\/emep.org\/es\/#\/schema\/person\/2de7e62bd3cb0bafdbe6b129009be3d0","name":"cogbs","sameAs":["https:\/\/emep.org\/es"],"url":"https:\/\/emep.org\/es\/author\/cogbs"}]}},"_links":{"self":[{"href":"https:\/\/emep.org\/es\/wp-json\/wp\/v2\/posts\/890","targetHints":{"allow":["GET"]}}],"collection":[{"href":"https:\/\/emep.org\/es\/wp-json\/wp\/v2\/posts"}],"about":[{"href":"https:\/\/emep.org\/es\/wp-json\/wp\/v2\/types\/post"}],"author":[{"embeddable":true,"href":"https:\/\/emep.org\/es\/wp-json\/wp\/v2\/users\/1"}],"replies":[{"embeddable":true,"href":"https:\/\/emep.org\/es\/wp-json\/wp\/v2\/comments?post=890"}],"version-history":[{"count":0,"href":"https:\/\/emep.org\/es\/wp-json\/wp\/v2\/posts\/890\/revisions"}],"wp:featuredmedia":[{"embeddable":true,"href":"https:\/\/emep.org\/es\/wp-json\/wp\/v2\/media\/912"}],"wp:attachment":[{"href":"https:\/\/emep.org\/es\/wp-json\/wp\/v2\/media?parent=890"}],"wp:term":[{"taxonomy":"category","embeddable":true,"href":"https:\/\/emep.org\/es\/wp-json\/wp\/v2\/categories?post=890"},{"taxonomy":"post_tag","embeddable":true,"href":"https:\/\/emep.org\/es\/wp-json\/wp\/v2\/tags?post=890"}],"curies":[{"name":"wp","href":"https:\/\/api.w.org\/{rel}","templated":true}]}}