{"id":896,"date":"2014-01-30T18:12:06","date_gmt":"2014-01-30T15:12:06","guid":{"rendered":"http:\/\/emep.org\/?p=896"},"modified":"2014-01-30T18:12:06","modified_gmt":"2014-01-30T15:12:06","slug":"10","status":"publish","type":"post","link":"https:\/\/emep.org\/es\/10","title":{"rendered":"Abrazamos y nos solidarizamos con la huelga de los obreros del metal*"},"content":{"rendered":"<style type=\"text\/css\" data-type=\"vc_cmsms_shortcodes-custom-css\"><\/style><p>De acuerdo con la decisi\u00f3n del sindicato del Birle\u015fik Metal-\u0130\u015f, las huelgas del metal del 29 de enero y 19 de febrero, tienen una gran importancia cr\u00edtica para la clase obrera, \u00a0para el movimiento de los trabajadores en general y para el funcionamiento de la democracia en Turqu\u00eda.<\/p>\n<p>Esta huelga tiene como prop\u00f3sito rechazar el contrato de 3 a\u00f1os de esclavitud firmado por el sindicato de T\u00fcrk Metal y <span style=\"text-decoration: line-through;\">a <\/span>la imposici\u00f3n de los empresarios del MESS (el Sindicato de Empresarios del Metal de Turqu\u00eda) que obliga a los obreros a\u00a0 trabajar en condiciones de esclavitud.<\/p>\n<p>La huelga\u00a0 de los obreros del metal rechaza tambi\u00e9n las prohibiciones de huelgas realizadas por el gobierno como es el caso de los trabajadores del vidrio, del t\u00e9 y de las aerol\u00edneas.<\/p>\n<p>Esta huelga se propone adem\u00e1s rechazar en nombre de toda la clase obrera el salario m\u00ednimo que se encuentra por debajo el l\u00edmite del hambre.<\/p>\n<p>Esta huelga tiene un impacto que puede abrir un camino para el ejercicio real del derecho de huelga de la clase obrera, contra las amenazas de aplazamiento de huelgas, de despidos y de cierres o traslados de fabricas.<\/p>\n<p>La historia de las luchas de clase obrera, atestigua todo tipo de maniobras de los empresarios y sus organizaciones durante huelgas y resistencias obreras, como tratar de romper la unidad entre los trabajadores provocando a sus familias, utilizando los deudas bancarias de los trabajadores como un material de chantaje, amenaz\u00e1ndoles \u00a0con despidos, el cierre de la f\u00e1brica etc.<\/p>\n<p>En contra de esta huelga, los empresarios del MESS ya han enviado el mensaje de que estar\u00e1n solidarios ellos.<\/p>\n<p>El Partido del Trabajo (EMEP) est\u00e1 consciente de la importancia de la huelga de los obreros del metal as\u00ed como de los ataques posibles a los que se enfrentar\u00e1n durante este proceso; no nos confinamos simplemente en la solidaridad sino que declaramos que trabajaremos con todo nuestro esfuerzo para fortalecer esta huelga.<\/p>\n<p>Sin importar que sea obrero o empleado p\u00fablico, en cu\u00e1l sector trabaja, si es miembro de tal o cual sindicato, o si es sindicalizado o no, convocamos a todas las fuerzas del trabajo y a todas las fuerzas democr\u00e1ticas a ser parte de esta huelga, a apoyarla y a solidarizarse con ella.<\/p>\n<p><strong>\u015e\u00fckran Do\u011fan<\/strong><\/p>\n<p><strong>Vicepresidenta <\/strong><\/p>\n","protected":false},"excerpt":{"rendered":"<p>De acuerdo con la decisi\u00f3n del sindicato del Birle\u015fik Metal-\u0130\u015f, las huelgas del metal del 29 de enero y 19 de febrero, tienen una gran importancia cr\u00edtica para la clase obrera, \u00a0para el movimiento de los trabajadores en general y para el funcionamiento de la democracia en Turqu\u00eda. Esta huelga tiene como prop\u00f3sito rechazar el&#8230;<\/p>\n","protected":false},"author":1,"featured_media":910,"comment_status":"closed","ping_status":"open","sticky":false,"template":"","format":"standard","meta":{"footnotes":""},"categories":[33],"tags":[],"class_list":["post-896","post","type-post","status-publish","format-standard","has-post-thumbnail","hentry","category-espanol"],"yoast_head":"<!-- This site is optimized with the Yoast SEO plugin v27.2 - https:\/\/yoast.com\/product\/yoast-seo-wordpress\/ -->\n<title>Abrazamos y nos solidarizamos con la huelga de los obreros del metal* - Partido del Trabajo (EMEP)<\/title>\n<meta name=\"robots\" content=\"index, follow, max-snippet:-1, max-image-preview:large, max-video-preview:-1\" \/>\n<link rel=\"canonical\" href=\"https:\/\/emep.org\/es\/10\" \/>\n<meta property=\"og:locale\" content=\"tr_TR\" \/>\n<meta property=\"og:type\" content=\"article\" \/>\n<meta property=\"og:title\" content=\"Abrazamos y nos solidarizamos con la huelga de los obreros del metal* - Partido del Trabajo (EMEP)\" \/>\n<meta property=\"og:description\" content=\"De acuerdo con la decisi\u00f3n del sindicato del Birle\u015fik Metal-\u0130\u015f, las huelgas del metal del 29 de enero y 19 de febrero, tienen una gran importancia cr\u00edtica para la clase obrera, \u00a0para el movimiento de los trabajadores en general y para el funcionamiento de la democracia en Turqu\u00eda. Esta huelga tiene como prop\u00f3sito rechazar el...\" \/>\n<meta property=\"og:url\" content=\"https:\/\/emep.org\/es\/10\" \/>\n<meta property=\"og:site_name\" content=\"Partido del Trabajo (EMEP)\" \/>\n<meta property=\"article:published_time\" content=\"2014-01-30T15:12:06+00:00\" \/>\n<meta property=\"og:image\" content=\"https:\/\/emep.org\/es\/wp-content\/uploads\/2014\/01\/metal.jpg\" \/>\n\t<meta property=\"og:image:width\" content=\"745\" \/>\n\t<meta property=\"og:image:height\" content=\"483\" \/>\n\t<meta property=\"og:image:type\" content=\"image\/jpeg\" \/>\n<meta name=\"author\" content=\"cogbs\" \/>\n<meta name=\"twitter:card\" content=\"summary_large_image\" \/>\n<meta name=\"twitter:label1\" content=\"Yazan:\" \/>\n\t<meta name=\"twitter:data1\" content=\"cogbs\" \/>\n\t<meta name=\"twitter:label2\" content=\"Tahmini okuma s\u00fcresi\" \/>\n\t<meta name=\"twitter:data2\" content=\"2 dakika\" \/>\n<script type=\"application\/ld+json\" class=\"yoast-schema-graph\">{\"@context\":\"https:\/\/schema.org\",\"@graph\":[{\"@type\":\"Article\",\"@id\":\"https:\/\/emep.org\/es\/10#article\",\"isPartOf\":{\"@id\":\"https:\/\/emep.org\/es\/10\"},\"author\":{\"name\":\"cogbs\",\"@id\":\"https:\/\/emep.org\/es\/#\/schema\/person\/2de7e62bd3cb0bafdbe6b129009be3d0\"},\"headline\":\"Abrazamos y nos solidarizamos con la huelga de los obreros del metal*\",\"datePublished\":\"2014-01-30T15:12:06+00:00\",\"mainEntityOfPage\":{\"@id\":\"https:\/\/emep.org\/es\/10\"},\"wordCount\":406,\"image\":{\"@id\":\"https:\/\/emep.org\/es\/10#primaryimage\"},\"thumbnailUrl\":\"https:\/\/emep.org\/es\/wp-content\/uploads\/2014\/01\/metal.jpg\",\"articleSection\":[\"espanol\"],\"inLanguage\":\"tr\"},{\"@type\":\"WebPage\",\"@id\":\"https:\/\/emep.org\/es\/10\",\"url\":\"https:\/\/emep.org\/es\/10\",\"name\":\"Abrazamos y nos solidarizamos con la huelga de los obreros del metal* - Partido del Trabajo (EMEP)\",\"isPartOf\":{\"@id\":\"https:\/\/emep.org\/es\/#website\"},\"primaryImageOfPage\":{\"@id\":\"https:\/\/emep.org\/es\/10#primaryimage\"},\"image\":{\"@id\":\"https:\/\/emep.org\/es\/10#primaryimage\"},\"thumbnailUrl\":\"https:\/\/emep.org\/es\/wp-content\/uploads\/2014\/01\/metal.jpg\",\"datePublished\":\"2014-01-30T15:12:06+00:00\",\"author\":{\"@id\":\"https:\/\/emep.org\/es\/#\/schema\/person\/2de7e62bd3cb0bafdbe6b129009be3d0\"},\"breadcrumb\":{\"@id\":\"https:\/\/emep.org\/es\/10#breadcrumb\"},\"inLanguage\":\"tr\",\"potentialAction\":[{\"@type\":\"ReadAction\",\"target\":[\"https:\/\/emep.org\/es\/10\"]}]},{\"@type\":\"ImageObject\",\"inLanguage\":\"tr\",\"@id\":\"https:\/\/emep.org\/es\/10#primaryimage\",\"url\":\"https:\/\/emep.org\/es\/wp-content\/uploads\/2014\/01\/metal.jpg\",\"contentUrl\":\"https:\/\/emep.org\/es\/wp-content\/uploads\/2014\/01\/metal.jpg\",\"width\":745,\"height\":483},{\"@type\":\"BreadcrumbList\",\"@id\":\"https:\/\/emep.org\/es\/10#breadcrumb\",\"itemListElement\":[{\"@type\":\"ListItem\",\"position\":1,\"name\":\"Home\",\"item\":\"https:\/\/emep.org\/es\/\"},{\"@type\":\"ListItem\",\"position\":2,\"name\":\"Abrazamos y nos solidarizamos con la huelga de los obreros del metal*\"}]},{\"@type\":\"WebSite\",\"@id\":\"https:\/\/emep.org\/es\/#website\",\"url\":\"https:\/\/emep.org\/es\/\",\"name\":\"Partido del Trabajo (EMEP)\",\"description\":\"\u00a1Trabajadores del mundo, \u00fananse!\",\"potentialAction\":[{\"@type\":\"SearchAction\",\"target\":{\"@type\":\"EntryPoint\",\"urlTemplate\":\"https:\/\/emep.org\/es\/?s={search_term_string}\"},\"query-input\":{\"@type\":\"PropertyValueSpecification\",\"valueRequired\":true,\"valueName\":\"search_term_string\"}}],\"inLanguage\":\"tr\"},{\"@type\":\"Person\",\"@id\":\"https:\/\/emep.org\/es\/#\/schema\/person\/2de7e62bd3cb0bafdbe6b129009be3d0\",\"name\":\"cogbs\",\"sameAs\":[\"https:\/\/emep.org\/es\"],\"url\":\"https:\/\/emep.org\/es\/author\/cogbs\"}]}<\/script>\n<!-- \/ Yoast SEO plugin. -->","yoast_head_json":{"title":"Abrazamos y nos solidarizamos con la huelga de los obreros del metal* - Partido del Trabajo (EMEP)","robots":{"index":"index","follow":"follow","max-snippet":"max-snippet:-1","max-image-preview":"max-image-preview:large","max-video-preview":"max-video-preview:-1"},"canonical":"https:\/\/emep.org\/es\/10","og_locale":"tr_TR","og_type":"article","og_title":"Abrazamos y nos solidarizamos con la huelga de los obreros del metal* - Partido del Trabajo (EMEP)","og_description":"De acuerdo con la decisi\u00f3n del sindicato del Birle\u015fik Metal-\u0130\u015f, las huelgas del metal del 29 de enero y 19 de febrero, tienen una gran importancia cr\u00edtica para la clase obrera, \u00a0para el movimiento de los trabajadores en general y para el funcionamiento de la democracia en Turqu\u00eda. Esta huelga tiene como prop\u00f3sito rechazar el...","og_url":"https:\/\/emep.org\/es\/10","og_site_name":"Partido del Trabajo (EMEP)","article_published_time":"2014-01-30T15:12:06+00:00","og_image":[{"width":745,"height":483,"url":"https:\/\/emep.org\/es\/wp-content\/uploads\/2014\/01\/metal.jpg","type":"image\/jpeg"}],"author":"cogbs","twitter_card":"summary_large_image","twitter_misc":{"Yazan:":"cogbs","Tahmini okuma s\u00fcresi":"2 dakika"},"schema":{"@context":"https:\/\/schema.org","@graph":[{"@type":"Article","@id":"https:\/\/emep.org\/es\/10#article","isPartOf":{"@id":"https:\/\/emep.org\/es\/10"},"author":{"name":"cogbs","@id":"https:\/\/emep.org\/es\/#\/schema\/person\/2de7e62bd3cb0bafdbe6b129009be3d0"},"headline":"Abrazamos y nos solidarizamos con la huelga de los obreros del metal*","datePublished":"2014-01-30T15:12:06+00:00","mainEntityOfPage":{"@id":"https:\/\/emep.org\/es\/10"},"wordCount":406,"image":{"@id":"https:\/\/emep.org\/es\/10#primaryimage"},"thumbnailUrl":"https:\/\/emep.org\/es\/wp-content\/uploads\/2014\/01\/metal.jpg","articleSection":["espanol"],"inLanguage":"tr"},{"@type":"WebPage","@id":"https:\/\/emep.org\/es\/10","url":"https:\/\/emep.org\/es\/10","name":"Abrazamos y nos solidarizamos con la huelga de los obreros del metal* - Partido del Trabajo (EMEP)","isPartOf":{"@id":"https:\/\/emep.org\/es\/#website"},"primaryImageOfPage":{"@id":"https:\/\/emep.org\/es\/10#primaryimage"},"image":{"@id":"https:\/\/emep.org\/es\/10#primaryimage"},"thumbnailUrl":"https:\/\/emep.org\/es\/wp-content\/uploads\/2014\/01\/metal.jpg","datePublished":"2014-01-30T15:12:06+00:00","author":{"@id":"https:\/\/emep.org\/es\/#\/schema\/person\/2de7e62bd3cb0bafdbe6b129009be3d0"},"breadcrumb":{"@id":"https:\/\/emep.org\/es\/10#breadcrumb"},"inLanguage":"tr","potentialAction":[{"@type":"ReadAction","target":["https:\/\/emep.org\/es\/10"]}]},{"@type":"ImageObject","inLanguage":"tr","@id":"https:\/\/emep.org\/es\/10#primaryimage","url":"https:\/\/emep.org\/es\/wp-content\/uploads\/2014\/01\/metal.jpg","contentUrl":"https:\/\/emep.org\/es\/wp-content\/uploads\/2014\/01\/metal.jpg","width":745,"height":483},{"@type":"BreadcrumbList","@id":"https:\/\/emep.org\/es\/10#breadcrumb","itemListElement":[{"@type":"ListItem","position":1,"name":"Home","item":"https:\/\/emep.org\/es\/"},{"@type":"ListItem","position":2,"name":"Abrazamos y nos solidarizamos con la huelga de los obreros del metal*"}]},{"@type":"WebSite","@id":"https:\/\/emep.org\/es\/#website","url":"https:\/\/emep.org\/es\/","name":"Partido del Trabajo (EMEP)","description":"\u00a1Trabajadores del mundo, \u00fananse!","potentialAction":[{"@type":"SearchAction","target":{"@type":"EntryPoint","urlTemplate":"https:\/\/emep.org\/es\/?s={search_term_string}"},"query-input":{"@type":"PropertyValueSpecification","valueRequired":true,"valueName":"search_term_string"}}],"inLanguage":"tr"},{"@type":"Person","@id":"https:\/\/emep.org\/es\/#\/schema\/person\/2de7e62bd3cb0bafdbe6b129009be3d0","name":"cogbs","sameAs":["https:\/\/emep.org\/es"],"url":"https:\/\/emep.org\/es\/author\/cogbs"}]}},"_links":{"self":[{"href":"https:\/\/emep.org\/es\/wp-json\/wp\/v2\/posts\/896","targetHints":{"allow":["GET"]}}],"collection":[{"href":"https:\/\/emep.org\/es\/wp-json\/wp\/v2\/posts"}],"about":[{"href":"https:\/\/emep.org\/es\/wp-json\/wp\/v2\/types\/post"}],"author":[{"embeddable":true,"href":"https:\/\/emep.org\/es\/wp-json\/wp\/v2\/users\/1"}],"replies":[{"embeddable":true,"href":"https:\/\/emep.org\/es\/wp-json\/wp\/v2\/comments?post=896"}],"version-history":[{"count":0,"href":"https:\/\/emep.org\/es\/wp-json\/wp\/v2\/posts\/896\/revisions"}],"wp:featuredmedia":[{"embeddable":true,"href":"https:\/\/emep.org\/es\/wp-json\/wp\/v2\/media\/910"}],"wp:attachment":[{"href":"https:\/\/emep.org\/es\/wp-json\/wp\/v2\/media?parent=896"}],"wp:term":[{"taxonomy":"category","embeddable":true,"href":"https:\/\/emep.org\/es\/wp-json\/wp\/v2\/categories?post=896"},{"taxonomy":"post_tag","embeddable":true,"href":"https:\/\/emep.org\/es\/wp-json\/wp\/v2\/tags?post=896"}],"curies":[{"name":"wp","href":"https:\/\/api.w.org\/{rel}","templated":true}]}}