{"id":898,"date":"2015-06-15T18:17:10","date_gmt":"2015-06-15T15:17:10","guid":{"rendered":"http:\/\/emep.org\/?p=898"},"modified":"2015-06-15T18:17:10","modified_gmt":"2015-06-15T15:17:10","slug":"11","status":"publish","type":"post","link":"https:\/\/emep.org\/es\/11","title":{"rendered":"Erdogan ha perdido, el pueblo ha demolido el umbral electoral"},"content":{"rendered":"<style type=\"text\/css\" data-type=\"vc_cmsms_shortcodes-custom-css\"><\/style><p>Las elecciones celebradas en Turqu\u00eda el pasado 7 de junio, traen importantes y potenciales consecuencias pol\u00edticas para ese pa\u00eds. El partido de la Justicia y Desarrollo AKP, de actual presidente Erdogan, sigue siendo el primer partido con un 40.7% de los votos, que le permiti\u00f3 alcanzar\u00a0 258 esca\u00f1os en la Asamblea, pero no logr\u00f3 alcanzar una mayor\u00eda absoluta. El partido\u00a0 socialdem\u00f3crata CHP, mantuvo su 25% y consigui\u00f3 132 esca\u00f1os. El MHP fascista obtuvo 16.5% de los votos y 80 esca\u00f1os, mientras que el Partido Democr\u00e1tico de los Pueblos HDP, una alianza de fuerzas de izquierda y democr\u00e1ticas de la cual es miembro EMEP, obtuvo 13.1% de los votos y alcanz\u00f3\u00a0 80 esca\u00f1os, de un total de 550 esca\u00f1os con los que cuenta la Asamblea<\/p>\n<p>El umbral del 10%, introducida despu\u00e9s del golpe fascista del 12 de septiembre de 1980 dirigida inicialmente para evitar que los representantes del pueblo kurdo y los trabajadores entren en el parlamento, fue rebasado en estas elecciones.<\/p>\n<p>En las \u00faltimas elecciones del 2011, los candidatos de la alianza de izquierda tuvieron\u00a0 que participar\u00a0 como candidatos independientes para superar el umbral del 10%, alcanzaron el 6,5%\u00a0 de los votos y 35 esca\u00f1os en el parlamento. Cuatro a\u00f1os m\u00e1s tarde, este obst\u00e1culo\u00a0 que los partidos burgueses interpusieron ha sido demolido.<\/p>\n<p>Pero adem\u00e1s de haber rebasado este umbral, fue destruido tambi\u00e9n el sue\u00f1o del presidente Tayyip Erdo\u011fan, l\u00edder del AKP, de establecer una dictadura en Oriente Medio a trav\u00e9s de cambios en la Constituci\u00f3n para el establecimiento de un\u00a0 sistema presidencialista que le hubiera dado mayor poder.<\/p>\n<p>A\u00fan hay que seguir\u00a0 valorando los resultados de esta \u201cdemolici\u00f3n del umbral\u201d, los impactos de estos resultados en el discurso pol\u00edtico en el pa\u00eds y qu\u00e9 tipo de gobierno surgir\u00e1 en los pr\u00f3ximos d\u00edas.<\/p>\n<p>Sin embargo, podemos hacer las siguientes observaciones:<\/p>\n<ul>\n<li>Es evidente que un n\u00famero considerable de personas por primera vez votaron por HDP. Una secci\u00f3n grande de la sociedad reconoci\u00f3 votar por HDP como la \u00fanica manera de detener al AKP y vot\u00f3 en consecuencia. Esto demuestra que el conocimiento pol\u00edtico de los pueblos es m\u00e1s avanzado que el de los partidos y los c\u00edrculos fuera de la clase. Esto es importante, ya que indica la posibilidad de una reestructuraci\u00f3n pol\u00edtica en el pa\u00eds.<\/li>\n<li>El pa\u00eds dijo \u201cno\u201d a la Presidencia Ejecutiva, al arrastre del AKP alrededor de Erdo\u011fan como si fuera su partido personal, a la grandeza del Palacio, al soborno y a la corrupci\u00f3n, a la arrogancia, a la gobernanza arbitraria, a la explotaci\u00f3n-religiosa sectaria y la explotaci\u00f3n de la Kur&#8217;an, a los anhelos personales de dictadura, a los intentos de silenciar a los medios de comunicaci\u00f3n y al comportamiento dictatorial mostrado por Erdo\u011fan.<\/li>\n<li>Este resultado indica las posibilidades de una Turqu\u00eda laica y democr\u00e1tica, las soluciones de las cuesti\u00f3n kurda y Alevi y de ampliar el alcance de las libertades; as\u00ed como la demostraci\u00f3n de la determinaci\u00f3n de los pueblos a luchar contra los sue\u00f1os pol\u00edticos en la l\u00ednea de \u201clos Hermanos Musulmanes\u201d que se orienta a la reconstrucci\u00f3n de la educaci\u00f3n basada en las reglas religiosas, creaci\u00f3n de una juventud religiosa, reconstrucci\u00f3n conservadora de la sociedad.<\/li>\n<li>Este resultado, adem\u00e1s de ser un rotundo no a las pol\u00edticas del AKP en el Medio Oriente, es tambi\u00e9n una derrota para las organizaciones islamistas y los c\u00edrculos que reciben apoyo ideol\u00f3gico, diplom\u00e1tico (y financiero) del gobierno del AKP. Por el contrario, el resultado ha sido una fuente para elevar la moral y la motivaci\u00f3n entre todos los que luchan por un Medio Oriente laico y democr\u00e1tico, contra las fuerzas de la Sharia y el terrorismo religioso en la regi\u00f3n.<\/li>\n<li>Teniendo en cuenta que la dificultad de la aparici\u00f3n de un gobierno de coalici\u00f3n desde este Parlamento es poco probable, las discusiones sobre \u201celecciones anticipadas\u201d en un corto espacio de tiempo parecen inevitables. Las elecciones del 7 de junio han puesto fin a la era del AKP. Aunque es posible intentar coaliciones con otros partidos o de establecer un gobierno en minor\u00eda, el per\u00edodo de poder que podr\u00eda ser nombrado como \u201c\u00e9poca de Erdo\u011fan\u201d o \u201cla era AKP\u201d ya no ser\u00e1 m\u00e1s<\/li>\n<li>Erdogan tendr\u00e1 que conformarse con el sistema presidencial que existe actualmente, o la Presidencia se convertir\u00e1 r\u00e1pidamente en un problema del r\u00e9gimen, del sistema que necesita ser \u201cresuelto\u201d.<\/li>\n<\/ul>\n<p>Turqu\u00eda no es un pa\u00eds de color rosa para los que ganaron la elecci\u00f3n. El AKP y Erdogan, incluso si no est\u00e1n en el gobierno, intentar\u00e1n con todas sus fuerzas continuar ejerciendo su poder a trav\u00e9s de la Presidencia y sus cuadros en el estado. El declive del gobierno del AKP no significa que la parte m\u00e1s dif\u00edcil ha sido superada.<\/p>\n<p>El resumen de las elecciones del 7 de junio es que ha sido unas elecciones en las que Erdogan y el AKP perdi\u00f3 y los pueblos ganaron.<\/p>\n","protected":false},"excerpt":{"rendered":"<p>Las elecciones celebradas en Turqu\u00eda el pasado 7 de junio, traen importantes y potenciales consecuencias pol\u00edticas para ese pa\u00eds. El partido de la Justicia y Desarrollo AKP, de actual presidente Erdogan, sigue siendo el primer partido con un 40.7% de los votos, que le permiti\u00f3 alcanzar\u00a0 258 esca\u00f1os en la Asamblea, pero no logr\u00f3 alcanzar&#8230;<\/p>\n","protected":false},"author":1,"featured_media":899,"comment_status":"closed","ping_status":"open","sticky":false,"template":"","format":"standard","meta":{"footnotes":""},"categories":[33],"tags":[],"class_list":["post-898","post","type-post","status-publish","format-standard","has-post-thumbnail","hentry","category-espanol"],"yoast_head":"<!-- This site is optimized with the Yoast SEO plugin v27.2 - https:\/\/yoast.com\/product\/yoast-seo-wordpress\/ -->\n<title>Erdogan ha perdido, el pueblo ha demolido el umbral electoral - Partido del Trabajo (EMEP)<\/title>\n<meta name=\"robots\" content=\"index, follow, max-snippet:-1, max-image-preview:large, max-video-preview:-1\" \/>\n<link rel=\"canonical\" href=\"https:\/\/emep.org\/es\/11\" \/>\n<meta property=\"og:locale\" content=\"tr_TR\" \/>\n<meta property=\"og:type\" content=\"article\" \/>\n<meta property=\"og:title\" content=\"Erdogan ha perdido, el pueblo ha demolido el umbral electoral - Partido del Trabajo (EMEP)\" \/>\n<meta property=\"og:description\" content=\"Las elecciones celebradas en Turqu\u00eda el pasado 7 de junio, traen importantes y potenciales consecuencias pol\u00edticas para ese pa\u00eds. El partido de la Justicia y Desarrollo AKP, de actual presidente Erdogan, sigue siendo el primer partido con un 40.7% de los votos, que le permiti\u00f3 alcanzar\u00a0 258 esca\u00f1os en la Asamblea, pero no logr\u00f3 alcanzar...\" \/>\n<meta property=\"og:url\" content=\"https:\/\/emep.org\/es\/11\" \/>\n<meta property=\"og:site_name\" content=\"Partido del Trabajo (EMEP)\" \/>\n<meta property=\"article:published_time\" content=\"2015-06-15T15:17:10+00:00\" \/>\n<meta property=\"og:image\" content=\"https:\/\/emep.org\/es\/wp-content\/uploads\/2015\/06\/son-emep2.jpg\" \/>\n\t<meta property=\"og:image:width\" content=\"745\" \/>\n\t<meta property=\"og:image:height\" content=\"483\" \/>\n\t<meta property=\"og:image:type\" content=\"image\/jpeg\" \/>\n<meta name=\"author\" content=\"cogbs\" \/>\n<meta name=\"twitter:card\" content=\"summary_large_image\" \/>\n<meta name=\"twitter:label1\" content=\"Yazan:\" \/>\n\t<meta name=\"twitter:data1\" content=\"cogbs\" \/>\n\t<meta name=\"twitter:label2\" content=\"Tahmini okuma s\u00fcresi\" \/>\n\t<meta name=\"twitter:data2\" content=\"4 dakika\" \/>\n<script type=\"application\/ld+json\" class=\"yoast-schema-graph\">{\"@context\":\"https:\/\/schema.org\",\"@graph\":[{\"@type\":\"Article\",\"@id\":\"https:\/\/emep.org\/es\/11#article\",\"isPartOf\":{\"@id\":\"https:\/\/emep.org\/es\/11\"},\"author\":{\"name\":\"cogbs\",\"@id\":\"https:\/\/emep.org\/es\/#\/schema\/person\/2de7e62bd3cb0bafdbe6b129009be3d0\"},\"headline\":\"Erdogan ha perdido, el pueblo ha demolido el umbral electoral\",\"datePublished\":\"2015-06-15T15:17:10+00:00\",\"mainEntityOfPage\":{\"@id\":\"https:\/\/emep.org\/es\/11\"},\"wordCount\":873,\"image\":{\"@id\":\"https:\/\/emep.org\/es\/11#primaryimage\"},\"thumbnailUrl\":\"https:\/\/emep.org\/es\/wp-content\/uploads\/2015\/06\/son-emep2.jpg\",\"articleSection\":[\"espanol\"],\"inLanguage\":\"tr\"},{\"@type\":\"WebPage\",\"@id\":\"https:\/\/emep.org\/es\/11\",\"url\":\"https:\/\/emep.org\/es\/11\",\"name\":\"Erdogan ha perdido, el pueblo ha demolido el umbral electoral - Partido del Trabajo (EMEP)\",\"isPartOf\":{\"@id\":\"https:\/\/emep.org\/es\/#website\"},\"primaryImageOfPage\":{\"@id\":\"https:\/\/emep.org\/es\/11#primaryimage\"},\"image\":{\"@id\":\"https:\/\/emep.org\/es\/11#primaryimage\"},\"thumbnailUrl\":\"https:\/\/emep.org\/es\/wp-content\/uploads\/2015\/06\/son-emep2.jpg\",\"datePublished\":\"2015-06-15T15:17:10+00:00\",\"author\":{\"@id\":\"https:\/\/emep.org\/es\/#\/schema\/person\/2de7e62bd3cb0bafdbe6b129009be3d0\"},\"breadcrumb\":{\"@id\":\"https:\/\/emep.org\/es\/11#breadcrumb\"},\"inLanguage\":\"tr\",\"potentialAction\":[{\"@type\":\"ReadAction\",\"target\":[\"https:\/\/emep.org\/es\/11\"]}]},{\"@type\":\"ImageObject\",\"inLanguage\":\"tr\",\"@id\":\"https:\/\/emep.org\/es\/11#primaryimage\",\"url\":\"https:\/\/emep.org\/es\/wp-content\/uploads\/2015\/06\/son-emep2.jpg\",\"contentUrl\":\"https:\/\/emep.org\/es\/wp-content\/uploads\/2015\/06\/son-emep2.jpg\",\"width\":745,\"height\":483},{\"@type\":\"BreadcrumbList\",\"@id\":\"https:\/\/emep.org\/es\/11#breadcrumb\",\"itemListElement\":[{\"@type\":\"ListItem\",\"position\":1,\"name\":\"Home\",\"item\":\"https:\/\/emep.org\/es\/\"},{\"@type\":\"ListItem\",\"position\":2,\"name\":\"Erdogan ha perdido, el pueblo ha demolido el umbral electoral\"}]},{\"@type\":\"WebSite\",\"@id\":\"https:\/\/emep.org\/es\/#website\",\"url\":\"https:\/\/emep.org\/es\/\",\"name\":\"Partido del Trabajo (EMEP)\",\"description\":\"\u00a1Trabajadores del mundo, \u00fananse!\",\"potentialAction\":[{\"@type\":\"SearchAction\",\"target\":{\"@type\":\"EntryPoint\",\"urlTemplate\":\"https:\/\/emep.org\/es\/?s={search_term_string}\"},\"query-input\":{\"@type\":\"PropertyValueSpecification\",\"valueRequired\":true,\"valueName\":\"search_term_string\"}}],\"inLanguage\":\"tr\"},{\"@type\":\"Person\",\"@id\":\"https:\/\/emep.org\/es\/#\/schema\/person\/2de7e62bd3cb0bafdbe6b129009be3d0\",\"name\":\"cogbs\",\"sameAs\":[\"https:\/\/emep.org\/es\"],\"url\":\"https:\/\/emep.org\/es\/author\/cogbs\"}]}<\/script>\n<!-- \/ Yoast SEO plugin. -->","yoast_head_json":{"title":"Erdogan ha perdido, el pueblo ha demolido el umbral electoral - Partido del Trabajo (EMEP)","robots":{"index":"index","follow":"follow","max-snippet":"max-snippet:-1","max-image-preview":"max-image-preview:large","max-video-preview":"max-video-preview:-1"},"canonical":"https:\/\/emep.org\/es\/11","og_locale":"tr_TR","og_type":"article","og_title":"Erdogan ha perdido, el pueblo ha demolido el umbral electoral - Partido del Trabajo (EMEP)","og_description":"Las elecciones celebradas en Turqu\u00eda el pasado 7 de junio, traen importantes y potenciales consecuencias pol\u00edticas para ese pa\u00eds. El partido de la Justicia y Desarrollo AKP, de actual presidente Erdogan, sigue siendo el primer partido con un 40.7% de los votos, que le permiti\u00f3 alcanzar\u00a0 258 esca\u00f1os en la Asamblea, pero no logr\u00f3 alcanzar...","og_url":"https:\/\/emep.org\/es\/11","og_site_name":"Partido del Trabajo (EMEP)","article_published_time":"2015-06-15T15:17:10+00:00","og_image":[{"width":745,"height":483,"url":"https:\/\/emep.org\/es\/wp-content\/uploads\/2015\/06\/son-emep2.jpg","type":"image\/jpeg"}],"author":"cogbs","twitter_card":"summary_large_image","twitter_misc":{"Yazan:":"cogbs","Tahmini okuma s\u00fcresi":"4 dakika"},"schema":{"@context":"https:\/\/schema.org","@graph":[{"@type":"Article","@id":"https:\/\/emep.org\/es\/11#article","isPartOf":{"@id":"https:\/\/emep.org\/es\/11"},"author":{"name":"cogbs","@id":"https:\/\/emep.org\/es\/#\/schema\/person\/2de7e62bd3cb0bafdbe6b129009be3d0"},"headline":"Erdogan ha perdido, el pueblo ha demolido el umbral electoral","datePublished":"2015-06-15T15:17:10+00:00","mainEntityOfPage":{"@id":"https:\/\/emep.org\/es\/11"},"wordCount":873,"image":{"@id":"https:\/\/emep.org\/es\/11#primaryimage"},"thumbnailUrl":"https:\/\/emep.org\/es\/wp-content\/uploads\/2015\/06\/son-emep2.jpg","articleSection":["espanol"],"inLanguage":"tr"},{"@type":"WebPage","@id":"https:\/\/emep.org\/es\/11","url":"https:\/\/emep.org\/es\/11","name":"Erdogan ha perdido, el pueblo ha demolido el umbral electoral - Partido del Trabajo (EMEP)","isPartOf":{"@id":"https:\/\/emep.org\/es\/#website"},"primaryImageOfPage":{"@id":"https:\/\/emep.org\/es\/11#primaryimage"},"image":{"@id":"https:\/\/emep.org\/es\/11#primaryimage"},"thumbnailUrl":"https:\/\/emep.org\/es\/wp-content\/uploads\/2015\/06\/son-emep2.jpg","datePublished":"2015-06-15T15:17:10+00:00","author":{"@id":"https:\/\/emep.org\/es\/#\/schema\/person\/2de7e62bd3cb0bafdbe6b129009be3d0"},"breadcrumb":{"@id":"https:\/\/emep.org\/es\/11#breadcrumb"},"inLanguage":"tr","potentialAction":[{"@type":"ReadAction","target":["https:\/\/emep.org\/es\/11"]}]},{"@type":"ImageObject","inLanguage":"tr","@id":"https:\/\/emep.org\/es\/11#primaryimage","url":"https:\/\/emep.org\/es\/wp-content\/uploads\/2015\/06\/son-emep2.jpg","contentUrl":"https:\/\/emep.org\/es\/wp-content\/uploads\/2015\/06\/son-emep2.jpg","width":745,"height":483},{"@type":"BreadcrumbList","@id":"https:\/\/emep.org\/es\/11#breadcrumb","itemListElement":[{"@type":"ListItem","position":1,"name":"Home","item":"https:\/\/emep.org\/es\/"},{"@type":"ListItem","position":2,"name":"Erdogan ha perdido, el pueblo ha demolido el umbral electoral"}]},{"@type":"WebSite","@id":"https:\/\/emep.org\/es\/#website","url":"https:\/\/emep.org\/es\/","name":"Partido del Trabajo (EMEP)","description":"\u00a1Trabajadores del mundo, \u00fananse!","potentialAction":[{"@type":"SearchAction","target":{"@type":"EntryPoint","urlTemplate":"https:\/\/emep.org\/es\/?s={search_term_string}"},"query-input":{"@type":"PropertyValueSpecification","valueRequired":true,"valueName":"search_term_string"}}],"inLanguage":"tr"},{"@type":"Person","@id":"https:\/\/emep.org\/es\/#\/schema\/person\/2de7e62bd3cb0bafdbe6b129009be3d0","name":"cogbs","sameAs":["https:\/\/emep.org\/es"],"url":"https:\/\/emep.org\/es\/author\/cogbs"}]}},"_links":{"self":[{"href":"https:\/\/emep.org\/es\/wp-json\/wp\/v2\/posts\/898","targetHints":{"allow":["GET"]}}],"collection":[{"href":"https:\/\/emep.org\/es\/wp-json\/wp\/v2\/posts"}],"about":[{"href":"https:\/\/emep.org\/es\/wp-json\/wp\/v2\/types\/post"}],"author":[{"embeddable":true,"href":"https:\/\/emep.org\/es\/wp-json\/wp\/v2\/users\/1"}],"replies":[{"embeddable":true,"href":"https:\/\/emep.org\/es\/wp-json\/wp\/v2\/comments?post=898"}],"version-history":[{"count":0,"href":"https:\/\/emep.org\/es\/wp-json\/wp\/v2\/posts\/898\/revisions"}],"wp:featuredmedia":[{"embeddable":true,"href":"https:\/\/emep.org\/es\/wp-json\/wp\/v2\/media\/899"}],"wp:attachment":[{"href":"https:\/\/emep.org\/es\/wp-json\/wp\/v2\/media?parent=898"}],"wp:term":[{"taxonomy":"category","embeddable":true,"href":"https:\/\/emep.org\/es\/wp-json\/wp\/v2\/categories?post=898"},{"taxonomy":"post_tag","embeddable":true,"href":"https:\/\/emep.org\/es\/wp-json\/wp\/v2\/tags?post=898"}],"curies":[{"name":"wp","href":"https:\/\/api.w.org\/{rel}","templated":true}]}}