{"id":944,"date":"2015-04-29T15:10:10","date_gmt":"2015-04-29T12:10:10","guid":{"rendered":"http:\/\/emep.org\/?p=944"},"modified":"2015-04-29T15:10:10","modified_gmt":"2015-04-29T12:10:10","slug":"acuerdo-marco-entre-los-p5-1-e-iran-un-paso-en-el-rediseno-del-mapa","status":"publish","type":"post","link":"https:\/\/emep.org\/es\/acuerdo-marco-entre-los-p5-1-e-iran-un-paso-en-el-rediseno-del-mapa","title":{"rendered":"Acuerdo marco entre los P5 + 1 e Ir\u00e1n: Un paso en el redise\u00f1o del mapa."},"content":{"rendered":"<style type=\"text\/css\" data-type=\"vc_cmsms_shortcodes-custom-css\"><\/style><p><strong>Acuerdo marco entre los P5 + 1<a href=\"#_ftn1\" name=\"_ftnref1\">[1]<\/a> e Ir\u00e1n: Un paso en el redise\u00f1o del mapa.<\/strong><\/p>\n<p>Las conversaciones sobre el programa nuclear iran\u00ed entre Ir\u00e1n y los P5 + 1 (EE.UU., Rusia, Inglaterra, Francia, China y Alemania) concluy\u00f3 el 2 de abril con un \u201cacuerdo marco\u201d. Ambas partes tambi\u00e9n se han puesto de acuerdo sobre un acuerdo final que se firmar\u00e1 el 30 de julio de 2015.<\/p>\n<p>Seg\u00fan el acuerdo, Ir\u00e1n reducir\u00e1 en dos tercios el n\u00famero de centrifugadoras utilizadas para enriquecer uranio y limitar\u00e1 el enriquecimiento a niveles del 3,7%. Ir\u00e1n tambi\u00e9n cerrar\u00e1 una de sus dos plantas nucleares y permitir\u00e1 la supervisi\u00f3n de su programa nuclear por los pa\u00edses occidentales durante los pr\u00f3ximos 25 a\u00f1os.<\/p>\n<p>A cambio, la Uni\u00f3n Europea levantar\u00e1 las sanciones inmediatamente y EE.UU lo har\u00e1 gradualmente.<\/p>\n<p>El acuerdo fue recibido con \u201cj\u00fabilo\u201d en Ir\u00e1n, con \u201crabia\u201d en Israel y con \u201cansiedad\u201d en los pa\u00edses del golfo y Arabia Saud\u00ed. Los pa\u00edses del P5 + 1 han calificado el acuerdo como un \u201cpaso hist\u00f3rico\u201d y un \u201cpaso clave\u201d.<\/p>\n<p>Sin duda, la situaci\u00f3n pol\u00edtico-diplom\u00e1tica creada por el \u201cacuerdo marco\u201d marca un camino que llevar\u00e1 a importantes cambios en la pol\u00edtica de Ir\u00e1n, tanto interior (econ\u00f3mica y diplom\u00e1tica) como exterior, as\u00ed como en las pol\u00edticas imperialistas occidentales en Ir\u00e1n y Oriente Medio de los \u00faltimos 36 a\u00f1os.<\/p>\n<p>El \u201cgobierno reformista\u201d de Ruhani \u2013que obtuvo su mandato tras la victoria electoral sobre Ahmedinejad- abrir\u00e1 una nueva p\u00e1gina en sus relaciones con Occidente, adem\u00e1s de intentar cambiar las condiciones econ\u00f3micas que afectan profundamente a la poblaci\u00f3n iran\u00ed. De ah\u00ed que no ser\u00eda err\u00f3neo decir que se dar\u00e1n pasaos para liberalizar la econom\u00eda mediante decisiones pol\u00edticas neoliberales, en l\u00ednea con el modelo de programa econ\u00f3mico adoptado por Turqu\u00eda despu\u00e9s de la crisis de 2002. Esta tendencia reforzar\u00e1 al gobierno de Ruhani, liberalizar\u00e1 la exprimida econom\u00eda iran\u00ed y, con el levantamiento de las sanciones y el apoyo exterior, introducir\u00e1 pol\u00edticas que har\u00e1n m\u00e1s f\u00e1cil la vida de los iran\u00edes. En resumen, los pasos que sigan al acuerdo llevar\u00e1n a un \u201cbeneficio para ambas partes\u201d, al \u201cdespertar\u201d al mercado iran\u00ed y abrirlo al beneficio Occidental. Por supuesto que por \u201cbeneficio\u201d nos referimos al beneficio de las clases dominantes iran\u00edes y al capital imperialista. Puede parecer que (el acuerdo) alivie a los iran\u00edes que lo celebran en las calles, pero con este acuerdo la explotaci\u00f3n imperialista se incrementar\u00e1 y se prolongar\u00e1 el r\u00e9gimen de los \u201cmulas\u201d<a href=\"#_ftn2\" name=\"_ftnref2\">[2]<\/a>, sentando las bases para la continuaci\u00f3n del r\u00e9gimen. Desde el 2 de abril han surgido muchos debates en relaci\u00f3n al \u201cacuerdo marco\u201d; preguntas sobre \u201c\u00bfqui\u00e9n gan\u00f3 qu\u00e9?\u201d, \u201c\u00bfqui\u00e9n perdi\u00f3 qu\u00e9?\u201d, \u201c\u00bfqu\u00e9 ocurrir\u00e1 ahora?, \u201c\u00bfse puede confiar en Ir\u00e1n?\u201d, etc. son abordadas desde diferentes perspectivas. Parece que estas discusiones continuar\u00e1n hasta el 30 de junio y m\u00e1s all\u00e1, porque los debates tangibles se refieren a \u201cla capacidad nuclear de Ir\u00e1n\u201d y a las inspecciones occidentales, pero, en realidad, el debate es mucho m\u00e1s amplio.<\/p>\n<p>Es por eso que este debate no se puede comprender cabalmente a no ser que se entiendan claramente los estrechos v\u00ednculos entre:<\/p>\n<ol>\n<li>Las actividades del Estado Isl\u00e1mico, Al-Qaeda y las organizaciones terroristas islamistas en Iraq y Sira, las guerras civiles que tambi\u00e9n se han extendido a Yemen, las luchas intestinas en Oriente Medio incluyendo la ofensiva contra Yemen dirigida por Arabia Saud\u00ed con el apoyo activo de Egipto.<\/li>\n<\/ol>\n<ol start=\"2\">\n<li>La posici\u00f3n de Ir\u00e1n en estos acontecimientos, su progresiva influencia en el \u201ccuarto creciente chiita\u201d que se extiende desde Ir\u00e1n hasta el extremo sur de la pen\u00ednsula ar\u00e1biga, su estrecha relaci\u00f3n con Rusia y China hasta el punto de que puede interferir con los planes de occidente en la regi\u00f3n.<\/li>\n<\/ol>\n<ol start=\"3\">\n<li>Los siempre onerosos resultados de las intervenciones occidentales en la regi\u00f3n y el redise\u00f1o de las fronteras regionales, y las determinantes \u00e1reas de actividad de los imperialistas y de las fuerzas reaccionarias en la regi\u00f3n.<\/li>\n<\/ol>\n<p>Pasamos a debatir las dimensiones diplom\u00e1ticas, pol\u00edticas y militares de los problemas derivados del acuerdo, al igual que la inutilidad de la \u201csolitaria\u201d pol\u00edtica exterior turca en el marco de estos acontecimientos<\/p>\n<p><strong>Ila \u201csoledad in\u00fatil\u201d tambi\u00e9n se estrella contra el muro iran\u00ed!<\/strong><\/p>\n<p>Resulta claro que a partir del \u201cacuerdo marco\u201d el gobierno iran\u00ed ha cogido aire en cuanto a su pol\u00edtica regional e interior y para implementar su pol\u00edtica econ\u00f3mica. Dicho esto, los pa\u00edses \u201cdel otro lado\u201d del acuerdo, especialmente EE.UU, Inglaterra, Francia y Alemania han obtenido una gran ventaja en sus planes, que incluyen una nuevo dibujo de las fronteras en la regi\u00f3n. \u00a1Esta ventaja es la normalizaci\u00f3n de sus relaciones con Ir\u00e1n! Esto har\u00e1 m\u00e1s f\u00e1cil su intervenci\u00f3n en la regi\u00f3n al poder ahora comunicarse directamente con Ir\u00e1n y crear la oportunidad de dirigir a Ir\u00e1n contra Arabia Saud\u00ed, Egipto y Turqu\u00eda; todos ellos rivales de Ir\u00e1n en su lucha por el \u201cpoder regional\u201d. Teniendo en cuenta la influencia de Ir\u00e1n entre los chiitas de la regi\u00f3n, y que es una de las partes en los conflictos de Irak, Siria y Yemen, este acuerdo limitar\u00e1 de manera importante cualquier iniciativa de Arabia Saud\u00ed, Turqu\u00eda y Egipto contra el imperialismo occidental.<\/p>\n<p>Teniendo en cuenta las declaraciones pasadas y actuales, al hablar del paso hist\u00f3rico en el contexto regional dado por Ir\u00e1n \u2013el mayor y m\u00e1s antiguo rival de Turqu\u00eda y su vecino m\u00e1s grande en la zona- y los intentos por cambiar las fronteras en la regi\u00f3n, no hemos hablado nada de Turqu\u00eda. No hab\u00eda ninguna necesidad. Esto significa que Turqu\u00eda no va a ser tan importante para occidente a la hora de reorganizar y redise\u00f1ar las fronteras en la regi\u00f3n. Por supuesto, siempre que insista su nueva pol\u00edtica exterior otomana; si como \u201cgran hermano\u201d y \u201cdefensor\u201d contin\u00faa su intervenci\u00f3n en los asuntos internos de los pa\u00edses de la zona; si continua sus juegos con la utilizaci\u00f3n de bandas isl\u00e1micas terroristas en la regi\u00f3n, y si su diplomacia se reduce a las operaciones secretas del MIT.<a href=\"#_ftn3\" name=\"_ftnref3\">[3]<\/a><\/p>\n<p>Estas son las condiciones bajo las que el presidente Erdogan realiz\u00f3 una \u201cvisita de trabajo\u201d de un d\u00eda a Ir\u00e1n para celebrar \u201cel acuerdo marco\u201d.<\/p>\n<p>A su parida hacia Ir\u00e1n, Erdogan no realiz\u00f3 la tradicional declaraci\u00f3n presidencial en el aeropuerto. En una visita en la que iban a debatirse asuntos energ\u00e9ticos y econ\u00f3micos, se declara que la posici\u00f3n de Turqu\u00eda respecto a Yemen ser\u00e1 presentada a Ir\u00e1n directamente por el presidente.<\/p>\n<p>Tambi\u00e9n se sabe que la posici\u00f3n de Turqu\u00eda sobre Yemen no es particularmente del agrado de Ir\u00e1n. De hecho, el apoyo de Turqu\u00eda a los ataques de Saud\u00ed Arabia en Yemen y las incendiarias declaraciones sobre la pol\u00edtica de Ir\u00e1n en Irak, Siria y Yemen que \u201csobrepasan el lenguaje y la cortes\u00eda diplom\u00e1ticas\u201d hab\u00edan causado la reacci\u00f3n de Ir\u00e1n. As\u00ed, 65 parlamentarios iran\u00edes hab\u00edan solicitado al presidente Ruhani que pospusiera o cancelara la visita de Erdogan.<\/p>\n<p>Habr\u00e1 que esperar y ver lo que logre la visita de Erdogan en un momento en que Ir\u00e1n est\u00e1 ganando la batalla moral y en que las relaciones entre los dos pa\u00edses est\u00e1n empeorando. Podemos decir con seguridad que los acontecimientos no favorecer\u00e1n a Turqu\u00eda.<\/p>\n<p>Si miramos a los efectos globales del \u201cacuerdo marco\u201d podemos decir que s\u00ed, que Ir\u00e1n ha triunfado claramente, tambi\u00e9n al conseguir que occidente acepte su posici\u00f3n en la regi\u00f3n. Esto significa que pierden Egipto, Saud\u00ed Arabia y, especialmente, Turqu\u00eda en su lucha por el liderazgo en la regi\u00f3n. Israel tambi\u00e9n est\u00e1 en el lado de los perdedores en esta ocasi\u00f3n. Pero un \u201cacuerdo marco\u201d no significa el fin de una lucha de 36 a\u00f1os contra occidente y una relaci\u00f3n de color de rosa. Las relaciones Ir\u00e1n-Occidente no alcanzar\u00e1n un nivel \u201cnormal\u201d en la regi\u00f3n a corto plazo. Las piezas no comenzar\u00e1n a encajar al menos hasta despu\u00e9s del \u201cacuerdo final\u201d el 30 de junio.<\/p>\n<p>Por lo que respecta a la nueva pol\u00edtica exterior otomana \u2013y los intentos por defenderla ensalz\u00e1ndola como una \u201cDigna soledad\u201d, no pasar\u00e1 mucho tiempo antes de que veamos que no tiene ning\u00fan valor ni siquiera en el marco del nuevo mercado que se crear\u00e1 en Oriente Medio.<\/p>\n<p>Ihsan \u00c7aralan, Miembro del Ejecutivo de EMEP<\/p>\n<p>(Publicado en el diario Evrensel los d\u00edas 7 y 8 de abril de 2015)<\/p>\n<p><a href=\"#_ftnref1\" name=\"_ftn1\">[1]<\/a> Los cinco pa\u00edses que constituyen el Consejo de Seguridad de la ONU (EE.UU, Rusia, Francia, China e Inglaterra) m\u00e1s Alemania. (Nota del traductor)<\/p>\n<p><a href=\"#_ftnref2\" name=\"_ftn2\">[2]<\/a> L\u00edderes religiosos. (Nota del traductor)<\/p>\n<p><a href=\"#_ftnref3\" name=\"_ftn3\">[3]<\/a> Servicio de inteligencia de Turqu\u00eda. (Nota del traductor)<\/p>\n","protected":false},"excerpt":{"rendered":"<p>Acuerdo marco entre los P5 + 1[1] e Ir\u00e1n: Un paso en el redise\u00f1o del mapa. Las conversaciones sobre el programa nuclear iran\u00ed entre Ir\u00e1n y los P5 + 1 (EE.UU., Rusia, Inglaterra, Francia, China y Alemania) concluy\u00f3 el 2 de abril con un \u201cacuerdo marco\u201d. Ambas partes tambi\u00e9n se han puesto de acuerdo sobre&#8230;<\/p>\n","protected":false},"author":1,"featured_media":945,"comment_status":"closed","ping_status":"open","sticky":false,"template":"","format":"standard","meta":{"footnotes":""},"categories":[33],"tags":[],"class_list":["post-944","post","type-post","status-publish","format-standard","has-post-thumbnail","hentry","category-espanol"],"yoast_head":"<!-- This site is optimized with the Yoast SEO plugin v27.2 - https:\/\/yoast.com\/product\/yoast-seo-wordpress\/ -->\n<title>Acuerdo marco entre los P5 + 1 e Ir\u00e1n: Un paso en el redise\u00f1o del mapa. - Partido del Trabajo (EMEP)<\/title>\n<meta name=\"robots\" content=\"index, follow, max-snippet:-1, max-image-preview:large, max-video-preview:-1\" \/>\n<link rel=\"canonical\" href=\"https:\/\/emep.org\/es\/acuerdo-marco-entre-los-p5-1-e-iran-un-paso-en-el-rediseno-del-mapa\" \/>\n<meta property=\"og:locale\" content=\"tr_TR\" \/>\n<meta property=\"og:type\" content=\"article\" \/>\n<meta property=\"og:title\" content=\"Acuerdo marco entre los P5 + 1 e Ir\u00e1n: Un paso en el redise\u00f1o del mapa. - Partido del Trabajo (EMEP)\" \/>\n<meta property=\"og:description\" content=\"Acuerdo marco entre los P5 + 1[1] e Ir\u00e1n: Un paso en el redise\u00f1o del mapa. Las conversaciones sobre el programa nuclear iran\u00ed entre Ir\u00e1n y los P5 + 1 (EE.UU., Rusia, Inglaterra, Francia, China y Alemania) concluy\u00f3 el 2 de abril con un \u201cacuerdo marco\u201d. Ambas partes tambi\u00e9n se han puesto de acuerdo sobre...\" \/>\n<meta property=\"og:url\" content=\"https:\/\/emep.org\/es\/acuerdo-marco-entre-los-p5-1-e-iran-un-paso-en-el-rediseno-del-mapa\" \/>\n<meta property=\"og:site_name\" content=\"Partido del Trabajo (EMEP)\" \/>\n<meta property=\"article:published_time\" content=\"2015-04-29T12:10:10+00:00\" \/>\n<meta property=\"og:image\" content=\"https:\/\/emep.org\/es\/wp-content\/uploads\/2015\/06\/iran_talks_021814.jpg\" \/>\n\t<meta property=\"og:image:width\" content=\"745\" \/>\n\t<meta property=\"og:image:height\" content=\"485\" \/>\n\t<meta property=\"og:image:type\" content=\"image\/jpeg\" \/>\n<meta name=\"author\" content=\"cogbs\" \/>\n<meta name=\"twitter:card\" content=\"summary_large_image\" \/>\n<meta name=\"twitter:label1\" content=\"Yazan:\" \/>\n\t<meta name=\"twitter:data1\" content=\"cogbs\" \/>\n\t<meta name=\"twitter:label2\" content=\"Tahmini okuma s\u00fcresi\" \/>\n\t<meta name=\"twitter:data2\" content=\"8 dakika\" \/>\n<script type=\"application\/ld+json\" class=\"yoast-schema-graph\">{\"@context\":\"https:\/\/schema.org\",\"@graph\":[{\"@type\":\"Article\",\"@id\":\"https:\/\/emep.org\/es\/acuerdo-marco-entre-los-p5-1-e-iran-un-paso-en-el-rediseno-del-mapa#article\",\"isPartOf\":{\"@id\":\"https:\/\/emep.org\/es\/acuerdo-marco-entre-los-p5-1-e-iran-un-paso-en-el-rediseno-del-mapa\"},\"author\":{\"name\":\"cogbs\",\"@id\":\"https:\/\/emep.org\/es\/#\/schema\/person\/2de7e62bd3cb0bafdbe6b129009be3d0\"},\"headline\":\"Acuerdo marco entre los P5 + 1 e Ir\u00e1n: Un paso en el redise\u00f1o del mapa.\",\"datePublished\":\"2015-04-29T12:10:10+00:00\",\"mainEntityOfPage\":{\"@id\":\"https:\/\/emep.org\/es\/acuerdo-marco-entre-los-p5-1-e-iran-un-paso-en-el-rediseno-del-mapa\"},\"wordCount\":1552,\"image\":{\"@id\":\"https:\/\/emep.org\/es\/acuerdo-marco-entre-los-p5-1-e-iran-un-paso-en-el-rediseno-del-mapa#primaryimage\"},\"thumbnailUrl\":\"https:\/\/emep.org\/es\/wp-content\/uploads\/2015\/06\/iran_talks_021814.jpg\",\"articleSection\":[\"espanol\"],\"inLanguage\":\"tr\"},{\"@type\":\"WebPage\",\"@id\":\"https:\/\/emep.org\/es\/acuerdo-marco-entre-los-p5-1-e-iran-un-paso-en-el-rediseno-del-mapa\",\"url\":\"https:\/\/emep.org\/es\/acuerdo-marco-entre-los-p5-1-e-iran-un-paso-en-el-rediseno-del-mapa\",\"name\":\"Acuerdo marco entre los P5 + 1 e Ir\u00e1n: Un paso en el redise\u00f1o del mapa. - Partido del Trabajo (EMEP)\",\"isPartOf\":{\"@id\":\"https:\/\/emep.org\/es\/#website\"},\"primaryImageOfPage\":{\"@id\":\"https:\/\/emep.org\/es\/acuerdo-marco-entre-los-p5-1-e-iran-un-paso-en-el-rediseno-del-mapa#primaryimage\"},\"image\":{\"@id\":\"https:\/\/emep.org\/es\/acuerdo-marco-entre-los-p5-1-e-iran-un-paso-en-el-rediseno-del-mapa#primaryimage\"},\"thumbnailUrl\":\"https:\/\/emep.org\/es\/wp-content\/uploads\/2015\/06\/iran_talks_021814.jpg\",\"datePublished\":\"2015-04-29T12:10:10+00:00\",\"author\":{\"@id\":\"https:\/\/emep.org\/es\/#\/schema\/person\/2de7e62bd3cb0bafdbe6b129009be3d0\"},\"breadcrumb\":{\"@id\":\"https:\/\/emep.org\/es\/acuerdo-marco-entre-los-p5-1-e-iran-un-paso-en-el-rediseno-del-mapa#breadcrumb\"},\"inLanguage\":\"tr\",\"potentialAction\":[{\"@type\":\"ReadAction\",\"target\":[\"https:\/\/emep.org\/es\/acuerdo-marco-entre-los-p5-1-e-iran-un-paso-en-el-rediseno-del-mapa\"]}]},{\"@type\":\"ImageObject\",\"inLanguage\":\"tr\",\"@id\":\"https:\/\/emep.org\/es\/acuerdo-marco-entre-los-p5-1-e-iran-un-paso-en-el-rediseno-del-mapa#primaryimage\",\"url\":\"https:\/\/emep.org\/es\/wp-content\/uploads\/2015\/06\/iran_talks_021814.jpg\",\"contentUrl\":\"https:\/\/emep.org\/es\/wp-content\/uploads\/2015\/06\/iran_talks_021814.jpg\",\"width\":745,\"height\":485},{\"@type\":\"BreadcrumbList\",\"@id\":\"https:\/\/emep.org\/es\/acuerdo-marco-entre-los-p5-1-e-iran-un-paso-en-el-rediseno-del-mapa#breadcrumb\",\"itemListElement\":[{\"@type\":\"ListItem\",\"position\":1,\"name\":\"Home\",\"item\":\"https:\/\/emep.org\/es\/\"},{\"@type\":\"ListItem\",\"position\":2,\"name\":\"Acuerdo marco entre los P5 + 1 e Ir\u00e1n: Un paso en el redise\u00f1o del mapa.\"}]},{\"@type\":\"WebSite\",\"@id\":\"https:\/\/emep.org\/es\/#website\",\"url\":\"https:\/\/emep.org\/es\/\",\"name\":\"Partido del Trabajo (EMEP)\",\"description\":\"\u00a1Trabajadores del mundo, \u00fananse!\",\"potentialAction\":[{\"@type\":\"SearchAction\",\"target\":{\"@type\":\"EntryPoint\",\"urlTemplate\":\"https:\/\/emep.org\/es\/?s={search_term_string}\"},\"query-input\":{\"@type\":\"PropertyValueSpecification\",\"valueRequired\":true,\"valueName\":\"search_term_string\"}}],\"inLanguage\":\"tr\"},{\"@type\":\"Person\",\"@id\":\"https:\/\/emep.org\/es\/#\/schema\/person\/2de7e62bd3cb0bafdbe6b129009be3d0\",\"name\":\"cogbs\",\"sameAs\":[\"https:\/\/emep.org\/es\"],\"url\":\"https:\/\/emep.org\/es\/author\/cogbs\"}]}<\/script>\n<!-- \/ Yoast SEO plugin. -->","yoast_head_json":{"title":"Acuerdo marco entre los P5 + 1 e Ir\u00e1n: Un paso en el redise\u00f1o del mapa. - Partido del Trabajo (EMEP)","robots":{"index":"index","follow":"follow","max-snippet":"max-snippet:-1","max-image-preview":"max-image-preview:large","max-video-preview":"max-video-preview:-1"},"canonical":"https:\/\/emep.org\/es\/acuerdo-marco-entre-los-p5-1-e-iran-un-paso-en-el-rediseno-del-mapa","og_locale":"tr_TR","og_type":"article","og_title":"Acuerdo marco entre los P5 + 1 e Ir\u00e1n: Un paso en el redise\u00f1o del mapa. - Partido del Trabajo (EMEP)","og_description":"Acuerdo marco entre los P5 + 1[1] e Ir\u00e1n: Un paso en el redise\u00f1o del mapa. Las conversaciones sobre el programa nuclear iran\u00ed entre Ir\u00e1n y los P5 + 1 (EE.UU., Rusia, Inglaterra, Francia, China y Alemania) concluy\u00f3 el 2 de abril con un \u201cacuerdo marco\u201d. Ambas partes tambi\u00e9n se han puesto de acuerdo sobre...","og_url":"https:\/\/emep.org\/es\/acuerdo-marco-entre-los-p5-1-e-iran-un-paso-en-el-rediseno-del-mapa","og_site_name":"Partido del Trabajo (EMEP)","article_published_time":"2015-04-29T12:10:10+00:00","og_image":[{"width":745,"height":485,"url":"https:\/\/emep.org\/es\/wp-content\/uploads\/2015\/06\/iran_talks_021814.jpg","type":"image\/jpeg"}],"author":"cogbs","twitter_card":"summary_large_image","twitter_misc":{"Yazan:":"cogbs","Tahmini okuma s\u00fcresi":"8 dakika"},"schema":{"@context":"https:\/\/schema.org","@graph":[{"@type":"Article","@id":"https:\/\/emep.org\/es\/acuerdo-marco-entre-los-p5-1-e-iran-un-paso-en-el-rediseno-del-mapa#article","isPartOf":{"@id":"https:\/\/emep.org\/es\/acuerdo-marco-entre-los-p5-1-e-iran-un-paso-en-el-rediseno-del-mapa"},"author":{"name":"cogbs","@id":"https:\/\/emep.org\/es\/#\/schema\/person\/2de7e62bd3cb0bafdbe6b129009be3d0"},"headline":"Acuerdo marco entre los P5 + 1 e Ir\u00e1n: Un paso en el redise\u00f1o del mapa.","datePublished":"2015-04-29T12:10:10+00:00","mainEntityOfPage":{"@id":"https:\/\/emep.org\/es\/acuerdo-marco-entre-los-p5-1-e-iran-un-paso-en-el-rediseno-del-mapa"},"wordCount":1552,"image":{"@id":"https:\/\/emep.org\/es\/acuerdo-marco-entre-los-p5-1-e-iran-un-paso-en-el-rediseno-del-mapa#primaryimage"},"thumbnailUrl":"https:\/\/emep.org\/es\/wp-content\/uploads\/2015\/06\/iran_talks_021814.jpg","articleSection":["espanol"],"inLanguage":"tr"},{"@type":"WebPage","@id":"https:\/\/emep.org\/es\/acuerdo-marco-entre-los-p5-1-e-iran-un-paso-en-el-rediseno-del-mapa","url":"https:\/\/emep.org\/es\/acuerdo-marco-entre-los-p5-1-e-iran-un-paso-en-el-rediseno-del-mapa","name":"Acuerdo marco entre los P5 + 1 e Ir\u00e1n: Un paso en el redise\u00f1o del mapa. - Partido del Trabajo (EMEP)","isPartOf":{"@id":"https:\/\/emep.org\/es\/#website"},"primaryImageOfPage":{"@id":"https:\/\/emep.org\/es\/acuerdo-marco-entre-los-p5-1-e-iran-un-paso-en-el-rediseno-del-mapa#primaryimage"},"image":{"@id":"https:\/\/emep.org\/es\/acuerdo-marco-entre-los-p5-1-e-iran-un-paso-en-el-rediseno-del-mapa#primaryimage"},"thumbnailUrl":"https:\/\/emep.org\/es\/wp-content\/uploads\/2015\/06\/iran_talks_021814.jpg","datePublished":"2015-04-29T12:10:10+00:00","author":{"@id":"https:\/\/emep.org\/es\/#\/schema\/person\/2de7e62bd3cb0bafdbe6b129009be3d0"},"breadcrumb":{"@id":"https:\/\/emep.org\/es\/acuerdo-marco-entre-los-p5-1-e-iran-un-paso-en-el-rediseno-del-mapa#breadcrumb"},"inLanguage":"tr","potentialAction":[{"@type":"ReadAction","target":["https:\/\/emep.org\/es\/acuerdo-marco-entre-los-p5-1-e-iran-un-paso-en-el-rediseno-del-mapa"]}]},{"@type":"ImageObject","inLanguage":"tr","@id":"https:\/\/emep.org\/es\/acuerdo-marco-entre-los-p5-1-e-iran-un-paso-en-el-rediseno-del-mapa#primaryimage","url":"https:\/\/emep.org\/es\/wp-content\/uploads\/2015\/06\/iran_talks_021814.jpg","contentUrl":"https:\/\/emep.org\/es\/wp-content\/uploads\/2015\/06\/iran_talks_021814.jpg","width":745,"height":485},{"@type":"BreadcrumbList","@id":"https:\/\/emep.org\/es\/acuerdo-marco-entre-los-p5-1-e-iran-un-paso-en-el-rediseno-del-mapa#breadcrumb","itemListElement":[{"@type":"ListItem","position":1,"name":"Home","item":"https:\/\/emep.org\/es\/"},{"@type":"ListItem","position":2,"name":"Acuerdo marco entre los P5 + 1 e Ir\u00e1n: Un paso en el redise\u00f1o del mapa."}]},{"@type":"WebSite","@id":"https:\/\/emep.org\/es\/#website","url":"https:\/\/emep.org\/es\/","name":"Partido del Trabajo (EMEP)","description":"\u00a1Trabajadores del mundo, \u00fananse!","potentialAction":[{"@type":"SearchAction","target":{"@type":"EntryPoint","urlTemplate":"https:\/\/emep.org\/es\/?s={search_term_string}"},"query-input":{"@type":"PropertyValueSpecification","valueRequired":true,"valueName":"search_term_string"}}],"inLanguage":"tr"},{"@type":"Person","@id":"https:\/\/emep.org\/es\/#\/schema\/person\/2de7e62bd3cb0bafdbe6b129009be3d0","name":"cogbs","sameAs":["https:\/\/emep.org\/es"],"url":"https:\/\/emep.org\/es\/author\/cogbs"}]}},"_links":{"self":[{"href":"https:\/\/emep.org\/es\/wp-json\/wp\/v2\/posts\/944","targetHints":{"allow":["GET"]}}],"collection":[{"href":"https:\/\/emep.org\/es\/wp-json\/wp\/v2\/posts"}],"about":[{"href":"https:\/\/emep.org\/es\/wp-json\/wp\/v2\/types\/post"}],"author":[{"embeddable":true,"href":"https:\/\/emep.org\/es\/wp-json\/wp\/v2\/users\/1"}],"replies":[{"embeddable":true,"href":"https:\/\/emep.org\/es\/wp-json\/wp\/v2\/comments?post=944"}],"version-history":[{"count":0,"href":"https:\/\/emep.org\/es\/wp-json\/wp\/v2\/posts\/944\/revisions"}],"wp:featuredmedia":[{"embeddable":true,"href":"https:\/\/emep.org\/es\/wp-json\/wp\/v2\/media\/945"}],"wp:attachment":[{"href":"https:\/\/emep.org\/es\/wp-json\/wp\/v2\/media?parent=944"}],"wp:term":[{"taxonomy":"category","embeddable":true,"href":"https:\/\/emep.org\/es\/wp-json\/wp\/v2\/categories?post=944"},{"taxonomy":"post_tag","embeddable":true,"href":"https:\/\/emep.org\/es\/wp-json\/wp\/v2\/tags?post=944"}],"curies":[{"name":"wp","href":"https:\/\/api.w.org\/{rel}","templated":true}]}}